{"id":4586,"date":"2023-03-07T16:09:39","date_gmt":"2023-03-07T15:09:39","guid":{"rendered":"https:\/\/ent2d.ac-bordeaux.fr\/disciplines\/svt\/?p=4586"},"modified":"2023-03-07T22:18:23","modified_gmt":"2023-03-07T21:18:23","slug":"la-charte-pour-leducation-a-la-culture-et-a-la-citoyennete-numerique","status":"publish","type":"post","link":"https:\/\/ent2d.ac-bordeaux.fr\/disciplines\/svt\/la-charte-pour-leducation-a-la-culture-et-a-la-citoyennete-numerique\/","title":{"rendered":"La Charte pour l\u2019\u00e9ducation \u00e0 la culture et \u00e0 la citoyennet\u00e9 num\u00e9rique"},"content":{"rendered":"\n<p><strong>La Charte pour l&rsquo;\u00e9ducation \u00e0 la culture et \u00e0 la citoyennet\u00e9 num\u00e9rique a \u00e9t\u00e9 pens\u00e9e dans la lign\u00e9e des r\u00e9flexions port\u00e9es ces derni\u00e8res ann\u00e9es par le Conseil de l&rsquo;Europe, le Grenelle de l&rsquo;\u00e9ducation et les \u00c9tats g\u00e9n\u00e9raux du num\u00e9rique pour l&rsquo;\u00e9ducation.<br><\/strong><br>La Charte pour l&rsquo;\u00e9ducation \u00e0 la culture et \u00e0 la citoyennet\u00e9 num\u00e9riques est compos\u00e9e de 14 articles, organis\u00e9s en trois parties :<\/p>\n\n\n\n<ul class=\"wp-block-list\"><li>Faire du num\u00e9rique un espace d&rsquo;\u00e9mancipation et d&rsquo;inclusion\u00a0;<\/li><li>Faire du num\u00e9rique un espace de droit\u00a0;<\/li><li>Faire du num\u00e9rique un espace de vigilance.<\/li><\/ul>\n\n\n\n<div class=\"wp-block-media-text alignwide is-stacked-on-mobile\" style=\"grid-template-columns:15% auto\"><figure class=\"wp-block-media-text__media\"><img decoding=\"async\" src=\"https:\/\/eduscol.education.fr\/sites\/default\/files\/styles\/sc147x208\/public\/2023-02\/screenshot_23.png?itok=TiuQmB05\" alt=\"\" \/><\/figure><div class=\"wp-block-media-text__content\">\n<p> Dans le cadre de l\u2019appropriation de cette Charte, l&rsquo;ensemble des membres de la communaut\u00e9 \u00e9ducative est invit\u00e9 \u00e0 r\u00e9pondre \u00e0 un court questionnaire afin de recueillir les impressions et les besoins de chacune et chacun et permettre ainsi la construction en commun du futur espace de ressources qui sera prochainement associ\u00e9 \u00e0 ce document. <\/p>\n<\/div><\/div>\n\n\n\n<p><a href=\"https:\/\/eduscol.education.fr\/3730\/charte-pour-l-education-la-culture-et-la-citoyennete-numeriques\">Page de pr\u00e9sentation de la Charte pour l\u2019\u00e9ducation \u00e0 la culture et \u00e0 la citoyennet\u00e9 num\u00e9rique<\/a> sur le portail \u00e9duscol.<\/p>\n\n\n\n<div class=\"wp-block-image is-style-default\"><figure class=\"aligncenter size-full is-resized\"><a href=\"https:\/\/eduscol.education.fr\/document\/46839\/download?attachment\" target=\"_blank\" rel=\"noopener\"><img loading=\"lazy\" decoding=\"async\" src=\"https:\/\/ent2d.ac-bordeaux.fr\/disciplines\/svt\/wp-content\/uploads\/sites\/4\/2023\/03\/image-11.png\" alt=\"\" class=\"wp-image-4589\" width=\"333\" height=\"54\" srcset=\"https:\/\/ent2d.ac-bordeaux.fr\/disciplines\/svt\/wp-content\/uploads\/sites\/4\/2023\/03\/image-11.png 333w, https:\/\/ent2d.ac-bordeaux.fr\/disciplines\/svt\/wp-content\/uploads\/sites\/4\/2023\/03\/image-11-300x49.png 300w\" sizes=\"auto, (max-width: 333px) 100vw, 333px\" \/><\/a><\/figure><\/div>\n\n\n\n<h2 class=\"wp-block-heading\" id=\"summary-item-1\">Appel \u00e0 contribution<\/h2>\n\n\n\n<p>Dans le cadre de l\u2019appropriation de cette Charte, l&rsquo;ensemble des membres de la communaut\u00e9 \u00e9ducative est invit\u00e9 \u00e0 r\u00e9pondre \u00e0<strong>&nbsp;un court questionnaire afin de recueillir les impressions et les besoins<\/strong>&nbsp;de chacune et chacun et permettre ainsi la co-construction du futur espace de ressources qui sera prochainement associ\u00e9 \u00e0 ce document.<\/p>\n\n\n\n<p>Votre\u00a0<strong>participation<\/strong>\u00a0est attendue\u00a0<strong>jusqu&rsquo;au 31 mars 2023.<\/strong><\/p>\n\n\n\n<div class=\"wp-block-image is-style-default\"><figure class=\"aligncenter size-full\"><a href=\"https:\/\/ppe.orion.education.fr\/services_men\/itw\/answer\/s\/EpWjEXDQn3\/k\/VMG0LnI\" target=\"_blank\" rel=\"noopener\"><img loading=\"lazy\" decoding=\"async\" width=\"255\" height=\"78\" src=\"https:\/\/ent2d.ac-bordeaux.fr\/disciplines\/svt\/wp-content\/uploads\/sites\/4\/2023\/03\/image-12.png\" alt=\"\" class=\"wp-image-4591\" \/><\/a><\/figure><\/div>\n","protected":false},"excerpt":{"rendered":"<p>La Charte pour l&rsquo;\u00e9ducation \u00e0 la culture et \u00e0 la citoyennet\u00e9 num\u00e9rique a \u00e9t\u00e9 pens\u00e9e dans la lign\u00e9e des r\u00e9flexions port\u00e9es ces derni\u00e8res ann\u00e9es par le Conseil de l&rsquo;Europe, le Grenelle de l&rsquo;\u00e9ducation et les \u00c9tats g\u00e9n\u00e9raux du num\u00e9rique pour l&rsquo;\u00e9ducation.La Charte pour l&rsquo;\u00e9ducation \u00e0 la culture et \u00e0 la citoyennet\u00e9 num\u00e9riques est compos\u00e9e de &hellip; <\/p>\n<p><a class=\"more-link btn\" href=\"https:\/\/ent2d.ac-bordeaux.fr\/disciplines\/svt\/la-charte-pour-leducation-a-la-culture-et-a-la-citoyennete-numerique\/\">Lire la suite<\/a><\/p>\n","protected":false},"author":1615,"featured_media":4593,"comment_status":"open","ping_status":"closed","sticky":false,"template":"","format":"standard","meta":{"footnotes":""},"categories":[19,43,44],"tags":[],"class_list":["post-4586","post","type-post","status-publish","format-standard","has-post-thumbnail","hentry","category-rappel-liste-de-diffusion","category-numerique","category-pedagogie","item-wrap"],"_links":{"self":[{"href":"https:\/\/ent2d.ac-bordeaux.fr\/disciplines\/svt\/wp-json\/wp\/v2\/posts\/4586","targetHints":{"allow":["GET"]}}],"collection":[{"href":"https:\/\/ent2d.ac-bordeaux.fr\/disciplines\/svt\/wp-json\/wp\/v2\/posts"}],"about":[{"href":"https:\/\/ent2d.ac-bordeaux.fr\/disciplines\/svt\/wp-json\/wp\/v2\/types\/post"}],"author":[{"embeddable":true,"href":"https:\/\/ent2d.ac-bordeaux.fr\/disciplines\/svt\/wp-json\/wp\/v2\/users\/1615"}],"replies":[{"embeddable":true,"href":"https:\/\/ent2d.ac-bordeaux.fr\/disciplines\/svt\/wp-json\/wp\/v2\/comments?post=4586"}],"version-history":[{"count":4,"href":"https:\/\/ent2d.ac-bordeaux.fr\/disciplines\/svt\/wp-json\/wp\/v2\/posts\/4586\/revisions"}],"predecessor-version":[{"id":4592,"href":"https:\/\/ent2d.ac-bordeaux.fr\/disciplines\/svt\/wp-json\/wp\/v2\/posts\/4586\/revisions\/4592"}],"wp:featuredmedia":[{"embeddable":true,"href":"https:\/\/ent2d.ac-bordeaux.fr\/disciplines\/svt\/wp-json\/wp\/v2\/media\/4593"}],"wp:attachment":[{"href":"https:\/\/ent2d.ac-bordeaux.fr\/disciplines\/svt\/wp-json\/wp\/v2\/media?parent=4586"}],"wp:term":[{"taxonomy":"category","embeddable":true,"href":"https:\/\/ent2d.ac-bordeaux.fr\/disciplines\/svt\/wp-json\/wp\/v2\/categories?post=4586"},{"taxonomy":"post_tag","embeddable":true,"href":"https:\/\/ent2d.ac-bordeaux.fr\/disciplines\/svt\/wp-json\/wp\/v2\/tags?post=4586"}],"curies":[{"name":"wp","href":"https:\/\/api.w.org\/{rel}","templated":true}]}}