{"id":3780,"date":"2022-09-03T15:21:30","date_gmt":"2022-09-03T14:21:30","guid":{"rendered":"https:\/\/ent2d.ac-bordeaux.fr\/disciplines\/svt\/?p=3780"},"modified":"2023-03-08T11:27:40","modified_gmt":"2023-03-08T10:27:40","slug":"formation-en-ligne-planet-terre-le-sol-les-sols","status":"publish","type":"post","link":"https:\/\/ent2d.ac-bordeaux.fr\/disciplines\/svt\/formation-en-ligne-planet-terre-le-sol-les-sols\/","title":{"rendered":"Formation en ligne Planet-Terre : \u00ab\u00a0Le sol \u2013 Les sols\u00a0\u00bb"},"content":{"rendered":"\n<figure class=\"wp-block-image\"><img decoding=\"async\" src=\"https:\/\/planet-terre.ens-lyon.fr\/PT.jpg\" alt=\"\" \/><\/figure>\n\n\n\n<p class=\"has-medium-font-size\">Le site Planet-Terre propose en 2022 une formation en ligne pour les enseignants intitul\u00e9e \u201cLe sol \u2013 Les sols\u201d, th\u00e9matiques pr\u00e9sente dans les programmes de SVT du coll\u00e8ge, du lyc\u00e9e et des classes pr\u00e9paratoires.<\/p>\n\n\n\n<p class=\"has-medium-font-size\">Cette formation est bas\u00e9e sur des ressources du site Planet-Terre, mais aussi sur des ressources externes.<\/p>\n\n\n\n<p class=\"has-medium-font-size\">Le d\u00e9roul\u00e9 comporte <em>5 \u00e9tapes sur 5 semaines<\/em>. Il est pr\u00e9vu de <em>commencer le jeudi 15 septembre 2022<\/em> afin de boucler la formation aux vacances de Toussaint (pour le calendrier scolaire m\u00e9tropolitain, soit le 21 octobre).<\/p>\n\n\n\n<p class=\"has-medium-font-size\">Plusieurs aspects des sols seront abord\u00e9s : d\u00e9finition, processus, pr\u00e9servation, r\u00f4les, cycles g\u00e9ochimiques, climat, plan\u00e9tologie\u2026<\/p>\n\n\n\n<p class=\"has-medium-font-size\">Pour plus d&rsquo;information sur la formation et les modalit\u00e9s d&rsquo;inscription (une centaine de places ouvertes attribu\u00e9es apr\u00e8s cl\u00f4ture des inscriptions, lundi 12\/09 \u00e0 10h) :<\/p>\n\n\n<h4><a href=\"https:\/\/planet-terre.ens-lyon.fr\/veille\/breves\/formation-sols\">https:\/\/planet-terre.ens-lyon.fr\/veille\/breves\/formation-sols<\/a><\/h4>\n\n\n<p><\/p>\n","protected":false},"excerpt":{"rendered":"<p>Le site Planet-Terre propose en 2022 une formation en ligne pour les enseignants intitul\u00e9e \u201cLe sol \u2013 Les sols\u201d, th\u00e9matiques pr\u00e9sente dans les programmes de SVT du coll\u00e8ge, du lyc\u00e9e et des classes pr\u00e9paratoires. Cette formation est bas\u00e9e sur des ressources du site Planet-Terre, mais aussi sur des ressources externes. Le d\u00e9roul\u00e9 comporte 5 \u00e9tapes &hellip; <\/p>\n<p><a class=\"more-link btn\" href=\"https:\/\/ent2d.ac-bordeaux.fr\/disciplines\/svt\/formation-en-ligne-planet-terre-le-sol-les-sols\/\">Lire la suite<\/a><\/p>\n","protected":false},"author":1615,"featured_media":3784,"comment_status":"closed","ping_status":"closed","sticky":false,"template":"","format":"standard","meta":{"footnotes":""},"categories":[23,19,46],"tags":[],"class_list":["post-3780","post","type-post","status-publish","format-standard","has-post-thumbnail","hentry","category-formation","category-rappel-liste-de-diffusion","category-ressources-scientifiques","item-wrap"],"_links":{"self":[{"href":"https:\/\/ent2d.ac-bordeaux.fr\/disciplines\/svt\/wp-json\/wp\/v2\/posts\/3780","targetHints":{"allow":["GET"]}}],"collection":[{"href":"https:\/\/ent2d.ac-bordeaux.fr\/disciplines\/svt\/wp-json\/wp\/v2\/posts"}],"about":[{"href":"https:\/\/ent2d.ac-bordeaux.fr\/disciplines\/svt\/wp-json\/wp\/v2\/types\/post"}],"author":[{"embeddable":true,"href":"https:\/\/ent2d.ac-bordeaux.fr\/disciplines\/svt\/wp-json\/wp\/v2\/users\/1615"}],"replies":[{"embeddable":true,"href":"https:\/\/ent2d.ac-bordeaux.fr\/disciplines\/svt\/wp-json\/wp\/v2\/comments?post=3780"}],"version-history":[{"count":4,"href":"https:\/\/ent2d.ac-bordeaux.fr\/disciplines\/svt\/wp-json\/wp\/v2\/posts\/3780\/revisions"}],"predecessor-version":[{"id":3789,"href":"https:\/\/ent2d.ac-bordeaux.fr\/disciplines\/svt\/wp-json\/wp\/v2\/posts\/3780\/revisions\/3789"}],"wp:featuredmedia":[{"embeddable":true,"href":"https:\/\/ent2d.ac-bordeaux.fr\/disciplines\/svt\/wp-json\/wp\/v2\/media\/3784"}],"wp:attachment":[{"href":"https:\/\/ent2d.ac-bordeaux.fr\/disciplines\/svt\/wp-json\/wp\/v2\/media?parent=3780"}],"wp:term":[{"taxonomy":"category","embeddable":true,"href":"https:\/\/ent2d.ac-bordeaux.fr\/disciplines\/svt\/wp-json\/wp\/v2\/categories?post=3780"},{"taxonomy":"post_tag","embeddable":true,"href":"https:\/\/ent2d.ac-bordeaux.fr\/disciplines\/svt\/wp-json\/wp\/v2\/tags?post=3780"}],"curies":[{"name":"wp","href":"https:\/\/api.w.org\/{rel}","templated":true}]}}