{"id":7317,"date":"2020-10-30T10:17:59","date_gmt":"2020-10-30T09:17:59","guid":{"rendered":"https:\/\/ent2d.ac-bordeaux.fr\/disciplines\/sti\/?p=7317"},"modified":"2020-10-30T10:19:50","modified_gmt":"2020-10-30T09:19:50","slug":"modalites-et-protocole-sanitaire-pour-la-rentree-du-2-novembre-2020","status":"publish","type":"post","link":"https:\/\/ent2d.ac-bordeaux.fr\/disciplines\/sti\/2020\/10\/30\/modalites-et-protocole-sanitaire-pour-la-rentree-du-2-novembre-2020\/","title":{"rendered":"Modalit\u00e9s et protocole sanitaire pour la rentr\u00e9e du 2 novembre 2020"},"content":{"rendered":"<p style=\"text-align: justify\"><img loading=\"lazy\" decoding=\"async\" class=\"size-full wp-image-7315 alignleft\" src=\"https:\/\/ent2d.ac-bordeaux.fr\/disciplines\/sti\/wp-content\/uploads\/sites\/62\/2020\/10\/Capture-d\u2019e\u0301cran-2020-10-29-a\u0300-16.23.03-e1604049395946.png\" alt=\"\" width=\"300\" height=\"150\" \/>Retrouvez\u00a0<a href=\"https:\/\/www.education.gouv.fr\/rentree-novembre-2020-modalites-pratiques-305467\" target=\"_blank\" rel=\"noopener noreferrer\" data-slimstat=\"5\">les modalit\u00e9s pour la rentr\u00e9e de novembre 2020<\/a>, <a href=\"https:\/\/ent2d.ac-bordeaux.fr\/disciplines\/sti\/wp-content\/uploads\/sites\/62\/2020\/10\/protocole-sanitaire-ann-e-scolaire-2021-2021-71258-2.pdf\" target=\"_blank\" rel=\"noopener noreferrer\">le protocole sanitaire renforc\u00e9<\/a> l<strong>a foire aux questions<\/strong>\u00a0et les\u00a0<strong>fiches pratiques d\u00e9taill\u00e9es\u00a0actualis\u00e9es<\/strong>, mises \u00e0 disposition par le Minist\u00e8re de l\u2019Education Nationale, de la Jeunesse et des Sports qui concernent notamment\u00a0<a href=\"https:\/\/www.education.gouv.fr\/suspicion-ou-confirmation-de-cas-covid-19-ce-qu-il-faut-faire-305730\" target=\"_blank\" rel=\"noopener noreferrer\" data-slimstat=\"5\"><strong>les proc\u00e9dures \u00e0 suivre dans le cas de suspicion ou de confirmation de cas Covid-19<\/strong><\/a>\u00a0dans une \u00e9cole, un coll\u00e8ge ou un lyc\u00e9e.<\/p>\n","protected":false},"excerpt":{"rendered":"<p>Retrouvez\u00a0les modalit\u00e9s pour la rentr\u00e9e de novembre 2020, le protocole sanitaire renforc\u00e9 la foire aux questions\u00a0et les\u00a0fiches pratiques d\u00e9taill\u00e9es\u00a0actualis\u00e9es, mises \u00e0 disposition par le Minist\u00e8re de l\u2019Education Nationale, de la &#8230;<\/p>\n","protected":false},"author":969,"featured_media":7315,"comment_status":"closed","ping_status":"closed","sticky":false,"template":"","format":"standard","meta":{"footnotes":""},"categories":[133],"tags":[],"class_list":["post-7317","post","type-post","status-publish","format-standard","has-post-thumbnail","hentry","category-actualites-generales"],"_links":{"self":[{"href":"https:\/\/ent2d.ac-bordeaux.fr\/disciplines\/sti\/wp-json\/wp\/v2\/posts\/7317","targetHints":{"allow":["GET"]}}],"collection":[{"href":"https:\/\/ent2d.ac-bordeaux.fr\/disciplines\/sti\/wp-json\/wp\/v2\/posts"}],"about":[{"href":"https:\/\/ent2d.ac-bordeaux.fr\/disciplines\/sti\/wp-json\/wp\/v2\/types\/post"}],"author":[{"embeddable":true,"href":"https:\/\/ent2d.ac-bordeaux.fr\/disciplines\/sti\/wp-json\/wp\/v2\/users\/969"}],"replies":[{"embeddable":true,"href":"https:\/\/ent2d.ac-bordeaux.fr\/disciplines\/sti\/wp-json\/wp\/v2\/comments?post=7317"}],"version-history":[{"count":2,"href":"https:\/\/ent2d.ac-bordeaux.fr\/disciplines\/sti\/wp-json\/wp\/v2\/posts\/7317\/revisions"}],"predecessor-version":[{"id":7319,"href":"https:\/\/ent2d.ac-bordeaux.fr\/disciplines\/sti\/wp-json\/wp\/v2\/posts\/7317\/revisions\/7319"}],"wp:featuredmedia":[{"embeddable":true,"href":"https:\/\/ent2d.ac-bordeaux.fr\/disciplines\/sti\/wp-json\/wp\/v2\/media\/7315"}],"wp:attachment":[{"href":"https:\/\/ent2d.ac-bordeaux.fr\/disciplines\/sti\/wp-json\/wp\/v2\/media?parent=7317"}],"wp:term":[{"taxonomy":"category","embeddable":true,"href":"https:\/\/ent2d.ac-bordeaux.fr\/disciplines\/sti\/wp-json\/wp\/v2\/categories?post=7317"},{"taxonomy":"post_tag","embeddable":true,"href":"https:\/\/ent2d.ac-bordeaux.fr\/disciplines\/sti\/wp-json\/wp\/v2\/tags?post=7317"}],"curies":[{"name":"wp","href":"https:\/\/api.w.org\/{rel}","templated":true}]}}