{"id":7172,"date":"2020-03-27T09:19:15","date_gmt":"2020-03-27T08:19:15","guid":{"rendered":"https:\/\/ent2d.ac-bordeaux.fr\/disciplines\/sti\/?p=7172"},"modified":"2020-03-27T09:21:19","modified_gmt":"2020-03-27T08:21:19","slug":"vandemecum-continuite-pedagogique","status":"publish","type":"post","link":"https:\/\/ent2d.ac-bordeaux.fr\/disciplines\/sti\/2020\/03\/27\/vandemecum-continuite-pedagogique\/","title":{"rendered":"Vandemecum continuit\u00e9 p\u00e9dagogique"},"content":{"rendered":"<p><a href=\"https:\/\/www.education.gouv.fr\/sites\/default\/files\/2020-03\/coronavirus-covid-19-vademecum-continuit-p-dagogique-66201.pdf\" target=\"_blank\" rel=\"noopener noreferrer\"><img loading=\"lazy\" decoding=\"async\" class=\"wp-image-11318 size-medium alignleft\" src=\"https:\/\/ent2d.ac-bordeaux.fr\/disciplines\/sti-college\/wp-content\/uploads\/sites\/63\/2020\/03\/Vademecum_Continuit\u00e9_P\u00e9dagigue-209x300.jpg\" alt=\"\" width=\"209\" height=\"300\" \/><\/a><\/p>\n<p style=\"text-align: justify\"><strong>Professeurs, parents, personnels de direction, vous vous posez des questions sur la continuit\u00e9 p\u00e9dagogique\u00a0?<\/strong><\/p>\n<p style=\"text-align: justify\"><strong>Les r\u00e9ponses aux questions les plus fr\u00e9quemment pos\u00e9es sont dans ce\u00a0<a class=\"lien_externe\" href=\"https:\/\/www.education.gouv.fr\/sites\/default\/files\/2020-03\/coronavirus-covid-19-vademecum-continuit-p-dagogique-66201.pdf\" target=\"_blank\" rel=\"noopener noreferrer\">vademecum<\/a>.<\/strong><\/p>\n<p>&nbsp;<\/p>\n<p>En savoir plus sur Eduscol sur les <a href=\"https:\/\/eduscol.education.fr\/cid150633\/principes-pour-continuite-pedagogique.html#lien0\" target=\"_blank\" rel=\"noopener noreferrer\">principes g\u00e9n\u00e9raux de la continuit\u00e9 p\u00e9dagogique<\/a>.<\/p>\n","protected":false},"excerpt":{"rendered":"<p>Professeurs, parents, personnels de direction, vous vous posez des questions sur la continuit\u00e9 p\u00e9dagogique\u00a0? Les r\u00e9ponses aux questions les plus fr\u00e9quemment pos\u00e9es sont dans ce\u00a0vademecum. &nbsp; En savoir plus sur &#8230;<\/p>\n","protected":false},"author":210,"featured_media":7173,"comment_status":"closed","ping_status":"closed","sticky":false,"template":"","format":"standard","meta":{"footnotes":""},"categories":[133,135],"tags":[],"class_list":["post-7172","post","type-post","status-publish","format-standard","has-post-thumbnail","hentry","category-actualites-generales","category-continuite-pedagogique"],"_links":{"self":[{"href":"https:\/\/ent2d.ac-bordeaux.fr\/disciplines\/sti\/wp-json\/wp\/v2\/posts\/7172","targetHints":{"allow":["GET"]}}],"collection":[{"href":"https:\/\/ent2d.ac-bordeaux.fr\/disciplines\/sti\/wp-json\/wp\/v2\/posts"}],"about":[{"href":"https:\/\/ent2d.ac-bordeaux.fr\/disciplines\/sti\/wp-json\/wp\/v2\/types\/post"}],"author":[{"embeddable":true,"href":"https:\/\/ent2d.ac-bordeaux.fr\/disciplines\/sti\/wp-json\/wp\/v2\/users\/210"}],"replies":[{"embeddable":true,"href":"https:\/\/ent2d.ac-bordeaux.fr\/disciplines\/sti\/wp-json\/wp\/v2\/comments?post=7172"}],"version-history":[{"count":2,"href":"https:\/\/ent2d.ac-bordeaux.fr\/disciplines\/sti\/wp-json\/wp\/v2\/posts\/7172\/revisions"}],"predecessor-version":[{"id":7175,"href":"https:\/\/ent2d.ac-bordeaux.fr\/disciplines\/sti\/wp-json\/wp\/v2\/posts\/7172\/revisions\/7175"}],"wp:featuredmedia":[{"embeddable":true,"href":"https:\/\/ent2d.ac-bordeaux.fr\/disciplines\/sti\/wp-json\/wp\/v2\/media\/7173"}],"wp:attachment":[{"href":"https:\/\/ent2d.ac-bordeaux.fr\/disciplines\/sti\/wp-json\/wp\/v2\/media?parent=7172"}],"wp:term":[{"taxonomy":"category","embeddable":true,"href":"https:\/\/ent2d.ac-bordeaux.fr\/disciplines\/sti\/wp-json\/wp\/v2\/categories?post=7172"},{"taxonomy":"post_tag","embeddable":true,"href":"https:\/\/ent2d.ac-bordeaux.fr\/disciplines\/sti\/wp-json\/wp\/v2\/tags?post=7172"}],"curies":[{"name":"wp","href":"https:\/\/api.w.org\/{rel}","templated":true}]}}