{"id":11814,"date":"2025-12-07T10:38:00","date_gmt":"2025-12-07T09:38:00","guid":{"rendered":"https:\/\/ent2d.ac-bordeaux.fr\/disciplines\/sti-lycee\/?p=11814"},"modified":"2026-04-20T17:01:41","modified_gmt":"2026-04-20T15:01:41","slug":"%e2%ad%90deux-journees-de-decouverte-dans-les-laboratoires-du-cnrs","status":"publish","type":"post","link":"https:\/\/ent2d.ac-bordeaux.fr\/disciplines\/sti-lycee\/2025\/12\/07\/%e2%ad%90deux-journees-de-decouverte-dans-les-laboratoires-du-cnrs\/","title":{"rendered":"\u2b50Deux journ\u00e9es de d\u00e9couverte dans les laboratoires du CNRS"},"content":{"rendered":"\n<div class=\"wp-block-media-text is-stacked-on-mobile\" style=\"grid-template-columns:53% auto\"><figure class=\"wp-block-media-text__media\"><a href=\"https:\/\/forms.gle\/HahMioxYswvte7e49\"><img loading=\"lazy\" decoding=\"async\" width=\"1024\" height=\"695\" src=\"https:\/\/ent2d.ac-bordeaux.fr\/disciplines\/sti-lycee\/wp-content\/uploads\/sites\/64\/2025\/12\/Journeesdecouvertes-laboratoires-CNRS1.jpg\" alt=\"\" class=\"wp-image-11815 size-full\" srcset=\"https:\/\/ent2d.ac-bordeaux.fr\/disciplines\/sti-lycee\/wp-content\/uploads\/sites\/64\/2025\/12\/Journeesdecouvertes-laboratoires-CNRS1.jpg 1024w, https:\/\/ent2d.ac-bordeaux.fr\/disciplines\/sti-lycee\/wp-content\/uploads\/sites\/64\/2025\/12\/Journeesdecouvertes-laboratoires-CNRS1-300x204.jpg 300w, https:\/\/ent2d.ac-bordeaux.fr\/disciplines\/sti-lycee\/wp-content\/uploads\/sites\/64\/2025\/12\/Journeesdecouvertes-laboratoires-CNRS1-768x521.jpg 768w\" sizes=\"auto, (max-width: 1024px) 100vw, 1024px\" \/><\/a><\/figure><div class=\"wp-block-media-text__content\">\n<p style=\"font-size:18px;font-style:normal;font-weight:400;line-height:1.3\"><strong>Dans le cadre de l\u2019Ann\u00e9e de l\u2019ing\u00e9nierie, initi\u00e9e par le minist\u00e8re de l\u2019\u00c9ducation nationale en partenariat avec le CNRS et l\u2019Acad\u00e9mie des technologies, deux journ\u00e9es de d\u00e9couverte en laboratoires sont propos\u00e9es aux enseignants de Technologie coll\u00e8ge et de STI au lyc\u00e9e.<\/strong><\/p>\n\n\n\n<p style=\"font-size:18px;font-style:normal;font-weight:400;line-height:1.3\">Cette action vise \u00e0 renforcer les liens entre enseignement technologique et recherche scientifique, tout en soutenant une meilleure connaissance des m\u00e9tiers et formations associ\u00e9s \u00e0 l\u2019ing\u00e9nierie.<\/p>\n\n\n\n<p style=\"font-size:18px;line-height:1.2\">Les visites permettront aux participants de d\u00e9couvrir des domaines de recherche majeurs, de rencontrer des scientifiques et de nourrir leurs pratiques p\u00e9dagogiques en lien avec les r\u00e9f\u00e9rentiels du coll\u00e8ge et du lyc\u00e9e.<\/p>\n<\/div><\/div>\n\n\n\n<h2 class=\"wp-block-heading\"><strong>Dates et lieux<\/strong><\/h2>\n\n\n\n<hr class=\"wp-block-separator has-alpha-channel-opacity is-style-wide\" \/>\n\n\n\n<h2 class=\"wp-block-heading\">\ud83d\udccd Jeudi 15 janvier 2026 \u2013 Pau (9h00 \u2013 16h00)<\/h2>\n\n\n\n<p class=\"has-vivid-red-color has-text-color has-link-color has-medium-font-size wp-elements-a78e3cd4e214ddbccc18c03f5d405fc4\"><strong>Rendez-vous :<\/strong> Amphith\u00e9\u00e2tre E, b\u00e2timent Palassou, campus palois de l\u2019UPPA<br>(Avenue de l\u2019Universit\u00e9, BP 1155, 64013 Pau)<\/p>\n\n\n\n<p><strong>Laboratoires visit\u00e9s :<\/strong><\/p>\n\n\n\n<ul class=\"wp-block-list\">\n<li>Laboratoire des Fluides Complexes et leurs R\u00e9servoirs (LFCR \u2013 IPRA)<\/li>\n\n\n\n<li>Centre d\u2019Imagerie \u00e0 Rayons X (DMEX \u2013 IPRA)<\/li>\n\n\n\n<li>SIAME \/ LaTEP<br><\/li>\n<\/ul>\n\n\n\n<h4 class=\"wp-block-heading\">\ud83d\udd58 Programme pr\u00e9visionnel de la journ\u00e9e<\/h4>\n\n\n\n<p><strong>09h00 \u2013 10h00 | Accueil et pr\u00e9sentations<\/strong><\/p>\n\n\n\n<ul class=\"wp-block-list\">\n<li>Mot de bienvenue de la DR15<\/li>\n\n\n\n<li>Pr\u00e9sentation g\u00e9n\u00e9rale de la F\u00e9d\u00e9ration IPRA \u2013 <em>Peter Moonen<\/em><\/li>\n\n\n\n<li>Focus sur le laboratoire LFCR \u2013 <em>Jean-Paul Callot \/ Guillaume Galliero<\/em><\/li>\n\n\n\n<li>Focus sur le laboratoire SIAME \u2013 <em>Laurent P\u00e9castaing<\/em><\/li>\n<\/ul>\n\n\n\n<p><strong>10h00 \u2013 10h30 | Pause-caf\u00e9<\/strong><\/p>\n\n\n\n<p><strong>10h30 \u2013 12h30 | Pitchs th\u00e9matiques<\/strong><\/p>\n\n\n\n<ul class=\"wp-block-list\">\n<li>Outils d\u2019imagerie et d\u2019auscultation du sous-sol (sismique, sismologie, g\u00e9oradar)<br><em>Guy S\u00e9n\u00e9chal, MC \u2013 IPRA-LFCR<\/em><\/li>\n\n\n\n<li>Du microscopique au macroscopique : applications industrielles<br><em>Guillaume Galliero, PR \u2013 IPRA-LFCR<\/em><\/li>\n\n\n\n<li>B\u00e9ton \u00e0 faible impact environnemental \u00e0 partir de d\u00e9chets de coquillages<br><em>Benjamin Niez, IR \u2013 IPRA-LFCR<\/em><\/li>\n\n\n\n<li>Fracturation et concassage de roches par d\u00e9charges \u00e9lectriques<br><em>Thierry Reess, MC \u2013 IPRA-SIAME<\/em><\/li>\n\n\n\n<li>\u00c9lectroporation de milieux biologiques par champs \u00e9lectriques puls\u00e9s<br><em>Laurent P\u00e9castaing, PR \u2013 IPRA-SIAME<\/em><\/li>\n\n\n\n<li>Optimisation des syst\u00e8mes \u00e9nerg\u00e9tiques<br><em>IPRA-LaTEP<\/em><\/li>\n<\/ul>\n\n\n\n<p><strong>12h30 \u2013 14h00 | D\u00e9jeuner sur place<\/strong><\/p>\n\n\n\n<p><strong>14h00 \u2013 16h00 | Visites \u00ab insolites \u00bb<\/strong><\/p>\n\n\n\n<p>\ud83d\udd39 <strong>Parcours \u201c\u00c9nergie\u201d<\/strong><\/p>\n\n\n\n<ul class=\"wp-block-list\">\n<li>T\u00e9rahertz en g\u00e9osciences \u2013 <em>Federico Sanjuan (IPRA-LFCR)<\/em><\/li>\n\n\n\n<li>Propri\u00e9t\u00e9s thermophysiques des fluides pour l\u2019\u00e9nergie : instrumentation et mesures<br><em>\u00c9quipe PT \u2013 IPRA-LFCR<\/em><\/li>\n\n\n\n<li>Stockage du dioxyde de carbone dans le sous-sol : une solution possible ?<br><em>Peter Moonen \u2013 IPRA-DMEX<\/em><\/li>\n<\/ul>\n\n\n\n<p>\ud83d\udd39 <strong>Parcours \u201cEnvironnement\u201d<\/strong><\/p>\n\n\n\n<ul class=\"wp-block-list\">\n<li>Strat\u00e9gies de r\u00e9duction de l\u2019empreinte carbone<br><em>Peter Moonen \u2013 IPRA-DMEX<\/em><\/li>\n\n\n\n<li>Microalgues et intensification des transferts<br><em>Yves Leguer \u2013 IPRA-SIAME<\/em><\/li>\n\n\n\n<li>Haute tension et simulateur foudre<br><em>Antoine de Ferron &amp; Thomas Maysonnave \u2013 IPRA-SIAME<\/em><\/li>\n<\/ul>\n\n\n\n<hr class=\"wp-block-separator has-alpha-channel-opacity is-style-wide\" \/>\n\n\n\n<ul class=\"wp-block-list\">\n<li class=\"has-medium-font-size\"><strong>Mardi 3 mars 2026 \u2013 Bordeaux (9h30\u201317h00)<\/strong><\/li>\n<\/ul>\n\n\n\n<p class=\"has-vivid-red-color has-text-color has-link-color has-medium-font-size wp-elements-6bdac80ecf3e82dbcb479c270f03ac66\"><strong>Rendez-vous :<\/strong> <strong><u>LaBRI<\/u><\/strong> \u2013&nbsp;<a href=\"https:\/\/secure-web.cisco.com\/1N6YA4UNiY9zNyn0ucYcmz2VbdXUraaEeunQe2hUWi5zn7GTGtx80GMsNUdW-jeUDoCPFeJ-BGmgIMYAn-YlAc39JJgL2Jwv066e7s6bzZCqSl5dv6CmZgmSbXDawYGAQjfK4h5ylsrrUGCxDEuGqwI6Q_6QyIiE3zBSB0-l-ZuEDHwnCPdAq6zJ4pKIMCBQJCVsrg7vTziIeEfORRmIDSK0IaojUQmTCZ4x9yqkndGHs6NcZuIOmMwQy704DcCPsdt6wDxt3RX5ZC-TmfmjOAO6AFgtj8C1_xIfPL9WcYM-loUqIYPPCHUr_hykqto1VUHTqEbiTRr8snJr6xBoDalkEfoIl1L8oaVgi09LY9qo15lh6o-z2IpjUx0ZRZ8Uph-Q0aw7BQSC7jj159v7I4FbyFAf4qNctzMkaqkTSq6x012UPMg_urwnTCrRpzvT8hjiGdwglsGW0yn7R_RcPj_2-l-m_2GBrXZh2ydBzApWxXHDq1EWt9AuRxU8La8-H\/https%3A%2F%2Fwww.google.com%2Furl%3Fsa%3Dt%26source%3Dweb%26rct%3Dj%26opi%3D89978449%26url%3D%2Fmaps%2Fplace%2F%2Fdata%253D%214m2%213m1%211s0xd55277933502067%3A0x1c82dc2e1bf1a2f%253Fsa%253DX%2526ved%253D1t%3A8290%2526ictx%253D111%26ved%3D2ahUKEwitldO6gqmSAxVcVKQEHdugHjUQ4kB6BAgmEAM%26usg%3DAOvVaw0X5__gAdcDwYPoCGRBuVNX\">Domaine universitaire, 351 Cr de la Lib\u00e9ration, 33405 Talence<\/a>.<\/p>\n\n\n\n<p class=\"has-vivid-red-color has-text-color has-link-color has-medium-font-size wp-elements-acf814b50cbecb767aa6cb9126dd893e\">Pour la pause d\u00e9jeuner, aucun lieu n\u2019a \u00e9t\u00e9 r\u00e9serv\u00e9. Les participants seront autonome sur ce temps.<\/p>\n\n\n\n<p class=\"has-medium-font-size\"><strong>Laboratoires visit\u00e9s :<\/strong><\/p>\n\n\n\n<ul class=\"wp-block-list\">\n<li class=\"has-medium-font-size\">Laboratoire de l\u2019Int\u00e9gration du Mat\u00e9riau au Syst\u00e8me (IMS)<\/li>\n\n\n\n<li class=\"has-medium-font-size\">Institut de M\u00e9canique et d\u2019Ing\u00e9nierie (I2M)<\/li>\n<\/ul>\n\n\n\n<p style=\"font-size:18px;font-style:italic;font-weight:100\">Le programme d\u00e9taill\u00e9 seront prochainement publi\u00e9s sur le site acad\u00e9mique.<\/p>\n\n\n\n<hr class=\"wp-block-separator has-alpha-channel-opacity is-style-wide\" \/>\n\n\n\n<h3 class=\"wp-block-heading\" style=\"font-size:20px;text-decoration:underline\"><strong>Inscriptions jusqu&rsquo;au mercredi 10 d\u00e9cembre \u00e0 8h00<\/strong><\/h3>\n\n\n\n<p>Les enseignants volontaires peuvent s\u2019inscrire via le formulaire en ligne :<br>\ud83d\udc49 <strong><a href=\"https:\/\/forms.gle\/HahMioxYswvte7e49\" target=\"_blank\" rel=\"noreferrer noopener\">https:\/\/forms.gle\/HahMioxYswvte7e49<\/a><\/strong><\/p>\n\n\n\n<p><\/p>\n\n\n\n<p><\/p>\n\n\n\n<p><\/p>\n\n\n\n<p><\/p>\n\n\n\n<p><\/p>\n\n\n\n<h2 class=\"wp-block-heading\">\ud83d\udccd Mardi 3 mars 2026 \u2013 Bordeaux (9h30 \u2013 17h00)<\/h2>\n\n\n\n<p><strong>Rendez-vous :<\/strong><strong><u>LaBRI<\/u><\/strong> &#8211;<a href=\"https:\/\/secure-web.cisco.com\/1N6YA4UNiY9zNyn0ucYcmz2VbdXUraaEeunQe2hUWi5zn7GTGtx80GMsNUdW-jeUDoCPFeJ-BGmgIMYAn-YlAc39JJgL2Jwv066e7s6bzZCqSl5dv6CmZgmSbXDawYGAQjfK4h5ylsrrUGCxDEuGqwI6Q_6QyIiE3zBSB0-l-ZuEDHwnCPdAq6zJ4pKIMCBQJCVsrg7vTziIeEfORRmIDSK0IaojUQmTCZ4x9yqkndGHs6NcZuIOmMwQy704DcCPsdt6wDxt3RX5ZC-TmfmjOAO6AFgtj8C1_xIfPL9WcYM-loUqIYPPCHUr_hykqto1VUHTqEbiTRr8snJr6xBoDalkEfoIl1L8oaVgi09LY9qo15lh6o-z2IpjUx0ZRZ8Uph-Q0aw7BQSC7jj159v7I4FbyFAf4qNctzMkaqkTSq6x012UPMg_urwnTCrRpzvT8hjiGdwglsGW0yn7R_RcPj_2-l-m_2GBrXZh2ydBzApWxXHDq1EWt9AuRxU8La8-H\/https%3A%2F%2Fwww.google.com%2Furl%3Fsa%3Dt%26source%3Dweb%26rct%3Dj%26opi%3D89978449%26url%3D%2Fmaps%2Fplace%2F%2Fdata%253D%214m2%213m1%211s0xd55277933502067%3A0x1c82dc2e1bf1a2f%253Fsa%253DX%2526ved%253D1t%3A8290%2526ictx%253D111%26ved%3D2ahUKEwitldO6gqmSAxVcVKQEHdugHjUQ4kB6BAgmEAM%26usg%3DAOvVaw0X5__gAdcDwYPoCGRBuVNX\">Domaine universitaire, 351 Cr de la Lib\u00e9ration, 33405 Talence<\/a>.<\/p>\n\n\n\n<p>Pour la pause d\u00e9jeuner, aucun lieu n&rsquo;a \u00e9t\u00e9 r\u00e9serv\u00e9. Les participants seront autonome sur ce temps.<\/p>\n\n\n\n<p><strong>Laboratoires visit\u00e9s :<\/strong><\/p>\n\n\n\n<ul class=\"wp-block-list\">\n<li>Laboratoire de l\u2019Int\u00e9gration du Mat\u00e9riau au Syst\u00e8me (IMS)<\/li>\n\n\n\n<li>Institut de M\u00e9canique et d\u2019Ing\u00e9nierie (I2M)<\/li>\n<\/ul>\n\n\n\n<p><strong>Photos de l&rsquo;\u00e9v\u00e9nement :&nbsp;<\/strong><\/p>\n\n\n\n<figure class=\"wp-block-gallery has-nested-images columns-5 is-cropped wp-block-gallery-1 is-layout-flex wp-block-gallery-is-layout-flex\">\n\n\n\n\n\n\n\n\n\n\n\n\n\n\n\n\n\n\n\n\n\n\n\n\n\n\n\n\n\n\n\n\n\n\n\n\n\n\n\n\n\n\n\n\n\n\n\n\n\n\n\n\n\n\n\n\n\n\n\n\n\n\n\n\n\n\n\n\n\n\n\n<\/figure>\n\n\n\n<p><em>Le cr\u00e9dit photo est \u00a9 CNRS Aquitaine<\/em><\/p>\n\n\n\n<p><em>Le cr\u00e9dit photo est \u00a9 Laboratoire IMS<\/em><\/p>\n\n\n\n<h4 class=\"wp-block-heading\">\ud83d\udd58 Programme pr\u00e9visionnel de la journ\u00e9e :<\/h4>\n\n\n\n<figure class=\"wp-block-image\"><a href=\"https:\/\/ent2d.ac-bordeaux.fr\/disciplines\/sti-college\/wp-content\/uploads\/sites\/63\/2026\/02\/Programme-Annee-de-lingenierie-Bordeaux-2.docx\" target=\"_blank\" rel=\"noreferrer noopener\"><img decoding=\"async\" src=\"https:\/\/ent2d.ac-bordeaux.fr\/disciplines\/sti-college\/wp-content\/uploads\/sites\/63\/2025\/12\/Prog-Visite-CnrsBordeaux-206x300.jpg\" alt=\"\" class=\"wp-image-21758\" \/><\/a><\/figure>\n\n\n\n<p><strong>9h00 &#8211; 9h30<\/strong> : accueil des participants et participantes dans l\u2019amphith\u00e9\u00e2tre du LaBRI et pr\u00e9sentation du Laboratoire IMS<\/p>\n\n\n\n<p><strong>9h30 &#8211; 10h30<\/strong> : encha\u00eenement de 4 conf\u00e9rences th\u00e9matiques par les intervenants IMS<\/p>\n\n\n\n<ul class=\"wp-block-list\">\n<li>9h30 &#8211; Alexandrine Gu\u00e9don-Gracia : \u00ab\u00a0Comment la recherche en Fiabilit\u00e9 permet \u00e0 l&rsquo;\u00e9lectronique d&rsquo;\u00eatre durable ?\u00a0\u00bb<\/li>\n\n\n\n<li>9h45 &#8211; Sylvain Chambon : \u00ab Des proc\u00e9d\u00e9s plus propres pour le photovolta\u00efque organique\u00a0\u00bb<\/li>\n\n\n\n<li>10h &#8211; Corinne Dejous : \u00ab Dispositifs \u00e9lectroniques \u00e0 faibles impacts environnementaux\u00a0\u00bb<\/li>\n\n\n\n<li>10h15 &#8211; Jean-Marc Andr\u00e9 : \u00ab\u00a0Recherche en ing\u00e9nierie cognitique\u00a0\u00bb<\/li>\n<\/ul>\n\n\n\n<p><strong>10h30 &#8211; 10h45<\/strong> : pause dans le hall du LaBRI<\/p>\n\n\n\n<p><strong>10h45 &#8211; 11h00<\/strong> : pr\u00e9sentation de l\u2019I2M<\/p>\n\n\n\n<p><strong>11h &#8211; 12h15<\/strong> : encha\u00eenement de 4 conf\u00e9rences th\u00e9matiques par les intervenants I2M<\/p>\n\n\n\n<ul class=\"wp-block-list\">\n<li>11h &#8211; Alain Sommier \u00ab\u00a0De la mesure ponctuelle ou de champs au contr\u00f4le de proc\u00e9d\u00e9s : plateforme CND\/END\u00a0(contr\u00f4les et essais non destructifs) \u00bb<\/li>\n\n\n\n<li>11h20 &#8211; Louise Le Barbenchon \u00ab\u00a0Mat\u00e9riaux architectur\u00e9s pour la protection contre les chocs\u00a0\u00bb<\/li>\n\n\n\n<li>11h40 &#8211; Nicolas Perry \u00ab\u00a0Criticit\u00e9 des mat\u00e9riaux et composants : l&rsquo;Industrie 4.0 au service de l&rsquo;\u00e9conomie circulaire\u00a0\u00bb<\/li>\n\n\n\n<li>12h00 &#8211; Diego BARESCH\u00a0\u00ab\u00a0Manipulation acoustique sans-contact : de nouvelles opportunit\u00e9s pour la caract\u00e9risation micro-m\u00e9canique des mat\u00e9riaux mous et biologiques\u00a0\u00bb<\/li>\n<\/ul>\n\n\n\n<p><strong>12h30 &#8211; 14h00<\/strong> : pause d\u00e9jeuner en autonomie<\/p>\n\n\n\n<p><strong>14h<\/strong> : <strong>d\u00e9but des visites I2M et IMS<\/strong><br>Deux groupes de 15 seront form\u00e9s sur place : Un groupe de 15 pour l&rsquo;I2M et un autre pour l&rsquo;IMS. Chaque groupe ne visitera qu&rsquo;un laboratoire.<\/p>\n\n\n\n<p><strong>IMS<br><\/strong>C\u00f4t\u00e9 IMS, les participants visiteront les plateformes suivantes avec les th\u00e9matiques<br>associ\u00e9es :<\/p>\n\n\n\n<ul class=\"wp-block-list\">\n<li>Atlas : \u00ab\u00a0G\u00e9n\u00e9ration et imagerie Terahertz\u00a0\u00bb par Patrick Mounaix et Fr\u00e9d\u00e9ric Fauquet<\/li>\n\n\n\n<li>ImAgro : \u00ab\u00a0Vision et IA pour l\u2019agriculture\u00a0\u00bb par Florian Ran\u00e7on<\/li>\n\n\n\n<li>Nanocom : \u00ab Caract\u00e9risation de composants et circuits int\u00e9gr\u00e9s\u00a0\u00bb par Magali De Matos<\/li>\n\n\n\n<li>Vivant : \u00ab Explorer\u00a0les interactions ondes\u2013vivant : de la 5G aux applications\u00a0biologiques\u00a0\u00bb par Florence Poulletier de Gannes et Rosa Orlacchio<\/li>\n\n\n\n<li>Cognitique : \u00ab Int\u00e9gration et communication Homme \/ Syst\u00e8mes complexes\u00a0\u00bb\u00a0par Jean-Marc Andr\u00e9 et Th\u00e9odore Letouz\u00e9<\/li>\n<\/ul>\n\n\n\n<p>Les visiteurs seront scind\u00e9s en deux sous-groupes d&rsquo;environ 7 personnes qui suivront le parcours suivant :<\/p>\n\n\n\n<figure class=\"wp-block-table\"><table class=\"has-fixed-layout\"><tbody><tr><td>&nbsp;<\/td><td>Groupe A<\/td><td>Groupe B<\/td><\/tr><tr><td>14h &#8211; 14h30<\/td><td>Nanocom<\/td><td>Atlas<\/td><\/tr><tr><td>14h30 &#8211; 15h<\/td><td>Atlas<\/td><td>Nanocom<\/td><\/tr><tr><td>15h &#8211; 15h30<\/td><td>Imagro<\/td><td>Vivant<\/td><\/tr><tr><td>15h30 &#8211; 16h<\/td><td>Vivant<\/td><td>Imagro<\/td><\/tr><tr><td>16h &#8211; 16h15<\/td><td>D\u00e9placement \u00e0 l\u2019ENSC<\/td><td>D\u00e9placement \u00e0 l\u2019ENSC<\/td><\/tr><tr><td>16h15 &#8211; 16h45<\/td><td>Cognitique<\/td><td>Cognitique<\/td><\/tr><\/tbody><\/table><\/figure>\n\n\n\n<p><strong>I2M<\/strong> (b\u00e2timent A11)&nbsp;:<\/p>\n\n\n\n<ul class=\"wp-block-list\">\n<li>14h &#8211; 14h30\u00a0: \u00ab\u00a0Micromanipulation ultrasonore\u00a0\u00bb par Matthieu Mall\u00e9jac et Diego Baresch)<\/li>\n\n\n\n<li>14h30 &#8211; 15h\u00a0: \u00ab\u00a0CND (contr\u00f4le non destructif) robotis\u00e9 et multi-physique\u00a0\u00bb par Alexis Viel et Michel Castaings, ICNDE\u00a0(plateforme sp\u00e9cialis\u00e9e dans la d\u00e9tection, la localisation et la caract\u00e9risation des d\u00e9fauts ou endommagements, dans les mat\u00e9riaux ou structures)<\/li>\n\n\n\n<li>15h &#8211; 15h30\u00a0: \u00ab\u00a0END\/CND\u00a0(Essais et contr\u00f4les non destructifs) \u00bb par Alain Sommier<\/li>\n\n\n\n<li>15h30 &#8211; 16h\u00a0: \u00ab\u00a0Pr\u00e9sentation de mat\u00e9riaux architectur\u00e9s m\u00e9tal et\/ou polym\u00e8re et naturels\u00a0\u00bb par Louise Le Barbenchon<\/li>\n<\/ul>\n\n\n\n<hr class=\"wp-block-separator has-alpha-channel-opacity\" \/>\n\n\n\n<h2 class=\"wp-block-heading\">\ud83d\udccd Jeudi 15 janvier 2026 \u2013 Pau (9h00 \u2013 16h00)<\/h2>\n\n\n\n<p><strong>Rendez-vous :<\/strong> Amphith\u00e9\u00e2tre E, b\u00e2timent Palassou, campus palois de l\u2019UPPA<br>(Avenue de l\u2019Universit\u00e9, BP 1155, 64013 Pau)<\/p>\n\n\n\n<p><strong>Laboratoires visit\u00e9s :<\/strong><\/p>\n\n\n\n<ul class=\"wp-block-list\">\n<li>Laboratoire des Fluides Complexes et leurs R\u00e9servoirs (LFCR \u2013 IPRA)<\/li>\n\n\n\n<li>Centre d\u2019Imagerie \u00e0 Rayons X (DMEX \u2013 IPRA)<\/li>\n\n\n\n<li>SIAME \/ LaTEP<\/li>\n<\/ul>\n\n\n\n<p><strong>Photos de l&rsquo;\u00e9v\u00e9nement :&nbsp;<\/strong><\/p>\n\n\n\n<figure class=\"wp-block-gallery has-nested-images columns-5 is-cropped wp-block-gallery-2 is-layout-flex wp-block-gallery-is-layout-flex\">\n\n\n\n\n\n\n\n\n\n\n\n\n\n\n\n\n\n\n\n\n\n\n\n\n\n\n\n\n\n\n\n\n\n\n\n\n\n\n\n\n\n\n\n\n\n\n\n\n\n\n\n\n\n\n\n\n\n\n\n\n\n\n\n\n\n\n\n\n\n\n\n<\/figure>\n\n\n\n<p><em>Cr\u00e9dit photos&nbsp;: CNRS Aquitaine<\/em><\/p>\n\n\n\n<h4 class=\"wp-block-heading\">\ud83d\udd58 Programme pr\u00e9visionnel de la journ\u00e9e<\/h4>\n\n\n\n<figure class=\"wp-block-image\"><a href=\"https:\/\/ent2d.ac-bordeaux.fr\/disciplines\/sti-college\/wp-content\/uploads\/sites\/63\/2026\/02\/01-Annee-de-lingenierie-DR15.pdf\" target=\"_blank\" rel=\"noreferrer noopener\"><img decoding=\"async\" src=\"https:\/\/ent2d.ac-bordeaux.fr\/disciplines\/sti-college\/wp-content\/uploads\/sites\/63\/2025\/12\/ProgrammeCNRSPau-Anneedelingenierie.jpg\" alt=\"\" class=\"wp-image-21725\" \/><\/a><\/figure>\n\n\n\n<p><strong>09h00 \u2013 10h00 | Accueil et pr\u00e9sentations<\/strong><\/p>\n\n\n\n<ul class=\"wp-block-list\">\n<li>Mot de bienvenue de la DR15<\/li>\n\n\n\n<li>Pr\u00e9sentation g\u00e9n\u00e9rale de la F\u00e9d\u00e9ration IPRA \u2013 <em>Peter Moonen<\/em><\/li>\n\n\n\n<li>Focus sur le laboratoire LFCR \u2013 <em>Jean-Paul Callot \/ Guillaume Galliero<\/em><\/li>\n\n\n\n<li>Focus sur le laboratoire SIAME \u2013 <em>Laurent P\u00e9castaing<\/em><\/li>\n<\/ul>\n\n\n\n<p><strong>10h00 \u2013 10h30 | Pause-caf\u00e9<\/strong><\/p>\n\n\n\n<p><strong>10h30 \u2013 12h30 | Pitchs th\u00e9matiques<\/strong><\/p>\n\n\n\n<ul class=\"wp-block-list\">\n<li>Outils d\u2019imagerie et d\u2019auscultation du sous-sol (sismique, sismologie, g\u00e9oradar)<br><em>Guy S\u00e9n\u00e9chal, MC \u2013 IPRA-LFCR<\/em><\/li>\n\n\n\n<li>Du microscopique au macroscopique : applications industrielles<br><em>Guillaume Galliero, PR \u2013 IPRA-LFCR<\/em><\/li>\n\n\n\n<li>B\u00e9ton \u00e0 faible impact environnemental \u00e0 partir de d\u00e9chets de coquillages<br><em>Benjamin Niez, IR \u2013 IPRA-LFCR<\/em><\/li>\n\n\n\n<li>Fracturation et concassage de roches par d\u00e9charges \u00e9lectriques<br><em>Thierry Reess, MC \u2013 IPRA-SIAME<\/em><\/li>\n\n\n\n<li>\u00c9lectroporation de milieux biologiques par champs \u00e9lectriques puls\u00e9s<br><em>Laurent P\u00e9castaing, PR \u2013 IPRA-SIAME<\/em><\/li>\n\n\n\n<li>Optimisation des syst\u00e8mes \u00e9nerg\u00e9tiques<br><em>IPRA-LaTEP<\/em><\/li>\n<\/ul>\n\n\n\n<p><strong>12h30 \u2013 14h00 | D\u00e9jeuner sur place<\/strong><\/p>\n\n\n\n<p><strong>14h00 \u2013 16h00 | Visites \u00ab insolites \u00bb<\/strong><\/p>\n\n\n\n<p>\ud83d\udd39 <strong>Parcours \u201c\u00c9nergie\u201d<\/strong><\/p>\n\n\n\n<ul class=\"wp-block-list\">\n<li>T\u00e9rahertz en g\u00e9osciences \u2013 <em>Federico Sanjuan (IPRA-LFCR)<\/em><\/li>\n\n\n\n<li>Propri\u00e9t\u00e9s thermophysiques des fluides pour l\u2019\u00e9nergie : instrumentation et mesures<br><em>\u00c9quipe PT \u2013 IPRA-LFCR<\/em><\/li>\n\n\n\n<li>Stockage du dioxyde de carbone dans le sous-sol : une solution possible ?<br><em>Peter Moonen \u2013 IPRA-DMEX<\/em><\/li>\n<\/ul>\n\n\n\n<p>\ud83d\udd39 <strong>Parcours \u201cEnvironnement\u201d<\/strong><\/p>\n\n\n\n<ul class=\"wp-block-list\">\n<li>Strat\u00e9gies de r\u00e9duction de l\u2019empreinte carbone<br><em>Peter Moonen \u2013 IPRA-DMEX<\/em><\/li>\n\n\n\n<li>Microalgues et intensification des transferts<br><em>Yves Leguer \u2013 IPRA-SIAME<\/em><\/li>\n\n\n\n<li>Haute tension et simulateur foudre<br><em>Antoine de Ferron &amp; Thomas Maysonnave \u2013 IPRA-SIAME<\/em><\/li>\n<\/ul>\n\n\n\n<p><strong>Pr\u00e9sentations propos\u00e9es :<\/strong><\/p>\n\n\n\n<ul class=\"wp-block-list\">\n<li><a href=\"https:\/\/filesender.renater.fr\/?s=download&amp;token=2372887b-96bb-4ce3-969f-21923c1ad92a\" target=\"_blank\" rel=\"noreferrer noopener\">T\u00e9l\u00e9chargement<\/a><\/li>\n<\/ul>\n\n\n\n<hr class=\"wp-block-separator has-alpha-channel-opacity\" \/>\n\n\n\n<h2 class=\"wp-block-heading\">\ud83d\udcdd Inscriptions<\/h2>\n\n\n\n<p>\u23f0 <strong>Inscriptions ouvertes jusqu\u2019au jeudi 18 d\u00e9cembre \u00e0 18h00<\/strong><\/p>\n\n\n\n<p>Les enseignants volontaires peuvent s\u2019inscrire via le formulaire en ligne :<br>\ud83d\udc49 <a href=\"https:\/\/forms.gle\/HahMioxYswvte7e49\">https:\/\/forms.gle\/HahMioxYswvte7e49<\/a><\/p>\n\n\n\n<p><\/p>\n","protected":false},"excerpt":{"rendered":"<p>Dans le cadre de l\u2019Ann\u00e9e de l\u2019ing\u00e9nierie, initi\u00e9e par le minist\u00e8re de l\u2019\u00c9ducation nationale en partenariat avec le CNRS et<\/p>\n","protected":false},"author":222,"featured_media":11815,"comment_status":"closed","ping_status":"closed","sticky":false,"template":"","format":"standard","meta":{"_bbp_topic_count":0,"_bbp_reply_count":0,"_bbp_total_topic_count":0,"_bbp_total_reply_count":0,"_bbp_voice_count":0,"_bbp_anonymous_reply_count":0,"_bbp_topic_count_hidden":0,"_bbp_reply_count_hidden":0,"_bbp_forum_subforum_count":0,"footnotes":""},"categories":[253],"tags":[],"class_list":["post-11814","post","type-post","status-publish","format-standard","has-post-thumbnail","hentry","category-annee-de-lingenierie"],"_links":{"self":[{"href":"https:\/\/ent2d.ac-bordeaux.fr\/disciplines\/sti-lycee\/wp-json\/wp\/v2\/posts\/11814","targetHints":{"allow":["GET"]}}],"collection":[{"href":"https:\/\/ent2d.ac-bordeaux.fr\/disciplines\/sti-lycee\/wp-json\/wp\/v2\/posts"}],"about":[{"href":"https:\/\/ent2d.ac-bordeaux.fr\/disciplines\/sti-lycee\/wp-json\/wp\/v2\/types\/post"}],"author":[{"embeddable":true,"href":"https:\/\/ent2d.ac-bordeaux.fr\/disciplines\/sti-lycee\/wp-json\/wp\/v2\/users\/222"}],"replies":[{"embeddable":true,"href":"https:\/\/ent2d.ac-bordeaux.fr\/disciplines\/sti-lycee\/wp-json\/wp\/v2\/comments?post=11814"}],"version-history":[{"count":6,"href":"https:\/\/ent2d.ac-bordeaux.fr\/disciplines\/sti-lycee\/wp-json\/wp\/v2\/posts\/11814\/revisions"}],"predecessor-version":[{"id":12000,"href":"https:\/\/ent2d.ac-bordeaux.fr\/disciplines\/sti-lycee\/wp-json\/wp\/v2\/posts\/11814\/revisions\/12000"}],"wp:featuredmedia":[{"embeddable":true,"href":"https:\/\/ent2d.ac-bordeaux.fr\/disciplines\/sti-lycee\/wp-json\/wp\/v2\/media\/11815"}],"wp:attachment":[{"href":"https:\/\/ent2d.ac-bordeaux.fr\/disciplines\/sti-lycee\/wp-json\/wp\/v2\/media?parent=11814"}],"wp:term":[{"taxonomy":"category","embeddable":true,"href":"https:\/\/ent2d.ac-bordeaux.fr\/disciplines\/sti-lycee\/wp-json\/wp\/v2\/categories?post=11814"},{"taxonomy":"post_tag","embeddable":true,"href":"https:\/\/ent2d.ac-bordeaux.fr\/disciplines\/sti-lycee\/wp-json\/wp\/v2\/tags?post=11814"}],"curies":[{"name":"wp","href":"https:\/\/api.w.org\/{rel}","templated":true}]}}