{"id":10953,"date":"2025-01-05T10:43:17","date_gmt":"2025-01-05T09:43:17","guid":{"rendered":"https:\/\/ent2d.ac-bordeaux.fr\/disciplines\/sti-lycee\/?p=10953"},"modified":"2025-10-23T09:16:26","modified_gmt":"2025-10-23T07:16:26","slug":"jai-cordees-24-lycee-maine-de-biran-bergerac","status":"publish","type":"post","link":"https:\/\/ent2d.ac-bordeaux.fr\/disciplines\/sti-lycee\/2025\/01\/05\/jai-cordees-24-lycee-maine-de-biran-bergerac\/","title":{"rendered":"JAI &amp; Cord\u00e9es 24 \u2013 Lyc\u00e9e Maine de Biran \u2013 Bergerac"},"content":{"rendered":"<h3><strong><img loading=\"lazy\" decoding=\"async\" class=\"size-full wp-image-10954 alignleft\" src=\"https:\/\/ent2d.ac-bordeaux.fr\/disciplines\/sti-lycee\/wp-content\/uploads\/sites\/64\/2025\/01\/1000023870-1.jpg\" alt=\"\" width=\"225\" height=\"225\" srcset=\"https:\/\/ent2d.ac-bordeaux.fr\/disciplines\/sti-lycee\/wp-content\/uploads\/sites\/64\/2025\/01\/1000023870-1.jpg 225w, https:\/\/ent2d.ac-bordeaux.fr\/disciplines\/sti-lycee\/wp-content\/uploads\/sites\/64\/2025\/01\/1000023870-1-150x150.jpg 150w\" sizes=\"auto, (max-width: 225px) 100vw, 225px\" \/>Les Journ\u00e9es de l&rsquo;Innovation 2025 au Lyc\u00e9e Maine de Biran<\/strong><\/h3>\n<p>Les <strong>13 et 14 f\u00e9vrier 2025<\/strong> , le lyc\u00e9e Maine de Biran de Bergerac accueillera les <strong>Journ\u00e9es de l&rsquo;Innovation<\/strong> , un \u00e9v\u00e9nement collaboratif et cr\u00e9atif r\u00e9unissant des \u00e9l\u00e8ves et enseignants de la ZAP de Bergerac. Ce rendez-vous incontournable mobilisera cinq coll\u00e8ges partenaires : <strong>Eug\u00e8ne Le Roy<\/strong>, <strong>Jacques Pr\u00e9vert<\/strong>, <strong>Henri IV<\/strong>, <strong>Beaumont<\/strong>, et bien s\u00fbr le lyc\u00e9e h\u00f4te.<\/p>\n<p><strong>Une aventure p\u00e9dagogique et technologique :<\/strong><br \/>\nDestin\u00e9es aux \u00e9l\u00e8ves de quatri\u00e8me, ces journ\u00e9es permettront aux participants de relever un d\u00e9fi captivant : <strong>concevoir un syst\u00e8me d&rsquo;\u00e9clairage innovant<\/strong> . Encadr\u00e9s par des lyc\u00e9ens du lyc\u00e9e Maine de Biran, ces coll\u00e9giens travailleront en \u00e9quipes pour transformer une id\u00e9e en un projet concret.<\/p>\n<ul>\n<li><strong>Jour 1 :<\/strong> r\u00e9flexion et d\u00e9finition du concept.<\/li>\n<li><strong>Jour 2 :<\/strong> prototypage, tests et pr\u00e9sentation des r\u00e9alisations.<\/li>\n<\/ul>\n<p>Cet \u00e9v\u00e9nement est une opportunit\u00e9 unique de d\u00e9velopper des comp\u00e9tences techniques, collaboratives et cr\u00e9atives dans un cadre stimulant et bienveillant.<\/p>\n<p>Le rendez-vous est fix\u00e9 les <strong>13 et 14 f\u00e9vrier 2025<\/strong> pour d\u00e9couvrir les id\u00e9es lumineuses de ces jeunes talents !<\/p>\n<p><strong>Contact :<\/strong> Cedric.Facenda@ac-bordeaux.fr et Laure.Martins@ac-bordeaux.fr<\/p>\n<p><strong>Les documents supports de l&rsquo;\u00e9v\u00e9nement<\/strong><\/p>\n<p style=\"text-align: center\"><a href=\"https:\/\/ent2d.ac-bordeaux.fr\/disciplines\/sti-lycee\/wp-content\/uploads\/sites\/64\/2025\/02\/Activite-Mesure-Temperature-Corporelle-ITEC.pdf\" target=\"_blank\" rel=\"noopener\"><img loading=\"lazy\" decoding=\"async\" class=\"alignnone size-medium wp-image-11085\" src=\"https:\/\/ent2d.ac-bordeaux.fr\/disciplines\/sti-lycee\/wp-content\/uploads\/sites\/64\/2025\/01\/MdBpartiemeca-221x300.jpg\" alt=\"\" width=\"221\" height=\"300\" srcset=\"https:\/\/ent2d.ac-bordeaux.fr\/disciplines\/sti-lycee\/wp-content\/uploads\/sites\/64\/2025\/01\/MdBpartiemeca-221x300.jpg 221w, https:\/\/ent2d.ac-bordeaux.fr\/disciplines\/sti-lycee\/wp-content\/uploads\/sites\/64\/2025\/01\/MdBpartiemeca.jpg 654w\" sizes=\"auto, (max-width: 221px) 100vw, 221px\" \/><\/a> <a href=\"https:\/\/ent2d.ac-bordeaux.fr\/disciplines\/sti-lycee\/wp-content\/uploads\/sites\/64\/2025\/02\/Activite-Mesure-Temperature-Corporelle-SIN.pdf\" target=\"_blank\" rel=\"noopener\"><img loading=\"lazy\" decoding=\"async\" class=\"alignnone size-medium wp-image-11087\" src=\"https:\/\/ent2d.ac-bordeaux.fr\/disciplines\/sti-lycee\/wp-content\/uploads\/sites\/64\/2025\/01\/MdBpartieSin-215x300.jpg\" alt=\"\" width=\"215\" height=\"300\" srcset=\"https:\/\/ent2d.ac-bordeaux.fr\/disciplines\/sti-lycee\/wp-content\/uploads\/sites\/64\/2025\/01\/MdBpartieSin-215x300.jpg 215w, https:\/\/ent2d.ac-bordeaux.fr\/disciplines\/sti-lycee\/wp-content\/uploads\/sites\/64\/2025\/01\/MdBpartieSin.jpg 647w\" sizes=\"auto, (max-width: 215px) 100vw, 215px\" \/><\/a><\/p>\n<p><strong>Photos de l&rsquo;\u00e9v\u00e9nement<\/strong><\/p>\n<div id='gallery-1' class='gallery galleryid-10953 gallery-columns-4 gallery-size-medium'><figure class='gallery-item'>\n\t\t\t<div class='gallery-icon landscape'>\n\t\t\t\t<a href='https:\/\/ent2d.ac-bordeaux.fr\/disciplines\/sti-lycee\/2025\/01\/05\/jai-cordees-24-lycee-maine-de-biran-bergerac\/journees-de-linoonvation-zap-bergerac-lycee-maine-de-biran-2025-26\/'><img loading=\"lazy\" decoding=\"async\" width=\"300\" height=\"169\" src=\"https:\/\/ent2d.ac-bordeaux.fr\/disciplines\/sti-lycee\/wp-content\/uploads\/sites\/64\/2025\/01\/Journees-de-linoonvation-Zap-Bergerac-lycee-Maine-de-Biran-2025-26-300x169.jpg\" class=\"attachment-medium size-medium\" alt=\"\" srcset=\"https:\/\/ent2d.ac-bordeaux.fr\/disciplines\/sti-lycee\/wp-content\/uploads\/sites\/64\/2025\/01\/Journees-de-linoonvation-Zap-Bergerac-lycee-Maine-de-Biran-2025-26-300x169.jpg 300w, https:\/\/ent2d.ac-bordeaux.fr\/disciplines\/sti-lycee\/wp-content\/uploads\/sites\/64\/2025\/01\/Journees-de-linoonvation-Zap-Bergerac-lycee-Maine-de-Biran-2025-26-768x432.jpg 768w, https:\/\/ent2d.ac-bordeaux.fr\/disciplines\/sti-lycee\/wp-content\/uploads\/sites\/64\/2025\/01\/Journees-de-linoonvation-Zap-Bergerac-lycee-Maine-de-Biran-2025-26.jpg 1000w\" sizes=\"auto, (max-width: 300px) 100vw, 300px\" \/><\/a>\n\t\t\t<\/div><\/figure><figure class='gallery-item'>\n\t\t\t<div class='gallery-icon portrait'>\n\t\t\t\t<a href='https:\/\/ent2d.ac-bordeaux.fr\/disciplines\/sti-lycee\/2025\/01\/05\/jai-cordees-24-lycee-maine-de-biran-bergerac\/journees-de-linoonvation-zap-bergerac-lycee-maine-de-biran-2025-08\/'><img loading=\"lazy\" decoding=\"async\" width=\"169\" height=\"300\" src=\"https:\/\/ent2d.ac-bordeaux.fr\/disciplines\/sti-lycee\/wp-content\/uploads\/sites\/64\/2025\/01\/Journees-de-linoonvation-Zap-Bergerac-lycee-Maine-de-Biran-2025-08-169x300.jpg\" class=\"attachment-medium size-medium\" alt=\"\" srcset=\"https:\/\/ent2d.ac-bordeaux.fr\/disciplines\/sti-lycee\/wp-content\/uploads\/sites\/64\/2025\/01\/Journees-de-linoonvation-Zap-Bergerac-lycee-Maine-de-Biran-2025-08-169x300.jpg 169w, https:\/\/ent2d.ac-bordeaux.fr\/disciplines\/sti-lycee\/wp-content\/uploads\/sites\/64\/2025\/01\/Journees-de-linoonvation-Zap-Bergerac-lycee-Maine-de-Biran-2025-08.jpg 563w\" sizes=\"auto, (max-width: 169px) 100vw, 169px\" \/><\/a>\n\t\t\t<\/div><\/figure><figure class='gallery-item'>\n\t\t\t<div class='gallery-icon landscape'>\n\t\t\t\t<a href='https:\/\/ent2d.ac-bordeaux.fr\/disciplines\/sti-lycee\/2025\/01\/05\/jai-cordees-24-lycee-maine-de-biran-bergerac\/journees-de-linoonvation-zap-bergerac-lycee-maine-de-biran-2025-34\/'><img loading=\"lazy\" decoding=\"async\" width=\"300\" height=\"169\" src=\"https:\/\/ent2d.ac-bordeaux.fr\/disciplines\/sti-lycee\/wp-content\/uploads\/sites\/64\/2025\/01\/Journees-de-linoonvation-Zap-Bergerac-lycee-Maine-de-Biran-2025-34-300x169.jpg\" class=\"attachment-medium size-medium\" alt=\"\" srcset=\"https:\/\/ent2d.ac-bordeaux.fr\/disciplines\/sti-lycee\/wp-content\/uploads\/sites\/64\/2025\/01\/Journees-de-linoonvation-Zap-Bergerac-lycee-Maine-de-Biran-2025-34-300x169.jpg 300w, https:\/\/ent2d.ac-bordeaux.fr\/disciplines\/sti-lycee\/wp-content\/uploads\/sites\/64\/2025\/01\/Journees-de-linoonvation-Zap-Bergerac-lycee-Maine-de-Biran-2025-34-768x432.jpg 768w, https:\/\/ent2d.ac-bordeaux.fr\/disciplines\/sti-lycee\/wp-content\/uploads\/sites\/64\/2025\/01\/Journees-de-linoonvation-Zap-Bergerac-lycee-Maine-de-Biran-2025-34.jpg 1000w\" sizes=\"auto, (max-width: 300px) 100vw, 300px\" \/><\/a>\n\t\t\t<\/div><\/figure><figure class='gallery-item'>\n\t\t\t<div class='gallery-icon landscape'>\n\t\t\t\t<a href='https:\/\/ent2d.ac-bordeaux.fr\/disciplines\/sti-lycee\/2025\/01\/05\/jai-cordees-24-lycee-maine-de-biran-bergerac\/journees-de-linoonvation-zap-bergerac-lycee-maine-de-biran-2025-35\/'><img loading=\"lazy\" decoding=\"async\" width=\"300\" height=\"169\" src=\"https:\/\/ent2d.ac-bordeaux.fr\/disciplines\/sti-lycee\/wp-content\/uploads\/sites\/64\/2025\/01\/Journees-de-linoonvation-Zap-Bergerac-lycee-Maine-de-Biran-2025-35-300x169.jpg\" class=\"attachment-medium size-medium\" alt=\"\" srcset=\"https:\/\/ent2d.ac-bordeaux.fr\/disciplines\/sti-lycee\/wp-content\/uploads\/sites\/64\/2025\/01\/Journees-de-linoonvation-Zap-Bergerac-lycee-Maine-de-Biran-2025-35-300x169.jpg 300w, https:\/\/ent2d.ac-bordeaux.fr\/disciplines\/sti-lycee\/wp-content\/uploads\/sites\/64\/2025\/01\/Journees-de-linoonvation-Zap-Bergerac-lycee-Maine-de-Biran-2025-35-768x432.jpg 768w, https:\/\/ent2d.ac-bordeaux.fr\/disciplines\/sti-lycee\/wp-content\/uploads\/sites\/64\/2025\/01\/Journees-de-linoonvation-Zap-Bergerac-lycee-Maine-de-Biran-2025-35.jpg 1000w\" sizes=\"auto, (max-width: 300px) 100vw, 300px\" \/><\/a>\n\t\t\t<\/div><\/figure><figure class='gallery-item'>\n\t\t\t<div class='gallery-icon portrait'>\n\t\t\t\t<a href='https:\/\/ent2d.ac-bordeaux.fr\/disciplines\/sti-lycee\/2025\/01\/05\/jai-cordees-24-lycee-maine-de-biran-bergerac\/journees-de-linoonvation-zap-bergerac-lycee-maine-de-biran-2025-09\/'><img loading=\"lazy\" decoding=\"async\" width=\"169\" height=\"300\" src=\"https:\/\/ent2d.ac-bordeaux.fr\/disciplines\/sti-lycee\/wp-content\/uploads\/sites\/64\/2025\/01\/Journees-de-linoonvation-Zap-Bergerac-lycee-Maine-de-Biran-2025-09-169x300.jpg\" class=\"attachment-medium size-medium\" alt=\"\" srcset=\"https:\/\/ent2d.ac-bordeaux.fr\/disciplines\/sti-lycee\/wp-content\/uploads\/sites\/64\/2025\/01\/Journees-de-linoonvation-Zap-Bergerac-lycee-Maine-de-Biran-2025-09-169x300.jpg 169w, https:\/\/ent2d.ac-bordeaux.fr\/disciplines\/sti-lycee\/wp-content\/uploads\/sites\/64\/2025\/01\/Journees-de-linoonvation-Zap-Bergerac-lycee-Maine-de-Biran-2025-09.jpg 563w\" sizes=\"auto, (max-width: 169px) 100vw, 169px\" \/><\/a>\n\t\t\t<\/div><\/figure><figure class='gallery-item'>\n\t\t\t<div class='gallery-icon landscape'>\n\t\t\t\t<a href='https:\/\/ent2d.ac-bordeaux.fr\/disciplines\/sti-lycee\/2025\/01\/05\/jai-cordees-24-lycee-maine-de-biran-bergerac\/journees-de-linoonvation-zap-bergerac-lycee-maine-de-biran-2025-18\/'><img loading=\"lazy\" decoding=\"async\" width=\"300\" height=\"169\" src=\"https:\/\/ent2d.ac-bordeaux.fr\/disciplines\/sti-lycee\/wp-content\/uploads\/sites\/64\/2025\/01\/Journees-de-linoonvation-Zap-Bergerac-lycee-Maine-de-Biran-2025-18-300x169.jpg\" class=\"attachment-medium size-medium\" alt=\"\" srcset=\"https:\/\/ent2d.ac-bordeaux.fr\/disciplines\/sti-lycee\/wp-content\/uploads\/sites\/64\/2025\/01\/Journees-de-linoonvation-Zap-Bergerac-lycee-Maine-de-Biran-2025-18-300x169.jpg 300w, https:\/\/ent2d.ac-bordeaux.fr\/disciplines\/sti-lycee\/wp-content\/uploads\/sites\/64\/2025\/01\/Journees-de-linoonvation-Zap-Bergerac-lycee-Maine-de-Biran-2025-18-768x432.jpg 768w, https:\/\/ent2d.ac-bordeaux.fr\/disciplines\/sti-lycee\/wp-content\/uploads\/sites\/64\/2025\/01\/Journees-de-linoonvation-Zap-Bergerac-lycee-Maine-de-Biran-2025-18.jpg 1000w\" sizes=\"auto, (max-width: 300px) 100vw, 300px\" \/><\/a>\n\t\t\t<\/div><\/figure><figure class='gallery-item'>\n\t\t\t<div class='gallery-icon portrait'>\n\t\t\t\t<a href='https:\/\/ent2d.ac-bordeaux.fr\/disciplines\/sti-lycee\/2025\/01\/05\/jai-cordees-24-lycee-maine-de-biran-bergerac\/journees-de-linoonvation-zap-bergerac-lycee-maine-de-biran-2025-27\/'><img loading=\"lazy\" decoding=\"async\" width=\"169\" height=\"300\" src=\"https:\/\/ent2d.ac-bordeaux.fr\/disciplines\/sti-lycee\/wp-content\/uploads\/sites\/64\/2025\/01\/Journees-de-linoonvation-Zap-Bergerac-lycee-Maine-de-Biran-2025-27-169x300.jpg\" class=\"attachment-medium size-medium\" alt=\"\" srcset=\"https:\/\/ent2d.ac-bordeaux.fr\/disciplines\/sti-lycee\/wp-content\/uploads\/sites\/64\/2025\/01\/Journees-de-linoonvation-Zap-Bergerac-lycee-Maine-de-Biran-2025-27-169x300.jpg 169w, https:\/\/ent2d.ac-bordeaux.fr\/disciplines\/sti-lycee\/wp-content\/uploads\/sites\/64\/2025\/01\/Journees-de-linoonvation-Zap-Bergerac-lycee-Maine-de-Biran-2025-27.jpg 563w\" sizes=\"auto, (max-width: 169px) 100vw, 169px\" \/><\/a>\n\t\t\t<\/div><\/figure><figure class='gallery-item'>\n\t\t\t<div class='gallery-icon landscape'>\n\t\t\t\t<a href='https:\/\/ent2d.ac-bordeaux.fr\/disciplines\/sti-lycee\/2025\/01\/05\/jai-cordees-24-lycee-maine-de-biran-bergerac\/journees-de-linoonvation-zap-bergerac-lycee-maine-de-biran-2025-06\/'><img loading=\"lazy\" decoding=\"async\" width=\"300\" height=\"169\" src=\"https:\/\/ent2d.ac-bordeaux.fr\/disciplines\/sti-lycee\/wp-content\/uploads\/sites\/64\/2025\/01\/Journees-de-linoonvation-Zap-Bergerac-lycee-Maine-de-Biran-2025-06-300x169.jpg\" class=\"attachment-medium size-medium\" alt=\"\" srcset=\"https:\/\/ent2d.ac-bordeaux.fr\/disciplines\/sti-lycee\/wp-content\/uploads\/sites\/64\/2025\/01\/Journees-de-linoonvation-Zap-Bergerac-lycee-Maine-de-Biran-2025-06-300x169.jpg 300w, https:\/\/ent2d.ac-bordeaux.fr\/disciplines\/sti-lycee\/wp-content\/uploads\/sites\/64\/2025\/01\/Journees-de-linoonvation-Zap-Bergerac-lycee-Maine-de-Biran-2025-06-768x432.jpg 768w, https:\/\/ent2d.ac-bordeaux.fr\/disciplines\/sti-lycee\/wp-content\/uploads\/sites\/64\/2025\/01\/Journees-de-linoonvation-Zap-Bergerac-lycee-Maine-de-Biran-2025-06.jpg 1000w\" sizes=\"auto, (max-width: 300px) 100vw, 300px\" \/><\/a>\n\t\t\t<\/div><\/figure><figure class='gallery-item'>\n\t\t\t<div class='gallery-icon landscape'>\n\t\t\t\t<a href='https:\/\/ent2d.ac-bordeaux.fr\/disciplines\/sti-lycee\/2025\/01\/05\/jai-cordees-24-lycee-maine-de-biran-bergerac\/journees-de-linoonvation-zap-bergerac-lycee-maine-de-biran-2025-03\/'><img loading=\"lazy\" decoding=\"async\" width=\"300\" height=\"169\" src=\"https:\/\/ent2d.ac-bordeaux.fr\/disciplines\/sti-lycee\/wp-content\/uploads\/sites\/64\/2025\/01\/Journees-de-linoonvation-Zap-Bergerac-lycee-Maine-de-Biran-2025-03-300x169.jpg\" class=\"attachment-medium size-medium\" alt=\"\" srcset=\"https:\/\/ent2d.ac-bordeaux.fr\/disciplines\/sti-lycee\/wp-content\/uploads\/sites\/64\/2025\/01\/Journees-de-linoonvation-Zap-Bergerac-lycee-Maine-de-Biran-2025-03-300x169.jpg 300w, https:\/\/ent2d.ac-bordeaux.fr\/disciplines\/sti-lycee\/wp-content\/uploads\/sites\/64\/2025\/01\/Journees-de-linoonvation-Zap-Bergerac-lycee-Maine-de-Biran-2025-03-768x432.jpg 768w, https:\/\/ent2d.ac-bordeaux.fr\/disciplines\/sti-lycee\/wp-content\/uploads\/sites\/64\/2025\/01\/Journees-de-linoonvation-Zap-Bergerac-lycee-Maine-de-Biran-2025-03.jpg 1000w\" sizes=\"auto, (max-width: 300px) 100vw, 300px\" \/><\/a>\n\t\t\t<\/div><\/figure><figure class='gallery-item'>\n\t\t\t<div class='gallery-icon landscape'>\n\t\t\t\t<a href='https:\/\/ent2d.ac-bordeaux.fr\/disciplines\/sti-lycee\/2025\/01\/05\/jai-cordees-24-lycee-maine-de-biran-bergerac\/journees-de-linoonvation-zap-bergerac-lycee-maine-de-biran-2025-13\/'><img loading=\"lazy\" decoding=\"async\" width=\"300\" height=\"169\" src=\"https:\/\/ent2d.ac-bordeaux.fr\/disciplines\/sti-lycee\/wp-content\/uploads\/sites\/64\/2025\/01\/Journees-de-linoonvation-Zap-Bergerac-lycee-Maine-de-Biran-2025-13-300x169.jpg\" class=\"attachment-medium size-medium\" alt=\"\" srcset=\"https:\/\/ent2d.ac-bordeaux.fr\/disciplines\/sti-lycee\/wp-content\/uploads\/sites\/64\/2025\/01\/Journees-de-linoonvation-Zap-Bergerac-lycee-Maine-de-Biran-2025-13-300x169.jpg 300w, https:\/\/ent2d.ac-bordeaux.fr\/disciplines\/sti-lycee\/wp-content\/uploads\/sites\/64\/2025\/01\/Journees-de-linoonvation-Zap-Bergerac-lycee-Maine-de-Biran-2025-13-768x432.jpg 768w, https:\/\/ent2d.ac-bordeaux.fr\/disciplines\/sti-lycee\/wp-content\/uploads\/sites\/64\/2025\/01\/Journees-de-linoonvation-Zap-Bergerac-lycee-Maine-de-Biran-2025-13.jpg 1000w\" sizes=\"auto, (max-width: 300px) 100vw, 300px\" \/><\/a>\n\t\t\t<\/div><\/figure><figure class='gallery-item'>\n\t\t\t<div class='gallery-icon landscape'>\n\t\t\t\t<a href='https:\/\/ent2d.ac-bordeaux.fr\/disciplines\/sti-lycee\/2025\/01\/05\/jai-cordees-24-lycee-maine-de-biran-bergerac\/journees-de-linoonvation-zap-bergerac-lycee-maine-de-biran-2025-01\/'><img loading=\"lazy\" decoding=\"async\" width=\"300\" height=\"169\" src=\"https:\/\/ent2d.ac-bordeaux.fr\/disciplines\/sti-lycee\/wp-content\/uploads\/sites\/64\/2025\/01\/Journees-de-linoonvation-Zap-Bergerac-lycee-Maine-de-Biran-2025-01-300x169.jpg\" class=\"attachment-medium size-medium\" alt=\"\" srcset=\"https:\/\/ent2d.ac-bordeaux.fr\/disciplines\/sti-lycee\/wp-content\/uploads\/sites\/64\/2025\/01\/Journees-de-linoonvation-Zap-Bergerac-lycee-Maine-de-Biran-2025-01-300x169.jpg 300w, https:\/\/ent2d.ac-bordeaux.fr\/disciplines\/sti-lycee\/wp-content\/uploads\/sites\/64\/2025\/01\/Journees-de-linoonvation-Zap-Bergerac-lycee-Maine-de-Biran-2025-01-768x432.jpg 768w, https:\/\/ent2d.ac-bordeaux.fr\/disciplines\/sti-lycee\/wp-content\/uploads\/sites\/64\/2025\/01\/Journees-de-linoonvation-Zap-Bergerac-lycee-Maine-de-Biran-2025-01.jpg 1000w\" sizes=\"auto, (max-width: 300px) 100vw, 300px\" \/><\/a>\n\t\t\t<\/div><\/figure><figure class='gallery-item'>\n\t\t\t<div class='gallery-icon landscape'>\n\t\t\t\t<a href='https:\/\/ent2d.ac-bordeaux.fr\/disciplines\/sti-lycee\/2025\/01\/05\/jai-cordees-24-lycee-maine-de-biran-bergerac\/journees-de-linoonvation-zap-bergerac-lycee-maine-de-biran-2025-02\/'><img loading=\"lazy\" decoding=\"async\" width=\"300\" height=\"169\" src=\"https:\/\/ent2d.ac-bordeaux.fr\/disciplines\/sti-lycee\/wp-content\/uploads\/sites\/64\/2025\/01\/Journees-de-linoonvation-Zap-Bergerac-lycee-Maine-de-Biran-2025-02-300x169.jpg\" class=\"attachment-medium size-medium\" alt=\"\" srcset=\"https:\/\/ent2d.ac-bordeaux.fr\/disciplines\/sti-lycee\/wp-content\/uploads\/sites\/64\/2025\/01\/Journees-de-linoonvation-Zap-Bergerac-lycee-Maine-de-Biran-2025-02-300x169.jpg 300w, https:\/\/ent2d.ac-bordeaux.fr\/disciplines\/sti-lycee\/wp-content\/uploads\/sites\/64\/2025\/01\/Journees-de-linoonvation-Zap-Bergerac-lycee-Maine-de-Biran-2025-02-768x432.jpg 768w, https:\/\/ent2d.ac-bordeaux.fr\/disciplines\/sti-lycee\/wp-content\/uploads\/sites\/64\/2025\/01\/Journees-de-linoonvation-Zap-Bergerac-lycee-Maine-de-Biran-2025-02.jpg 1000w\" sizes=\"auto, (max-width: 300px) 100vw, 300px\" \/><\/a>\n\t\t\t<\/div><\/figure><figure class='gallery-item'>\n\t\t\t<div class='gallery-icon landscape'>\n\t\t\t\t<a href='https:\/\/ent2d.ac-bordeaux.fr\/disciplines\/sti-lycee\/2025\/01\/05\/jai-cordees-24-lycee-maine-de-biran-bergerac\/journees-de-linoonvation-zap-bergerac-lycee-maine-de-biran-2025-14\/'><img loading=\"lazy\" decoding=\"async\" width=\"300\" height=\"169\" src=\"https:\/\/ent2d.ac-bordeaux.fr\/disciplines\/sti-lycee\/wp-content\/uploads\/sites\/64\/2025\/01\/Journees-de-linoonvation-Zap-Bergerac-lycee-Maine-de-Biran-2025-14-300x169.jpg\" class=\"attachment-medium size-medium\" alt=\"\" srcset=\"https:\/\/ent2d.ac-bordeaux.fr\/disciplines\/sti-lycee\/wp-content\/uploads\/sites\/64\/2025\/01\/Journees-de-linoonvation-Zap-Bergerac-lycee-Maine-de-Biran-2025-14-300x169.jpg 300w, https:\/\/ent2d.ac-bordeaux.fr\/disciplines\/sti-lycee\/wp-content\/uploads\/sites\/64\/2025\/01\/Journees-de-linoonvation-Zap-Bergerac-lycee-Maine-de-Biran-2025-14-768x432.jpg 768w, https:\/\/ent2d.ac-bordeaux.fr\/disciplines\/sti-lycee\/wp-content\/uploads\/sites\/64\/2025\/01\/Journees-de-linoonvation-Zap-Bergerac-lycee-Maine-de-Biran-2025-14.jpg 1000w\" sizes=\"auto, (max-width: 300px) 100vw, 300px\" \/><\/a>\n\t\t\t<\/div><\/figure><figure class='gallery-item'>\n\t\t\t<div class='gallery-icon portrait'>\n\t\t\t\t<a href='https:\/\/ent2d.ac-bordeaux.fr\/disciplines\/sti-lycee\/2025\/01\/05\/jai-cordees-24-lycee-maine-de-biran-bergerac\/journees-de-linoonvation-zap-bergerac-lycee-maine-de-biran-2025-23\/'><img loading=\"lazy\" decoding=\"async\" width=\"169\" height=\"300\" src=\"https:\/\/ent2d.ac-bordeaux.fr\/disciplines\/sti-lycee\/wp-content\/uploads\/sites\/64\/2025\/01\/Journees-de-linoonvation-Zap-Bergerac-lycee-Maine-de-Biran-2025-23-169x300.jpg\" class=\"attachment-medium size-medium\" alt=\"\" srcset=\"https:\/\/ent2d.ac-bordeaux.fr\/disciplines\/sti-lycee\/wp-content\/uploads\/sites\/64\/2025\/01\/Journees-de-linoonvation-Zap-Bergerac-lycee-Maine-de-Biran-2025-23-169x300.jpg 169w, https:\/\/ent2d.ac-bordeaux.fr\/disciplines\/sti-lycee\/wp-content\/uploads\/sites\/64\/2025\/01\/Journees-de-linoonvation-Zap-Bergerac-lycee-Maine-de-Biran-2025-23.jpg 563w\" sizes=\"auto, (max-width: 169px) 100vw, 169px\" \/><\/a>\n\t\t\t<\/div><\/figure><figure class='gallery-item'>\n\t\t\t<div class='gallery-icon landscape'>\n\t\t\t\t<a href='https:\/\/ent2d.ac-bordeaux.fr\/disciplines\/sti-lycee\/2025\/01\/05\/jai-cordees-24-lycee-maine-de-biran-bergerac\/journees-de-linoonvation-zap-bergerac-lycee-maine-de-biran-2025-30\/'><img loading=\"lazy\" decoding=\"async\" width=\"300\" height=\"169\" src=\"https:\/\/ent2d.ac-bordeaux.fr\/disciplines\/sti-lycee\/wp-content\/uploads\/sites\/64\/2025\/01\/Journees-de-linoonvation-Zap-Bergerac-lycee-Maine-de-Biran-2025-30-300x169.jpg\" class=\"attachment-medium size-medium\" alt=\"\" srcset=\"https:\/\/ent2d.ac-bordeaux.fr\/disciplines\/sti-lycee\/wp-content\/uploads\/sites\/64\/2025\/01\/Journees-de-linoonvation-Zap-Bergerac-lycee-Maine-de-Biran-2025-30-300x169.jpg 300w, https:\/\/ent2d.ac-bordeaux.fr\/disciplines\/sti-lycee\/wp-content\/uploads\/sites\/64\/2025\/01\/Journees-de-linoonvation-Zap-Bergerac-lycee-Maine-de-Biran-2025-30-768x432.jpg 768w, https:\/\/ent2d.ac-bordeaux.fr\/disciplines\/sti-lycee\/wp-content\/uploads\/sites\/64\/2025\/01\/Journees-de-linoonvation-Zap-Bergerac-lycee-Maine-de-Biran-2025-30.jpg 1000w\" sizes=\"auto, (max-width: 300px) 100vw, 300px\" \/><\/a>\n\t\t\t<\/div><\/figure><figure class='gallery-item'>\n\t\t\t<div class='gallery-icon landscape'>\n\t\t\t\t<a href='https:\/\/ent2d.ac-bordeaux.fr\/disciplines\/sti-lycee\/2025\/01\/05\/jai-cordees-24-lycee-maine-de-biran-bergerac\/journees-de-linoonvation-zap-bergerac-lycee-maine-de-biran-2025-36\/'><img loading=\"lazy\" decoding=\"async\" width=\"300\" height=\"169\" src=\"https:\/\/ent2d.ac-bordeaux.fr\/disciplines\/sti-lycee\/wp-content\/uploads\/sites\/64\/2025\/01\/Journees-de-linoonvation-Zap-Bergerac-lycee-Maine-de-Biran-2025-36-300x169.jpg\" class=\"attachment-medium size-medium\" alt=\"\" srcset=\"https:\/\/ent2d.ac-bordeaux.fr\/disciplines\/sti-lycee\/wp-content\/uploads\/sites\/64\/2025\/01\/Journees-de-linoonvation-Zap-Bergerac-lycee-Maine-de-Biran-2025-36-300x169.jpg 300w, https:\/\/ent2d.ac-bordeaux.fr\/disciplines\/sti-lycee\/wp-content\/uploads\/sites\/64\/2025\/01\/Journees-de-linoonvation-Zap-Bergerac-lycee-Maine-de-Biran-2025-36-768x432.jpg 768w, https:\/\/ent2d.ac-bordeaux.fr\/disciplines\/sti-lycee\/wp-content\/uploads\/sites\/64\/2025\/01\/Journees-de-linoonvation-Zap-Bergerac-lycee-Maine-de-Biran-2025-36.jpg 1000w\" sizes=\"auto, (max-width: 300px) 100vw, 300px\" \/><\/a>\n\t\t\t<\/div><\/figure><figure class='gallery-item'>\n\t\t\t<div class='gallery-icon landscape'>\n\t\t\t\t<a href='https:\/\/ent2d.ac-bordeaux.fr\/disciplines\/sti-lycee\/2025\/01\/05\/jai-cordees-24-lycee-maine-de-biran-bergerac\/journees-de-linoonvation-zap-bergerac-lycee-maine-de-biran-2025-05\/'><img loading=\"lazy\" decoding=\"async\" width=\"300\" height=\"169\" src=\"https:\/\/ent2d.ac-bordeaux.fr\/disciplines\/sti-lycee\/wp-content\/uploads\/sites\/64\/2025\/01\/Journees-de-linoonvation-Zap-Bergerac-lycee-Maine-de-Biran-2025-05-300x169.jpg\" class=\"attachment-medium size-medium\" alt=\"\" srcset=\"https:\/\/ent2d.ac-bordeaux.fr\/disciplines\/sti-lycee\/wp-content\/uploads\/sites\/64\/2025\/01\/Journees-de-linoonvation-Zap-Bergerac-lycee-Maine-de-Biran-2025-05-300x169.jpg 300w, https:\/\/ent2d.ac-bordeaux.fr\/disciplines\/sti-lycee\/wp-content\/uploads\/sites\/64\/2025\/01\/Journees-de-linoonvation-Zap-Bergerac-lycee-Maine-de-Biran-2025-05-768x432.jpg 768w, https:\/\/ent2d.ac-bordeaux.fr\/disciplines\/sti-lycee\/wp-content\/uploads\/sites\/64\/2025\/01\/Journees-de-linoonvation-Zap-Bergerac-lycee-Maine-de-Biran-2025-05.jpg 1000w\" sizes=\"auto, (max-width: 300px) 100vw, 300px\" \/><\/a>\n\t\t\t<\/div><\/figure><figure class='gallery-item'>\n\t\t\t<div class='gallery-icon landscape'>\n\t\t\t\t<a href='https:\/\/ent2d.ac-bordeaux.fr\/disciplines\/sti-lycee\/2025\/01\/05\/jai-cordees-24-lycee-maine-de-biran-bergerac\/journees-de-linoonvation-zap-bergerac-lycee-maine-de-biran-2025-19\/'><img loading=\"lazy\" decoding=\"async\" width=\"300\" height=\"169\" src=\"https:\/\/ent2d.ac-bordeaux.fr\/disciplines\/sti-lycee\/wp-content\/uploads\/sites\/64\/2025\/01\/Journees-de-linoonvation-Zap-Bergerac-lycee-Maine-de-Biran-2025-19-300x169.jpg\" class=\"attachment-medium size-medium\" alt=\"\" srcset=\"https:\/\/ent2d.ac-bordeaux.fr\/disciplines\/sti-lycee\/wp-content\/uploads\/sites\/64\/2025\/01\/Journees-de-linoonvation-Zap-Bergerac-lycee-Maine-de-Biran-2025-19-300x169.jpg 300w, https:\/\/ent2d.ac-bordeaux.fr\/disciplines\/sti-lycee\/wp-content\/uploads\/sites\/64\/2025\/01\/Journees-de-linoonvation-Zap-Bergerac-lycee-Maine-de-Biran-2025-19-768x432.jpg 768w, https:\/\/ent2d.ac-bordeaux.fr\/disciplines\/sti-lycee\/wp-content\/uploads\/sites\/64\/2025\/01\/Journees-de-linoonvation-Zap-Bergerac-lycee-Maine-de-Biran-2025-19.jpg 1000w\" sizes=\"auto, (max-width: 300px) 100vw, 300px\" \/><\/a>\n\t\t\t<\/div><\/figure><figure class='gallery-item'>\n\t\t\t<div class='gallery-icon landscape'>\n\t\t\t\t<a href='https:\/\/ent2d.ac-bordeaux.fr\/disciplines\/sti-lycee\/2025\/01\/05\/jai-cordees-24-lycee-maine-de-biran-bergerac\/journees-de-linoonvation-zap-bergerac-lycee-maine-de-biran-2025-11\/'><img loading=\"lazy\" decoding=\"async\" width=\"300\" height=\"169\" src=\"https:\/\/ent2d.ac-bordeaux.fr\/disciplines\/sti-lycee\/wp-content\/uploads\/sites\/64\/2025\/01\/Journees-de-linoonvation-Zap-Bergerac-lycee-Maine-de-Biran-2025-11-300x169.jpg\" class=\"attachment-medium size-medium\" alt=\"\" srcset=\"https:\/\/ent2d.ac-bordeaux.fr\/disciplines\/sti-lycee\/wp-content\/uploads\/sites\/64\/2025\/01\/Journees-de-linoonvation-Zap-Bergerac-lycee-Maine-de-Biran-2025-11-300x169.jpg 300w, https:\/\/ent2d.ac-bordeaux.fr\/disciplines\/sti-lycee\/wp-content\/uploads\/sites\/64\/2025\/01\/Journees-de-linoonvation-Zap-Bergerac-lycee-Maine-de-Biran-2025-11-768x432.jpg 768w, https:\/\/ent2d.ac-bordeaux.fr\/disciplines\/sti-lycee\/wp-content\/uploads\/sites\/64\/2025\/01\/Journees-de-linoonvation-Zap-Bergerac-lycee-Maine-de-Biran-2025-11.jpg 1000w\" sizes=\"auto, (max-width: 300px) 100vw, 300px\" \/><\/a>\n\t\t\t<\/div><\/figure><figure class='gallery-item'>\n\t\t\t<div class='gallery-icon landscape'>\n\t\t\t\t<a href='https:\/\/ent2d.ac-bordeaux.fr\/disciplines\/sti-lycee\/2025\/01\/05\/jai-cordees-24-lycee-maine-de-biran-bergerac\/journees-de-linoonvation-zap-bergerac-lycee-maine-de-biran-2025-37\/'><img loading=\"lazy\" decoding=\"async\" width=\"300\" height=\"169\" src=\"https:\/\/ent2d.ac-bordeaux.fr\/disciplines\/sti-lycee\/wp-content\/uploads\/sites\/64\/2025\/01\/Journees-de-linoonvation-Zap-Bergerac-lycee-Maine-de-Biran-2025-37-300x169.jpg\" class=\"attachment-medium size-medium\" alt=\"\" srcset=\"https:\/\/ent2d.ac-bordeaux.fr\/disciplines\/sti-lycee\/wp-content\/uploads\/sites\/64\/2025\/01\/Journees-de-linoonvation-Zap-Bergerac-lycee-Maine-de-Biran-2025-37-300x169.jpg 300w, https:\/\/ent2d.ac-bordeaux.fr\/disciplines\/sti-lycee\/wp-content\/uploads\/sites\/64\/2025\/01\/Journees-de-linoonvation-Zap-Bergerac-lycee-Maine-de-Biran-2025-37-768x432.jpg 768w, https:\/\/ent2d.ac-bordeaux.fr\/disciplines\/sti-lycee\/wp-content\/uploads\/sites\/64\/2025\/01\/Journees-de-linoonvation-Zap-Bergerac-lycee-Maine-de-Biran-2025-37.jpg 1000w\" sizes=\"auto, (max-width: 300px) 100vw, 300px\" \/><\/a>\n\t\t\t<\/div><\/figure><figure class='gallery-item'>\n\t\t\t<div class='gallery-icon landscape'>\n\t\t\t\t<a href='https:\/\/ent2d.ac-bordeaux.fr\/disciplines\/sti-lycee\/2025\/01\/05\/jai-cordees-24-lycee-maine-de-biran-bergerac\/journees-de-linoonvation-zap-bergerac-lycee-maine-de-biran-2025-24\/'><img loading=\"lazy\" decoding=\"async\" width=\"300\" height=\"169\" src=\"https:\/\/ent2d.ac-bordeaux.fr\/disciplines\/sti-lycee\/wp-content\/uploads\/sites\/64\/2025\/01\/Journees-de-linoonvation-Zap-Bergerac-lycee-Maine-de-Biran-2025-24-300x169.jpg\" class=\"attachment-medium size-medium\" alt=\"\" srcset=\"https:\/\/ent2d.ac-bordeaux.fr\/disciplines\/sti-lycee\/wp-content\/uploads\/sites\/64\/2025\/01\/Journees-de-linoonvation-Zap-Bergerac-lycee-Maine-de-Biran-2025-24-300x169.jpg 300w, https:\/\/ent2d.ac-bordeaux.fr\/disciplines\/sti-lycee\/wp-content\/uploads\/sites\/64\/2025\/01\/Journees-de-linoonvation-Zap-Bergerac-lycee-Maine-de-Biran-2025-24-768x432.jpg 768w, https:\/\/ent2d.ac-bordeaux.fr\/disciplines\/sti-lycee\/wp-content\/uploads\/sites\/64\/2025\/01\/Journees-de-linoonvation-Zap-Bergerac-lycee-Maine-de-Biran-2025-24.jpg 1000w\" sizes=\"auto, (max-width: 300px) 100vw, 300px\" \/><\/a>\n\t\t\t<\/div><\/figure><figure class='gallery-item'>\n\t\t\t<div class='gallery-icon landscape'>\n\t\t\t\t<a href='https:\/\/ent2d.ac-bordeaux.fr\/disciplines\/sti-lycee\/2025\/01\/05\/jai-cordees-24-lycee-maine-de-biran-bergerac\/journees-de-linoonvation-zap-bergerac-lycee-maine-de-biran-2025-15\/'><img loading=\"lazy\" decoding=\"async\" width=\"300\" height=\"169\" src=\"https:\/\/ent2d.ac-bordeaux.fr\/disciplines\/sti-lycee\/wp-content\/uploads\/sites\/64\/2025\/01\/Journees-de-linoonvation-Zap-Bergerac-lycee-Maine-de-Biran-2025-15-300x169.jpg\" class=\"attachment-medium size-medium\" alt=\"\" srcset=\"https:\/\/ent2d.ac-bordeaux.fr\/disciplines\/sti-lycee\/wp-content\/uploads\/sites\/64\/2025\/01\/Journees-de-linoonvation-Zap-Bergerac-lycee-Maine-de-Biran-2025-15-300x169.jpg 300w, https:\/\/ent2d.ac-bordeaux.fr\/disciplines\/sti-lycee\/wp-content\/uploads\/sites\/64\/2025\/01\/Journees-de-linoonvation-Zap-Bergerac-lycee-Maine-de-Biran-2025-15-768x432.jpg 768w, https:\/\/ent2d.ac-bordeaux.fr\/disciplines\/sti-lycee\/wp-content\/uploads\/sites\/64\/2025\/01\/Journees-de-linoonvation-Zap-Bergerac-lycee-Maine-de-Biran-2025-15.jpg 1000w\" sizes=\"auto, (max-width: 300px) 100vw, 300px\" \/><\/a>\n\t\t\t<\/div><\/figure><figure class='gallery-item'>\n\t\t\t<div class='gallery-icon landscape'>\n\t\t\t\t<a href='https:\/\/ent2d.ac-bordeaux.fr\/disciplines\/sti-lycee\/2025\/01\/05\/jai-cordees-24-lycee-maine-de-biran-bergerac\/journees-de-linoonvation-zap-bergerac-lycee-maine-de-biran-2025-20\/'><img loading=\"lazy\" decoding=\"async\" width=\"300\" height=\"169\" src=\"https:\/\/ent2d.ac-bordeaux.fr\/disciplines\/sti-lycee\/wp-content\/uploads\/sites\/64\/2025\/01\/Journees-de-linoonvation-Zap-Bergerac-lycee-Maine-de-Biran-2025-20-300x169.jpg\" class=\"attachment-medium size-medium\" alt=\"\" srcset=\"https:\/\/ent2d.ac-bordeaux.fr\/disciplines\/sti-lycee\/wp-content\/uploads\/sites\/64\/2025\/01\/Journees-de-linoonvation-Zap-Bergerac-lycee-Maine-de-Biran-2025-20-300x169.jpg 300w, https:\/\/ent2d.ac-bordeaux.fr\/disciplines\/sti-lycee\/wp-content\/uploads\/sites\/64\/2025\/01\/Journees-de-linoonvation-Zap-Bergerac-lycee-Maine-de-Biran-2025-20-768x432.jpg 768w, https:\/\/ent2d.ac-bordeaux.fr\/disciplines\/sti-lycee\/wp-content\/uploads\/sites\/64\/2025\/01\/Journees-de-linoonvation-Zap-Bergerac-lycee-Maine-de-Biran-2025-20.jpg 1000w\" sizes=\"auto, (max-width: 300px) 100vw, 300px\" \/><\/a>\n\t\t\t<\/div><\/figure><figure class='gallery-item'>\n\t\t\t<div class='gallery-icon landscape'>\n\t\t\t\t<a href='https:\/\/ent2d.ac-bordeaux.fr\/disciplines\/sti-lycee\/2025\/01\/05\/jai-cordees-24-lycee-maine-de-biran-bergerac\/journees-de-linoonvation-zap-bergerac-lycee-maine-de-biran-2025-32\/'><img loading=\"lazy\" decoding=\"async\" width=\"300\" height=\"169\" src=\"https:\/\/ent2d.ac-bordeaux.fr\/disciplines\/sti-lycee\/wp-content\/uploads\/sites\/64\/2025\/01\/Journees-de-linoonvation-Zap-Bergerac-lycee-Maine-de-Biran-2025-32-300x169.jpg\" class=\"attachment-medium size-medium\" alt=\"\" srcset=\"https:\/\/ent2d.ac-bordeaux.fr\/disciplines\/sti-lycee\/wp-content\/uploads\/sites\/64\/2025\/01\/Journees-de-linoonvation-Zap-Bergerac-lycee-Maine-de-Biran-2025-32-300x169.jpg 300w, https:\/\/ent2d.ac-bordeaux.fr\/disciplines\/sti-lycee\/wp-content\/uploads\/sites\/64\/2025\/01\/Journees-de-linoonvation-Zap-Bergerac-lycee-Maine-de-Biran-2025-32-768x432.jpg 768w, https:\/\/ent2d.ac-bordeaux.fr\/disciplines\/sti-lycee\/wp-content\/uploads\/sites\/64\/2025\/01\/Journees-de-linoonvation-Zap-Bergerac-lycee-Maine-de-Biran-2025-32.jpg 1000w\" sizes=\"auto, (max-width: 300px) 100vw, 300px\" \/><\/a>\n\t\t\t<\/div><\/figure><figure class='gallery-item'>\n\t\t\t<div class='gallery-icon landscape'>\n\t\t\t\t<a href='https:\/\/ent2d.ac-bordeaux.fr\/disciplines\/sti-lycee\/2025\/01\/05\/jai-cordees-24-lycee-maine-de-biran-bergerac\/journees-de-linoonvation-zap-bergerac-lycee-maine-de-biran-2025-04\/'><img loading=\"lazy\" decoding=\"async\" width=\"300\" height=\"169\" src=\"https:\/\/ent2d.ac-bordeaux.fr\/disciplines\/sti-lycee\/wp-content\/uploads\/sites\/64\/2025\/01\/Journees-de-linoonvation-Zap-Bergerac-lycee-Maine-de-Biran-2025-04-300x169.jpg\" class=\"attachment-medium size-medium\" alt=\"\" srcset=\"https:\/\/ent2d.ac-bordeaux.fr\/disciplines\/sti-lycee\/wp-content\/uploads\/sites\/64\/2025\/01\/Journees-de-linoonvation-Zap-Bergerac-lycee-Maine-de-Biran-2025-04-300x169.jpg 300w, https:\/\/ent2d.ac-bordeaux.fr\/disciplines\/sti-lycee\/wp-content\/uploads\/sites\/64\/2025\/01\/Journees-de-linoonvation-Zap-Bergerac-lycee-Maine-de-Biran-2025-04-768x432.jpg 768w, https:\/\/ent2d.ac-bordeaux.fr\/disciplines\/sti-lycee\/wp-content\/uploads\/sites\/64\/2025\/01\/Journees-de-linoonvation-Zap-Bergerac-lycee-Maine-de-Biran-2025-04.jpg 1000w\" sizes=\"auto, (max-width: 300px) 100vw, 300px\" \/><\/a>\n\t\t\t<\/div><\/figure><figure class='gallery-item'>\n\t\t\t<div class='gallery-icon portrait'>\n\t\t\t\t<a href='https:\/\/ent2d.ac-bordeaux.fr\/disciplines\/sti-lycee\/2025\/01\/05\/jai-cordees-24-lycee-maine-de-biran-bergerac\/journees-de-linoonvation-zap-bergerac-lycee-maine-de-biran-2025-10\/'><img loading=\"lazy\" decoding=\"async\" width=\"169\" height=\"300\" src=\"https:\/\/ent2d.ac-bordeaux.fr\/disciplines\/sti-lycee\/wp-content\/uploads\/sites\/64\/2025\/01\/Journees-de-linoonvation-Zap-Bergerac-lycee-Maine-de-Biran-2025-10-169x300.jpg\" class=\"attachment-medium size-medium\" alt=\"\" srcset=\"https:\/\/ent2d.ac-bordeaux.fr\/disciplines\/sti-lycee\/wp-content\/uploads\/sites\/64\/2025\/01\/Journees-de-linoonvation-Zap-Bergerac-lycee-Maine-de-Biran-2025-10-169x300.jpg 169w, https:\/\/ent2d.ac-bordeaux.fr\/disciplines\/sti-lycee\/wp-content\/uploads\/sites\/64\/2025\/01\/Journees-de-linoonvation-Zap-Bergerac-lycee-Maine-de-Biran-2025-10.jpg 563w\" sizes=\"auto, (max-width: 169px) 100vw, 169px\" \/><\/a>\n\t\t\t<\/div><\/figure><figure class='gallery-item'>\n\t\t\t<div class='gallery-icon landscape'>\n\t\t\t\t<a href='https:\/\/ent2d.ac-bordeaux.fr\/disciplines\/sti-lycee\/2025\/01\/05\/jai-cordees-24-lycee-maine-de-biran-bergerac\/journees-de-linoonvation-zap-bergerac-lycee-maine-de-biran-2025-25\/'><img loading=\"lazy\" decoding=\"async\" width=\"300\" height=\"169\" src=\"https:\/\/ent2d.ac-bordeaux.fr\/disciplines\/sti-lycee\/wp-content\/uploads\/sites\/64\/2025\/01\/Journees-de-linoonvation-Zap-Bergerac-lycee-Maine-de-Biran-2025-25-300x169.jpg\" class=\"attachment-medium size-medium\" alt=\"\" srcset=\"https:\/\/ent2d.ac-bordeaux.fr\/disciplines\/sti-lycee\/wp-content\/uploads\/sites\/64\/2025\/01\/Journees-de-linoonvation-Zap-Bergerac-lycee-Maine-de-Biran-2025-25-300x169.jpg 300w, https:\/\/ent2d.ac-bordeaux.fr\/disciplines\/sti-lycee\/wp-content\/uploads\/sites\/64\/2025\/01\/Journees-de-linoonvation-Zap-Bergerac-lycee-Maine-de-Biran-2025-25-768x432.jpg 768w, https:\/\/ent2d.ac-bordeaux.fr\/disciplines\/sti-lycee\/wp-content\/uploads\/sites\/64\/2025\/01\/Journees-de-linoonvation-Zap-Bergerac-lycee-Maine-de-Biran-2025-25.jpg 1000w\" sizes=\"auto, (max-width: 300px) 100vw, 300px\" \/><\/a>\n\t\t\t<\/div><\/figure><figure class='gallery-item'>\n\t\t\t<div class='gallery-icon landscape'>\n\t\t\t\t<a href='https:\/\/ent2d.ac-bordeaux.fr\/disciplines\/sti-lycee\/2025\/01\/05\/jai-cordees-24-lycee-maine-de-biran-bergerac\/journees-de-linoonvation-zap-bergerac-lycee-maine-de-biran-2025-22\/'><img loading=\"lazy\" decoding=\"async\" width=\"300\" height=\"169\" src=\"https:\/\/ent2d.ac-bordeaux.fr\/disciplines\/sti-lycee\/wp-content\/uploads\/sites\/64\/2025\/01\/Journees-de-linoonvation-Zap-Bergerac-lycee-Maine-de-Biran-2025-22-300x169.jpg\" class=\"attachment-medium size-medium\" alt=\"\" srcset=\"https:\/\/ent2d.ac-bordeaux.fr\/disciplines\/sti-lycee\/wp-content\/uploads\/sites\/64\/2025\/01\/Journees-de-linoonvation-Zap-Bergerac-lycee-Maine-de-Biran-2025-22-300x169.jpg 300w, https:\/\/ent2d.ac-bordeaux.fr\/disciplines\/sti-lycee\/wp-content\/uploads\/sites\/64\/2025\/01\/Journees-de-linoonvation-Zap-Bergerac-lycee-Maine-de-Biran-2025-22-768x432.jpg 768w, https:\/\/ent2d.ac-bordeaux.fr\/disciplines\/sti-lycee\/wp-content\/uploads\/sites\/64\/2025\/01\/Journees-de-linoonvation-Zap-Bergerac-lycee-Maine-de-Biran-2025-22.jpg 1000w\" sizes=\"auto, (max-width: 300px) 100vw, 300px\" \/><\/a>\n\t\t\t<\/div><\/figure><figure class='gallery-item'>\n\t\t\t<div class='gallery-icon landscape'>\n\t\t\t\t<a href='https:\/\/ent2d.ac-bordeaux.fr\/disciplines\/sti-lycee\/2025\/01\/05\/jai-cordees-24-lycee-maine-de-biran-bergerac\/journees-de-linoonvation-zap-bergerac-lycee-maine-de-biran-2025-28\/'><img loading=\"lazy\" decoding=\"async\" width=\"300\" height=\"169\" src=\"https:\/\/ent2d.ac-bordeaux.fr\/disciplines\/sti-lycee\/wp-content\/uploads\/sites\/64\/2025\/01\/Journees-de-linoonvation-Zap-Bergerac-lycee-Maine-de-Biran-2025-28-300x169.jpg\" class=\"attachment-medium size-medium\" alt=\"\" srcset=\"https:\/\/ent2d.ac-bordeaux.fr\/disciplines\/sti-lycee\/wp-content\/uploads\/sites\/64\/2025\/01\/Journees-de-linoonvation-Zap-Bergerac-lycee-Maine-de-Biran-2025-28-300x169.jpg 300w, https:\/\/ent2d.ac-bordeaux.fr\/disciplines\/sti-lycee\/wp-content\/uploads\/sites\/64\/2025\/01\/Journees-de-linoonvation-Zap-Bergerac-lycee-Maine-de-Biran-2025-28-768x432.jpg 768w, https:\/\/ent2d.ac-bordeaux.fr\/disciplines\/sti-lycee\/wp-content\/uploads\/sites\/64\/2025\/01\/Journees-de-linoonvation-Zap-Bergerac-lycee-Maine-de-Biran-2025-28.jpg 1000w\" sizes=\"auto, (max-width: 300px) 100vw, 300px\" \/><\/a>\n\t\t\t<\/div><\/figure><figure class='gallery-item'>\n\t\t\t<div class='gallery-icon landscape'>\n\t\t\t\t<a href='https:\/\/ent2d.ac-bordeaux.fr\/disciplines\/sti-lycee\/2025\/01\/05\/jai-cordees-24-lycee-maine-de-biran-bergerac\/journees-de-linoonvation-zap-bergerac-lycee-maine-de-biran-2025-21\/'><img loading=\"lazy\" decoding=\"async\" width=\"300\" height=\"169\" src=\"https:\/\/ent2d.ac-bordeaux.fr\/disciplines\/sti-lycee\/wp-content\/uploads\/sites\/64\/2025\/01\/Journees-de-linoonvation-Zap-Bergerac-lycee-Maine-de-Biran-2025-21-300x169.jpg\" class=\"attachment-medium size-medium\" alt=\"\" srcset=\"https:\/\/ent2d.ac-bordeaux.fr\/disciplines\/sti-lycee\/wp-content\/uploads\/sites\/64\/2025\/01\/Journees-de-linoonvation-Zap-Bergerac-lycee-Maine-de-Biran-2025-21-300x169.jpg 300w, https:\/\/ent2d.ac-bordeaux.fr\/disciplines\/sti-lycee\/wp-content\/uploads\/sites\/64\/2025\/01\/Journees-de-linoonvation-Zap-Bergerac-lycee-Maine-de-Biran-2025-21-768x432.jpg 768w, https:\/\/ent2d.ac-bordeaux.fr\/disciplines\/sti-lycee\/wp-content\/uploads\/sites\/64\/2025\/01\/Journees-de-linoonvation-Zap-Bergerac-lycee-Maine-de-Biran-2025-21.jpg 1000w\" sizes=\"auto, (max-width: 300px) 100vw, 300px\" \/><\/a>\n\t\t\t<\/div><\/figure><figure class='gallery-item'>\n\t\t\t<div class='gallery-icon portrait'>\n\t\t\t\t<a href='https:\/\/ent2d.ac-bordeaux.fr\/disciplines\/sti-lycee\/2025\/01\/05\/jai-cordees-24-lycee-maine-de-biran-bergerac\/journees-de-linoonvation-zap-bergerac-lycee-maine-de-biran-2025-07\/'><img loading=\"lazy\" decoding=\"async\" width=\"169\" height=\"300\" src=\"https:\/\/ent2d.ac-bordeaux.fr\/disciplines\/sti-lycee\/wp-content\/uploads\/sites\/64\/2025\/01\/Journees-de-linoonvation-Zap-Bergerac-lycee-Maine-de-Biran-2025-07-169x300.jpg\" class=\"attachment-medium size-medium\" alt=\"\" srcset=\"https:\/\/ent2d.ac-bordeaux.fr\/disciplines\/sti-lycee\/wp-content\/uploads\/sites\/64\/2025\/01\/Journees-de-linoonvation-Zap-Bergerac-lycee-Maine-de-Biran-2025-07-169x300.jpg 169w, https:\/\/ent2d.ac-bordeaux.fr\/disciplines\/sti-lycee\/wp-content\/uploads\/sites\/64\/2025\/01\/Journees-de-linoonvation-Zap-Bergerac-lycee-Maine-de-Biran-2025-07.jpg 563w\" sizes=\"auto, (max-width: 169px) 100vw, 169px\" \/><\/a>\n\t\t\t<\/div><\/figure><figure class='gallery-item'>\n\t\t\t<div class='gallery-icon landscape'>\n\t\t\t\t<a href='https:\/\/ent2d.ac-bordeaux.fr\/disciplines\/sti-lycee\/2025\/01\/05\/jai-cordees-24-lycee-maine-de-biran-bergerac\/journees-de-linoonvation-zap-bergerac-lycee-maine-de-biran-2025-31\/'><img loading=\"lazy\" decoding=\"async\" width=\"300\" height=\"169\" src=\"https:\/\/ent2d.ac-bordeaux.fr\/disciplines\/sti-lycee\/wp-content\/uploads\/sites\/64\/2025\/01\/Journees-de-linoonvation-Zap-Bergerac-lycee-Maine-de-Biran-2025-31-300x169.jpg\" class=\"attachment-medium size-medium\" alt=\"\" srcset=\"https:\/\/ent2d.ac-bordeaux.fr\/disciplines\/sti-lycee\/wp-content\/uploads\/sites\/64\/2025\/01\/Journees-de-linoonvation-Zap-Bergerac-lycee-Maine-de-Biran-2025-31-300x169.jpg 300w, https:\/\/ent2d.ac-bordeaux.fr\/disciplines\/sti-lycee\/wp-content\/uploads\/sites\/64\/2025\/01\/Journees-de-linoonvation-Zap-Bergerac-lycee-Maine-de-Biran-2025-31-768x432.jpg 768w, https:\/\/ent2d.ac-bordeaux.fr\/disciplines\/sti-lycee\/wp-content\/uploads\/sites\/64\/2025\/01\/Journees-de-linoonvation-Zap-Bergerac-lycee-Maine-de-Biran-2025-31.jpg 1000w\" sizes=\"auto, (max-width: 300px) 100vw, 300px\" \/><\/a>\n\t\t\t<\/div><\/figure><figure class='gallery-item'>\n\t\t\t<div class='gallery-icon landscape'>\n\t\t\t\t<a href='https:\/\/ent2d.ac-bordeaux.fr\/disciplines\/sti-lycee\/2025\/01\/05\/jai-cordees-24-lycee-maine-de-biran-bergerac\/journees-de-linoonvation-zap-bergerac-lycee-maine-de-biran-2025-33\/'><img loading=\"lazy\" decoding=\"async\" width=\"300\" height=\"169\" src=\"https:\/\/ent2d.ac-bordeaux.fr\/disciplines\/sti-lycee\/wp-content\/uploads\/sites\/64\/2025\/01\/Journees-de-linoonvation-Zap-Bergerac-lycee-Maine-de-Biran-2025-33-300x169.jpg\" class=\"attachment-medium size-medium\" alt=\"\" srcset=\"https:\/\/ent2d.ac-bordeaux.fr\/disciplines\/sti-lycee\/wp-content\/uploads\/sites\/64\/2025\/01\/Journees-de-linoonvation-Zap-Bergerac-lycee-Maine-de-Biran-2025-33-300x169.jpg 300w, https:\/\/ent2d.ac-bordeaux.fr\/disciplines\/sti-lycee\/wp-content\/uploads\/sites\/64\/2025\/01\/Journees-de-linoonvation-Zap-Bergerac-lycee-Maine-de-Biran-2025-33-768x432.jpg 768w, https:\/\/ent2d.ac-bordeaux.fr\/disciplines\/sti-lycee\/wp-content\/uploads\/sites\/64\/2025\/01\/Journees-de-linoonvation-Zap-Bergerac-lycee-Maine-de-Biran-2025-33.jpg 1000w\" sizes=\"auto, (max-width: 300px) 100vw, 300px\" \/><\/a>\n\t\t\t<\/div><\/figure><figure class='gallery-item'>\n\t\t\t<div class='gallery-icon landscape'>\n\t\t\t\t<a href='https:\/\/ent2d.ac-bordeaux.fr\/disciplines\/sti-lycee\/2025\/01\/05\/jai-cordees-24-lycee-maine-de-biran-bergerac\/journees-de-linoonvation-zap-bergerac-lycee-maine-de-biran-2025-16\/'><img loading=\"lazy\" decoding=\"async\" width=\"300\" height=\"169\" src=\"https:\/\/ent2d.ac-bordeaux.fr\/disciplines\/sti-lycee\/wp-content\/uploads\/sites\/64\/2025\/01\/Journees-de-linoonvation-Zap-Bergerac-lycee-Maine-de-Biran-2025-16-300x169.jpg\" class=\"attachment-medium size-medium\" alt=\"\" srcset=\"https:\/\/ent2d.ac-bordeaux.fr\/disciplines\/sti-lycee\/wp-content\/uploads\/sites\/64\/2025\/01\/Journees-de-linoonvation-Zap-Bergerac-lycee-Maine-de-Biran-2025-16-300x169.jpg 300w, https:\/\/ent2d.ac-bordeaux.fr\/disciplines\/sti-lycee\/wp-content\/uploads\/sites\/64\/2025\/01\/Journees-de-linoonvation-Zap-Bergerac-lycee-Maine-de-Biran-2025-16-768x432.jpg 768w, https:\/\/ent2d.ac-bordeaux.fr\/disciplines\/sti-lycee\/wp-content\/uploads\/sites\/64\/2025\/01\/Journees-de-linoonvation-Zap-Bergerac-lycee-Maine-de-Biran-2025-16.jpg 1000w\" sizes=\"auto, (max-width: 300px) 100vw, 300px\" \/><\/a>\n\t\t\t<\/div><\/figure><figure class='gallery-item'>\n\t\t\t<div class='gallery-icon landscape'>\n\t\t\t\t<a href='https:\/\/ent2d.ac-bordeaux.fr\/disciplines\/sti-lycee\/2025\/01\/05\/jai-cordees-24-lycee-maine-de-biran-bergerac\/journees-de-linoonvation-zap-bergerac-lycee-maine-de-biran-2025-17\/'><img loading=\"lazy\" decoding=\"async\" width=\"300\" height=\"169\" src=\"https:\/\/ent2d.ac-bordeaux.fr\/disciplines\/sti-lycee\/wp-content\/uploads\/sites\/64\/2025\/01\/Journees-de-linoonvation-Zap-Bergerac-lycee-Maine-de-Biran-2025-17-300x169.jpg\" class=\"attachment-medium size-medium\" alt=\"\" srcset=\"https:\/\/ent2d.ac-bordeaux.fr\/disciplines\/sti-lycee\/wp-content\/uploads\/sites\/64\/2025\/01\/Journees-de-linoonvation-Zap-Bergerac-lycee-Maine-de-Biran-2025-17-300x169.jpg 300w, https:\/\/ent2d.ac-bordeaux.fr\/disciplines\/sti-lycee\/wp-content\/uploads\/sites\/64\/2025\/01\/Journees-de-linoonvation-Zap-Bergerac-lycee-Maine-de-Biran-2025-17-768x432.jpg 768w, https:\/\/ent2d.ac-bordeaux.fr\/disciplines\/sti-lycee\/wp-content\/uploads\/sites\/64\/2025\/01\/Journees-de-linoonvation-Zap-Bergerac-lycee-Maine-de-Biran-2025-17.jpg 1000w\" sizes=\"auto, (max-width: 300px) 100vw, 300px\" \/><\/a>\n\t\t\t<\/div><\/figure><figure class='gallery-item'>\n\t\t\t<div class='gallery-icon portrait'>\n\t\t\t\t<a href='https:\/\/ent2d.ac-bordeaux.fr\/disciplines\/sti-lycee\/2025\/01\/05\/jai-cordees-24-lycee-maine-de-biran-bergerac\/journees-de-linoonvation-zap-bergerac-lycee-maine-de-biran-2025-12\/'><img loading=\"lazy\" decoding=\"async\" width=\"169\" height=\"300\" src=\"https:\/\/ent2d.ac-bordeaux.fr\/disciplines\/sti-lycee\/wp-content\/uploads\/sites\/64\/2025\/01\/Journees-de-linoonvation-Zap-Bergerac-lycee-Maine-de-Biran-2025-12-169x300.jpg\" class=\"attachment-medium size-medium\" alt=\"\" srcset=\"https:\/\/ent2d.ac-bordeaux.fr\/disciplines\/sti-lycee\/wp-content\/uploads\/sites\/64\/2025\/01\/Journees-de-linoonvation-Zap-Bergerac-lycee-Maine-de-Biran-2025-12-169x300.jpg 169w, https:\/\/ent2d.ac-bordeaux.fr\/disciplines\/sti-lycee\/wp-content\/uploads\/sites\/64\/2025\/01\/Journees-de-linoonvation-Zap-Bergerac-lycee-Maine-de-Biran-2025-12.jpg 563w\" sizes=\"auto, (max-width: 169px) 100vw, 169px\" \/><\/a>\n\t\t\t<\/div><\/figure><figure class='gallery-item'>\n\t\t\t<div class='gallery-icon landscape'>\n\t\t\t\t<a href='https:\/\/ent2d.ac-bordeaux.fr\/disciplines\/sti-lycee\/2025\/01\/05\/jai-cordees-24-lycee-maine-de-biran-bergerac\/journees-de-linoonvation-zap-bergerac-lycee-maine-de-biran-2025-29\/'><img loading=\"lazy\" decoding=\"async\" width=\"300\" height=\"169\" src=\"https:\/\/ent2d.ac-bordeaux.fr\/disciplines\/sti-lycee\/wp-content\/uploads\/sites\/64\/2025\/01\/Journees-de-linoonvation-Zap-Bergerac-lycee-Maine-de-Biran-2025-29-300x169.jpg\" class=\"attachment-medium size-medium\" alt=\"\" srcset=\"https:\/\/ent2d.ac-bordeaux.fr\/disciplines\/sti-lycee\/wp-content\/uploads\/sites\/64\/2025\/01\/Journees-de-linoonvation-Zap-Bergerac-lycee-Maine-de-Biran-2025-29-300x169.jpg 300w, https:\/\/ent2d.ac-bordeaux.fr\/disciplines\/sti-lycee\/wp-content\/uploads\/sites\/64\/2025\/01\/Journees-de-linoonvation-Zap-Bergerac-lycee-Maine-de-Biran-2025-29-768x432.jpg 768w, https:\/\/ent2d.ac-bordeaux.fr\/disciplines\/sti-lycee\/wp-content\/uploads\/sites\/64\/2025\/01\/Journees-de-linoonvation-Zap-Bergerac-lycee-Maine-de-Biran-2025-29.jpg 1000w\" sizes=\"auto, (max-width: 300px) 100vw, 300px\" \/><\/a>\n\t\t\t<\/div><\/figure>\n\t\t<\/div>\n\n","protected":false},"excerpt":{"rendered":"<p>Les Journ\u00e9es de l&rsquo;Innovation 2025 au Lyc\u00e9e Maine de Biran Les 13 et 14 f\u00e9vrier 2025 , le lyc\u00e9e Maine<\/p>\n","protected":false},"author":210,"featured_media":11091,"comment_status":"closed","ping_status":"closed","sticky":false,"template":"","format":"standard","meta":{"_bbp_topic_count":0,"_bbp_reply_count":0,"_bbp_total_topic_count":0,"_bbp_total_reply_count":0,"_bbp_voice_count":0,"_bbp_anonymous_reply_count":0,"_bbp_topic_count_hidden":0,"_bbp_reply_count_hidden":0,"_bbp_forum_subforum_count":0,"footnotes":""},"categories":[244,243,242],"tags":[],"class_list":["post-10953","post","type-post","status-publish","format-standard","has-post-thumbnail","hentry","category-cordees-de-la-reussite","category-journees-de-linnovation","category-liaisons"],"_links":{"self":[{"href":"https:\/\/ent2d.ac-bordeaux.fr\/disciplines\/sti-lycee\/wp-json\/wp\/v2\/posts\/10953","targetHints":{"allow":["GET"]}}],"collection":[{"href":"https:\/\/ent2d.ac-bordeaux.fr\/disciplines\/sti-lycee\/wp-json\/wp\/v2\/posts"}],"about":[{"href":"https:\/\/ent2d.ac-bordeaux.fr\/disciplines\/sti-lycee\/wp-json\/wp\/v2\/types\/post"}],"author":[{"embeddable":true,"href":"https:\/\/ent2d.ac-bordeaux.fr\/disciplines\/sti-lycee\/wp-json\/wp\/v2\/users\/210"}],"replies":[{"embeddable":true,"href":"https:\/\/ent2d.ac-bordeaux.fr\/disciplines\/sti-lycee\/wp-json\/wp\/v2\/comments?post=10953"}],"version-history":[{"count":3,"href":"https:\/\/ent2d.ac-bordeaux.fr\/disciplines\/sti-lycee\/wp-json\/wp\/v2\/posts\/10953\/revisions"}],"predecessor-version":[{"id":11092,"href":"https:\/\/ent2d.ac-bordeaux.fr\/disciplines\/sti-lycee\/wp-json\/wp\/v2\/posts\/10953\/revisions\/11092"}],"wp:featuredmedia":[{"embeddable":true,"href":"https:\/\/ent2d.ac-bordeaux.fr\/disciplines\/sti-lycee\/wp-json\/wp\/v2\/media\/11091"}],"wp:attachment":[{"href":"https:\/\/ent2d.ac-bordeaux.fr\/disciplines\/sti-lycee\/wp-json\/wp\/v2\/media?parent=10953"}],"wp:term":[{"taxonomy":"category","embeddable":true,"href":"https:\/\/ent2d.ac-bordeaux.fr\/disciplines\/sti-lycee\/wp-json\/wp\/v2\/categories?post=10953"},{"taxonomy":"post_tag","embeddable":true,"href":"https:\/\/ent2d.ac-bordeaux.fr\/disciplines\/sti-lycee\/wp-json\/wp\/v2\/tags?post=10953"}],"curies":[{"name":"wp","href":"https:\/\/api.w.org\/{rel}","templated":true}]}}