{"id":20614,"date":"2025-09-23T09:41:33","date_gmt":"2025-09-23T07:41:33","guid":{"rendered":"https:\/\/ent2d.ac-bordeaux.fr\/disciplines\/sti-college\/?p=20614"},"modified":"2025-09-23T09:41:33","modified_gmt":"2025-09-23T07:41:33","slug":"bien-grandir-avec-les-ecrans-un-guide-pour-les-familles","status":"publish","type":"post","link":"https:\/\/ent2d.ac-bordeaux.fr\/disciplines\/sti-college\/2025\/09\/23\/bien-grandir-avec-les-ecrans-un-guide-pour-les-familles\/","title":{"rendered":"Bien grandir avec les \u00e9crans : un guide pour les familles"},"content":{"rendered":"<p><a href=\"https:\/\/eduscol.education.fr\/document\/67357\/download?attachment\" target=\"_blank\" rel=\"noopener\"><img loading=\"lazy\" decoding=\"async\" class=\"size-medium wp-image-20615 alignleft\" src=\"https:\/\/ent2d.ac-bordeaux.fr\/disciplines\/sti-college\/wp-content\/uploads\/sites\/63\/2025\/09\/bien-grandir-avec-les-ecrans-229413-300x300.png\" alt=\"\" width=\"300\" height=\"300\" srcset=\"https:\/\/ent2d.ac-bordeaux.fr\/disciplines\/sti-college\/wp-content\/uploads\/sites\/63\/2025\/09\/bien-grandir-avec-les-ecrans-229413-300x300.png 300w, https:\/\/ent2d.ac-bordeaux.fr\/disciplines\/sti-college\/wp-content\/uploads\/sites\/63\/2025\/09\/bien-grandir-avec-les-ecrans-229413-150x150.png 150w, https:\/\/ent2d.ac-bordeaux.fr\/disciplines\/sti-college\/wp-content\/uploads\/sites\/63\/2025\/09\/bien-grandir-avec-les-ecrans-229413.png 500w\" sizes=\"auto, (max-width: 300px) 100vw, 300px\" \/><\/a><\/p>\n<p>Pour accompagner les familles face \u00e0 la place croissante des \u00e9crans, \u00e0 la maison comme \u00e0 l\u2019\u00c9cole, le minist\u00e8re de l\u2019\u00c9ducation nationale, de l\u2019Enseignement sup\u00e9rieur et de la Recherche publie, en lien avec le minist\u00e8re du Travail, de la Sant\u00e9, des Solidarit\u00e9s et des Familles ainsi que le minist\u00e8re charg\u00e9 de l&#8217;Intelligence artificielle et du Num\u00e9rique, le guide pratique\u00a0<a href=\"https:\/\/eduscol.education.fr\/document\/67357\/download?attachment\" target=\"_blank\" rel=\"noopener\">&#8220;Bien grandir avec les \u00e9crans : des rep\u00e8res pour chaque \u00e2ge&#8221;<\/a>.<\/p>\n<p>Ce document donne, tranche d\u2019\u00e2ge par tranche d\u2019\u00e2ge, des recommandations sur l\u2019exposition aux \u00e9crans. Il pr\u00e9cise aussi, pour chaque \u00e9tape de la scolarit\u00e9, les usages possibles dans le cadre scolaire.<\/p>\n<p>Le guide s\u2019inscrit dans la continuit\u00e9 des mesures pour promouvoir un num\u00e9rique raisonn\u00e9, comme la g\u00e9n\u00e9ralisation du dispositif &#8220;Portable en pause&#8221; au coll\u00e8ge. Il renvoie \u00e9galement aux conseils pratiques pour les parents disponibles sur\u00a0<a href=\"https:\/\/jeprotegemonenfant.gouv.fr\/\" target=\"_blank\" rel=\"noopener\">jeprotegemonenfant.gouv.fr<\/a>\u00a0ainsi dans que les parcours\u00a0<a href=\"https:\/\/pix.fr\/parents\" target=\"_blank\" rel=\"noopener\">PIX Parents<\/a>.<\/p>\n<p>&nbsp;<\/p>\n<p><a class=\"ctalink\" title=\"T\u00e9l\u00e9charger le guide \" href=\"https:\/\/eduscol.education.fr\/document\/67357\/download?attachment\" target=\"_blank\" rel=\"noopener\">T\u00e9l\u00e9charger le guide<\/a><\/p>\n","protected":false},"excerpt":{"rendered":"<p>Pour accompagner les familles face \u00e0 la place croissante des \u00e9crans, \u00e0 la maison comme \u00e0 l\u2019\u00c9cole, le minist\u00e8re de<\/p>\n","protected":false},"author":210,"featured_media":20615,"comment_status":"closed","ping_status":"closed","sticky":false,"template":"","format":"standard","meta":{"footnotes":""},"categories":[426],"tags":[],"class_list":["post-20614","post","type-post","status-publish","format-standard","has-post-thumbnail","hentry","category-numerique-pedagogique"],"_links":{"self":[{"href":"https:\/\/ent2d.ac-bordeaux.fr\/disciplines\/sti-college\/wp-json\/wp\/v2\/posts\/20614","targetHints":{"allow":["GET"]}}],"collection":[{"href":"https:\/\/ent2d.ac-bordeaux.fr\/disciplines\/sti-college\/wp-json\/wp\/v2\/posts"}],"about":[{"href":"https:\/\/ent2d.ac-bordeaux.fr\/disciplines\/sti-college\/wp-json\/wp\/v2\/types\/post"}],"author":[{"embeddable":true,"href":"https:\/\/ent2d.ac-bordeaux.fr\/disciplines\/sti-college\/wp-json\/wp\/v2\/users\/210"}],"replies":[{"embeddable":true,"href":"https:\/\/ent2d.ac-bordeaux.fr\/disciplines\/sti-college\/wp-json\/wp\/v2\/comments?post=20614"}],"version-history":[{"count":1,"href":"https:\/\/ent2d.ac-bordeaux.fr\/disciplines\/sti-college\/wp-json\/wp\/v2\/posts\/20614\/revisions"}],"predecessor-version":[{"id":20616,"href":"https:\/\/ent2d.ac-bordeaux.fr\/disciplines\/sti-college\/wp-json\/wp\/v2\/posts\/20614\/revisions\/20616"}],"wp:featuredmedia":[{"embeddable":true,"href":"https:\/\/ent2d.ac-bordeaux.fr\/disciplines\/sti-college\/wp-json\/wp\/v2\/media\/20615"}],"wp:attachment":[{"href":"https:\/\/ent2d.ac-bordeaux.fr\/disciplines\/sti-college\/wp-json\/wp\/v2\/media?parent=20614"}],"wp:term":[{"taxonomy":"category","embeddable":true,"href":"https:\/\/ent2d.ac-bordeaux.fr\/disciplines\/sti-college\/wp-json\/wp\/v2\/categories?post=20614"},{"taxonomy":"post_tag","embeddable":true,"href":"https:\/\/ent2d.ac-bordeaux.fr\/disciplines\/sti-college\/wp-json\/wp\/v2\/tags?post=20614"}],"curies":[{"name":"wp","href":"https:\/\/api.w.org\/{rel}","templated":true}]}}