{"id":18086,"date":"2024-06-03T14:05:13","date_gmt":"2024-06-03T12:05:13","guid":{"rendered":"https:\/\/ent2d.ac-bordeaux.fr\/disciplines\/sti-college\/?p=18086"},"modified":"2024-06-03T14:21:49","modified_gmt":"2024-06-03T12:21:49","slug":"daac-lancement-appel-a-projets-2024-25","status":"publish","type":"post","link":"https:\/\/ent2d.ac-bordeaux.fr\/disciplines\/sti-college\/2024\/06\/03\/daac-lancement-appel-a-projets-2024-25\/","title":{"rendered":"DAAC &#8211; Lancement appel \u00e0 projets 2024-25"},"content":{"rendered":"<p><img loading=\"lazy\" decoding=\"async\" class=\"wp-image-18087 alignleft\" src=\"https:\/\/ent2d.ac-bordeaux.fr\/disciplines\/sti-college\/wp-content\/uploads\/sites\/63\/2024\/06\/logo-eac-grand.jpg\" alt=\"\" width=\"450\" height=\"415\" srcset=\"https:\/\/ent2d.ac-bordeaux.fr\/disciplines\/sti-college\/wp-content\/uploads\/sites\/63\/2024\/06\/logo-eac-grand.jpg 777w, https:\/\/ent2d.ac-bordeaux.fr\/disciplines\/sti-college\/wp-content\/uploads\/sites\/63\/2024\/06\/logo-eac-grand-300x276.jpg 300w, https:\/\/ent2d.ac-bordeaux.fr\/disciplines\/sti-college\/wp-content\/uploads\/sites\/63\/2024\/06\/logo-eac-grand-768x708.jpg 768w\" sizes=\"auto, (max-width: 450px) 100vw, 450px\" \/><strong>Ouverture de l&#8217;appel \u00e0 projets d&#8217;\u00e9ducation artistique et culturelle 2024-2025. <\/strong><\/p>\n<p>Tous les professeurs des premier et second degr\u00e9s sont invit\u00e9s \u00e0 monter des projets dans les 8 domaines de l&#8217;\u00e9ducation artistique et culturelle :<b>\u00a0 Arts visuels et patrimoine, Cin\u00e9ma &#8211; Audiovisuel, Culture scientifique technique et industrielle, l&#8217;\u00c9ducation aux m\u00e9dias et \u00e0 l&#8217;information, Histoire et m\u00e9moire, Livre et lecture, Musique, Spectacle vivant (th\u00e9\u00e2tre, danse et arts du cirque).<\/b><\/p>\n<p>Les outils de pr\u00e9sentation et d&#8217;accompagnement de cet appel \u00e0 projets figurent sur le site de l&#8217;acad\u00e9mie, en suivant le lien : <a class=\"moz-txt-link-freetext\" href=\"https:\/\/www.ac-bordeaux.fr\/appel-a-projets-adage-2024-2025-131148\">https:\/\/www.ac-bordeaux.fr\/appel-a-projets-adage-2024-2025-131148<\/a><\/p>\n<p>Vous y trouverez le catalogue des propositions de la DAAC que les \u00e9quipes p\u00e9dagogiques sont invit\u00e9es \u00e0 consulter. Une fois les propositions s\u00e9lectionn\u00e9es, les d\u00e9marches de candidature se poursuivent sur l&#8217;application ADAGE (accessible via le portail ARENA).<\/p>\n<p>Tous les professeurs, quelle que soit leur discipline, peuvent participer, <u><b>jusqu&#8217;au 16 juin inclus<\/b>,<\/u> \u00e0 cet appel \u00e0 projets.<\/p>\n<p>&nbsp;<\/p>\n<p>&nbsp;<\/p>\n<p>&nbsp;<\/p>\n<p><strong>PRESENTATION de l&#8217;appel \u00e0 projets<\/strong><\/p>\n<p><a href=\"https:\/\/airtable.com\/appq0kV84OaKnNWXE\/shrrzs2clXiULw7jc\/tblgPwhQyb7NMDyyT\" target=\"_blank\" rel=\"noopener\"><strong>Voir la liste des propositions acad\u00e9miques dans le domaine &#8220;Culture scientifique, technique et industrielle&#8221;<\/strong><\/a><\/p>\n<p><strong><a href=\"https:\/\/airtable.com\/appq0kV84OaKnNWXE\/shrrzs2clXiULw7jc\/tblgPwhQyb7NMDyyT\" target=\"_blank\" rel=\"noopener\"><img loading=\"lazy\" decoding=\"async\" class=\"wp-image-18091 alignleft\" src=\"https:\/\/ent2d.ac-bordeaux.fr\/disciplines\/sti-college\/wp-content\/uploads\/sites\/63\/2024\/06\/Airtable.jpg\" alt=\"\" width=\"450\" height=\"325\" srcset=\"https:\/\/ent2d.ac-bordeaux.fr\/disciplines\/sti-college\/wp-content\/uploads\/sites\/63\/2024\/06\/Airtable.jpg 1024w, https:\/\/ent2d.ac-bordeaux.fr\/disciplines\/sti-college\/wp-content\/uploads\/sites\/63\/2024\/06\/Airtable-300x217.jpg 300w, https:\/\/ent2d.ac-bordeaux.fr\/disciplines\/sti-college\/wp-content\/uploads\/sites\/63\/2024\/06\/Airtable-768x554.jpg 768w\" sizes=\"auto, (max-width: 450px) 100vw, 450px\" \/><\/a>A &#8211; Les propositions de l\u2019appel \u00e0 projets 2024-2025 : une consultation facilit\u00e9e :<\/strong><\/p>\n<p><strong>Un catalogue<em> AIRTABLE<\/em> est consultable en ligne<\/strong>, par les \u00e9quipes p\u00e9dagogiques. Il ne demande pas d\u2019interaction, mais constitue une base documentaire actualis\u00e9e au quotidien pour vous guider dans l\u2019inscription \u00e0 la campagne <em>ADAGE<\/em>.<\/p>\n<p><strong><em>1-AIRTABLE <\/em><\/strong><strong>vous pr\u00e9sente des \u00ab\u00a0propositions cl\u00e9s en mains\u00a0\u00bb, pr\u00e9par\u00e9es au niveau acad\u00e9mique avec les partenaires des collectivit\u00e9s et du secteur artistique, scientifique et culturel, ou con\u00e7ues par des collectivit\u00e9s territoriales. <\/strong><\/p>\n<p>Ces offres directes de projets et \u00e9v\u00e9nements EAC \u00ab\u00a0cl\u00e9s en main\u00a0\u00bb s\u2019affichent en cadres- images, accessibles selon sa navigation libre, gr\u00e2ce aux filtres de l\u2019outil :<\/p>\n<ul>\n<li><u>S\u00e9lectionnez un domaine particulier de l\u2019EAC<\/u>: arts visuels et patrimoine ; cin\u00e9ma et audiovisuel ; culture scientifique, technique et industrielle ; histoire et m\u00e9moire ; \u00e9ducation aux m\u00e9dias et \u00e0 l&#8217;information ; livre et lecture ; mus\u00e9es\u00a0; musique ; spectacles vivants (danse, th\u00e9\u00e2tre et arts du cirque) \u2026<\/li>\n<li><u>S\u00e9lectionnez le p\u00e9rim\u00e8tre territorial\u00a0exploitable par l\u2019\u00e9cole ou l\u2019\u00e9tablissement :<\/u> acad\u00e9mie, d\u00e9partement, groupements de communes, commune \u2026<\/li>\n<li><u>Recherchez une nature ou forme sp\u00e9cifique de l&#8217;offre<\/u>: atelier artistique ou scientifique, r\u00e9sidence, manifestation culturelle locale ou nationale&#8230;).<\/li>\n<\/ul>\n<p>Des propositions et projets enrichiront au fil de l\u2019eau ce catalogue, qui souhaite livrer au final l\u2019offre la plus exhaustive possible, sous la pr\u00e9sentation la plus facilitante. Des propositions ind\u00e9pendantes des partenaires, non trait\u00e9es sous <em>ADAGE\u00a0<\/em>peuvent aussi y para\u00eetre.<\/p>\n<p><strong>2-Des demandes particuli\u00e8res des \u00e9coles et \u00e9tablissements peuvent toujours s\u2019exprimer sur ADAGE, marquant son action EAC dans le moyen ou long terme (ateliers ; r\u00e9sidences), o\u00f9 exploitant une id\u00e9e innovante des \u00e9quipes (\u00ab projets libres avec-ou sans demande d\u2019accompagnement \u00bb)<em>. <\/em><\/strong>Une courte information sur <em>AIRTABLE<\/em> vous rappelle donc que ces initiatives des \u00e9coles, groupement d\u2019\u00e9coles, \u00e9tablissements ou groupements d\u2019\u00e9tablissements feront, \u00e0 l\u2019issue des campagnes de saisies, l\u2019objet d\u2019examen et validation.<\/p>\n<p>&nbsp;<\/p>\n<p><strong>B &#8211; Les modalit\u00e9s de participation \u00e0 l\u2019appel \u00e0 projets 2024-2025\u00a0<\/strong><\/p>\n<p><strong>Si vous adh\u00e9rez \u00e0 une proposition acad\u00e9mique du catalogue <em>AIRTABLE,<\/em><\/strong> des fiches-projets sont d\u00e9clin\u00e9es pour chaque offre, dont les principes et descriptions peuvent \u00eatre repris dans les rubriques du formulaire d\u2019inscription <em>ADAGE<\/em>. <u>Le titre de la campagne devra \u00eatre recherch\u00e9 sur <\/u><a href=\"https:\/\/portailrh.ac-bordeaux.fr\/login\/ct_logon_mixte.jsp?CT_ORIG_URL=%2Farena%2F\">ADAGE<\/a>.<\/p>\n<ul>\n<li>A NOTER : le feuillet de pr\u00e9vision financi\u00e8re du projet sur ADAGE est un outil relevant du pilotage budg\u00e9taire des \u00e9coles et \u00e9tablissements, disponible pour les \u00e9quipes de direction ; il n\u2019est pas exig\u00e9 par les services acad\u00e9miques lors du d\u00e9p\u00f4t des projets sauf en cas de demande de compl\u00e9ment de financement DAAC \u2013 \u00e0 la diff\u00e9rence des autres rubriques (descriptif, classes concern\u00e9es etc.).<\/li>\n<\/ul>\n<ul>\n<li><strong><u>Dans tous les cas<\/u><\/strong><strong>, proposition \u00ab\u00a0pr\u00eate \u00e0 l\u2019emploi\u00a0\u00bb ou initiative de l\u2019\u00e9cole ou de l\u2019\u00e9tablissement, les projets peuvent solliciter un accompagnement des DAAC\u00a0:<\/strong>\n<ul>\n<li>Un appui en conseil, ou formation pour r\u00e9ussir sa d\u00e9marche de projet peut \u00eatre formul\u00e9e<\/li>\n<li>Une demande subsidiaire de participation en termes financiers peut \u00eatre exprim\u00e9e.<\/li>\n<\/ul>\n<\/li>\n<\/ul>\n<p>&nbsp;<\/p>\n<p><strong>C &#8211; Les r\u00e8gles de validation dans le cadre de l\u2019appel \u00e0 projet 2024-2025\u00a0<\/strong><\/p>\n<p><strong>Les projets des \u00e9coles et des \u00e9tablissements doivent tous \u00eatre saisis dans ADAGE dans les d\u00e9lais de l\u2019appel \u00e0 projets 2024-2025. <\/strong><\/p>\n<p><strong>Les IEN comme les chefs d\u2019\u00e9tablissements doivent exprimer un avis sur chaque demande. Afin de ne pas invalider l\u2019appel \u00e0 projets 2024-2025, en l\u2019absence d\u2019expression locale de ces avis, l\u2019\u00e9chelon acad\u00e9mique des DAAC est habilit\u00e9 \u00e0 se substituer pour en \u00e9valuer la pertinence.<\/strong><\/p>\n<p><strong>Des commissions d\u00e9partementales MEN \u2013 MCC examineront et valideront les projets saisis dans <em>ADAGE <\/em>d\u00e9but juillet<em> 2024<\/em>. <\/strong><\/p>\n<p>D\u2019\u00e9vidence, les \u00ab\u00a0projets libres\u00a0\u00bb \u00e0 l\u2019initiative \u00e9cole(s) ou \u00e9tablissement(s) doivent respecter les principes fondamentaux de l\u2019EAC (cf. Charte de l\u2019EAC de 2016) et si possible aux orientations des projets d\u2019\u00e9cole ou d\u2019\u00e9tablissement.<strong> Ces \u00ab\u00a0projets\u00a0libres\u00a0\u00bb seront examin\u00e9s <u>A L\u2019EXCEPTION<\/u> de ceux d\u00e9pos\u00e9s, pour 2024-2025, par des structures scolaires n\u2019ayant pas assur\u00e9 le renseignement des projets r\u00e9alis\u00e9s dans l\u2019ann\u00e9e en cours 2023-2024 <\/strong>(renseignement de l\u2019action r\u00e9alis\u00e9e avec les \u00e9l\u00e8ves participants).<\/p>\n<p>Il est important de rappeler en effet que seul <strong>le recensement <em>a posteriori<\/em> de la bonne r\u00e9alisation de l\u2019action garantit sa visibilit\u00e9, mais surtout permet de renseigner le parcours EAC individuel de l\u2019\u00e9l\u00e8ve, gr\u00e2ce \u00e0 la saisie de sa participation.<\/strong><\/p>\n<p><strong>D\u2019autre part, des cr\u00e9dits MEN seront le cas \u00e9ch\u00e9ant, r\u00e9partis, dans le cadre de ces commissions et dans les limites de l\u2019enveloppe allou\u00e9e, <u>SOUS LA CONDITION<\/u> expresse, POUR LE SECOND DEGRE, d\u2019absence av\u00e9r\u00e9e de cr\u00e9dits pass Culture disponibles.<\/strong><\/p>\n<p>&nbsp;<\/p>\n<p>Les d\u00e9l\u00e9gu\u00e9s acad\u00e9miques et leurs \u00e9quipes des acad\u00e9mies de Bordeaux, Limoges et Poitiers comptent sur votre implication en retour pour partager l&#8217;information des dates de cette campagne AAP, entre la mi-mai et mi-juin 2024 et pour inciter chacun \u00e0 se projeter dans l\u2019int\u00e9r\u00eat de la g\u00e9n\u00e9ralisation de l\u2019EAC au b\u00e9n\u00e9fice de tous les \u00e9l\u00e8ves.<\/p>\n<p>Nous vous engageons, par ailleurs, \u00e0 visiter le site de la DAAC de votre acad\u00e9mie pour prendre connaissance des organisations sp\u00e9cifiques de chacune\u00a0; et d\u2019assurer une veille de l\u2019actualisation d\u2019<em>AIRTABLE<\/em> comme d\u2019ADAGE, jusqu\u2019\u00e0 sa cl\u00f4ture.<\/p>\n<p>Pour r\u00e9pondre \u00e0 vos questions et vous accompagner dans la conception de vos projets d&#8217;EAC, les DAAC des acad\u00e9mies de Bordeaux, Limoges et Poitiers, les douze DSDEN et la DRAC de Nouvelle-Aquitaine vous assurent de leur \u00e9coute.<\/p>\n<p><strong><em>\u00a0<\/em><\/strong><\/p>\n<p><strong><em>Les liens utiles \u00e0 l\u2019acc\u00e8s AAP 2024-2025\u00a0:<\/em><\/strong><\/p>\n<h3>\u00b7\u00a0\u00a0\u00a0\u00a0\u00a0\u00a0\u00a0\u00a0 <a href=\"https:\/\/airtable.com\/appq0kV84OaKnNWXE\/shropzq9wHrzQQ7SN\">Catalogue AIRTABLE des dispositifs DAAC Bordeaux &#8211; Appel \u00e0 projets mi mai &#8211; 16 juin 2024<\/a><\/h3>\n<h3>\u00b7\u00a0\u00a0\u00a0\u00a0\u00a0\u00a0\u00a0 <a href=\"https:\/\/airtable.com\/appq0kV84OaKnNWXE\/shrletIGsGyyEhmfm\">Catalogue AIRTABLE des dispositifs d&#8217;EAC R\u00e9gion Acad\u00e9mique de Nouvelle-Aquitaine<\/a><\/h3>\n<ul>\n<li><a href=\"https:\/\/portailrh.ac-bordeaux.fr\/login\/ct_logon_mixte.jsp?CT_ORIG_URL=%2Farena%2F\">ADAGE<\/a><\/li>\n<\/ul>\n<p>&nbsp;<\/p>\n","protected":false},"excerpt":{"rendered":"<p>Ouverture de l&#8217;appel \u00e0 projets d&#8217;\u00e9ducation artistique et culturelle 2024-2025. Tous les professeurs des premier et second degr\u00e9s sont invit\u00e9s<\/p>\n","protected":false},"author":210,"featured_media":18088,"comment_status":"closed","ping_status":"closed","sticky":false,"template":"","format":"standard","meta":{"footnotes":""},"categories":[9],"tags":[],"class_list":["post-18086","post","type-post","status-publish","format-standard","has-post-thumbnail","hentry","category-actualites"],"_links":{"self":[{"href":"https:\/\/ent2d.ac-bordeaux.fr\/disciplines\/sti-college\/wp-json\/wp\/v2\/posts\/18086","targetHints":{"allow":["GET"]}}],"collection":[{"href":"https:\/\/ent2d.ac-bordeaux.fr\/disciplines\/sti-college\/wp-json\/wp\/v2\/posts"}],"about":[{"href":"https:\/\/ent2d.ac-bordeaux.fr\/disciplines\/sti-college\/wp-json\/wp\/v2\/types\/post"}],"author":[{"embeddable":true,"href":"https:\/\/ent2d.ac-bordeaux.fr\/disciplines\/sti-college\/wp-json\/wp\/v2\/users\/210"}],"replies":[{"embeddable":true,"href":"https:\/\/ent2d.ac-bordeaux.fr\/disciplines\/sti-college\/wp-json\/wp\/v2\/comments?post=18086"}],"version-history":[{"count":3,"href":"https:\/\/ent2d.ac-bordeaux.fr\/disciplines\/sti-college\/wp-json\/wp\/v2\/posts\/18086\/revisions"}],"predecessor-version":[{"id":18092,"href":"https:\/\/ent2d.ac-bordeaux.fr\/disciplines\/sti-college\/wp-json\/wp\/v2\/posts\/18086\/revisions\/18092"}],"wp:featuredmedia":[{"embeddable":true,"href":"https:\/\/ent2d.ac-bordeaux.fr\/disciplines\/sti-college\/wp-json\/wp\/v2\/media\/18088"}],"wp:attachment":[{"href":"https:\/\/ent2d.ac-bordeaux.fr\/disciplines\/sti-college\/wp-json\/wp\/v2\/media?parent=18086"}],"wp:term":[{"taxonomy":"category","embeddable":true,"href":"https:\/\/ent2d.ac-bordeaux.fr\/disciplines\/sti-college\/wp-json\/wp\/v2\/categories?post=18086"},{"taxonomy":"post_tag","embeddable":true,"href":"https:\/\/ent2d.ac-bordeaux.fr\/disciplines\/sti-college\/wp-json\/wp\/v2\/tags?post=18086"}],"curies":[{"name":"wp","href":"https:\/\/api.w.org\/{rel}","templated":true}]}}