{"id":12464,"date":"2020-08-24T15:09:57","date_gmt":"2020-08-24T13:09:57","guid":{"rendered":"https:\/\/ent2d.ac-bordeaux.fr\/disciplines\/sti-college\/?p=12464"},"modified":"2020-08-24T15:27:35","modified_gmt":"2020-08-24T13:27:35","slug":"plan-de-continuite-pedagogique-rentree-2020","status":"publish","type":"post","link":"https:\/\/ent2d.ac-bordeaux.fr\/disciplines\/sti-college\/2020\/08\/24\/plan-de-continuite-pedagogique-rentree-2020\/","title":{"rendered":"Plan de continuit\u00e9 p\u00e9dagogique et protocoles &#8211; Rentr\u00e9e 2020"},"content":{"rendered":"<p style=\"text-align: justify\"><a href=\"https:\/\/eduscol.education.fr\/cid152893\/rentree-scolaire-2020-plan-de-continuite-pedagogique.html\" target=\"_blank\" rel=\"noopener noreferrer\"><img loading=\"lazy\" decoding=\"async\" class=\"wp-image-12465 alignleft\" src=\"https:\/\/ent2d.ac-bordeaux.fr\/disciplines\/sti-college\/wp-content\/uploads\/sites\/63\/2020\/08\/PlanContinuit\u00e9Pedagogique-300x151.jpg\" alt=\"\" width=\"450\" height=\"227\" srcset=\"https:\/\/ent2d.ac-bordeaux.fr\/disciplines\/sti-college\/wp-content\/uploads\/sites\/63\/2020\/08\/PlanContinuit\u00e9Pedagogique-300x150.jpg 300w, https:\/\/ent2d.ac-bordeaux.fr\/disciplines\/sti-college\/wp-content\/uploads\/sites\/63\/2020\/08\/PlanContinuit\u00e9Pedagogique-768x387.jpg 768w, https:\/\/ent2d.ac-bordeaux.fr\/disciplines\/sti-college\/wp-content\/uploads\/sites\/63\/2020\/08\/PlanContinuit\u00e9Pedagogique.jpg 857w\" sizes=\"auto, (max-width: 450px) 100vw, 450px\" \/><\/a>Le minist\u00e8re de l&#8217;\u00c9ducation nationale, de la Jeunesse et des Sports met \u00e0 la disposition des directeurs d&#8217;\u00e9cole, des chefs d&#8217;\u00e9tablissement, des inspecteurs et des professeurs un ensemble d&#8217;outils pour la pr\u00e9paration de la rentr\u00e9e scolaire 2020 dans l&#8217;hypoth\u00e8se d&#8217;une circulation active du virus sur tout ou partie du territoire.<\/p>\n<p>&nbsp;<\/p>\n<p><strong><a href=\"https:\/\/eduscol.education.fr\/cid152893\/rentree-scolaire-2020-plan-de-continuite-pedagogique.html\" target=\"_blank\" rel=\"noopener noreferrer\" data-slimstat=\"5\">En savoir plus \u2026<\/a><\/strong><\/p>\n","protected":false},"excerpt":{"rendered":"<p>Le minist\u00e8re de l&#8217;\u00c9ducation nationale, de la Jeunesse et des Sports met \u00e0 la disposition des directeurs d&#8217;\u00e9cole, des chefs<\/p>\n","protected":false},"author":210,"featured_media":12466,"comment_status":"closed","ping_status":"closed","sticky":false,"template":"","format":"standard","meta":{"footnotes":""},"categories":[9],"tags":[],"class_list":["post-12464","post","type-post","status-publish","format-standard","has-post-thumbnail","hentry","category-actualites"],"_links":{"self":[{"href":"https:\/\/ent2d.ac-bordeaux.fr\/disciplines\/sti-college\/wp-json\/wp\/v2\/posts\/12464","targetHints":{"allow":["GET"]}}],"collection":[{"href":"https:\/\/ent2d.ac-bordeaux.fr\/disciplines\/sti-college\/wp-json\/wp\/v2\/posts"}],"about":[{"href":"https:\/\/ent2d.ac-bordeaux.fr\/disciplines\/sti-college\/wp-json\/wp\/v2\/types\/post"}],"author":[{"embeddable":true,"href":"https:\/\/ent2d.ac-bordeaux.fr\/disciplines\/sti-college\/wp-json\/wp\/v2\/users\/210"}],"replies":[{"embeddable":true,"href":"https:\/\/ent2d.ac-bordeaux.fr\/disciplines\/sti-college\/wp-json\/wp\/v2\/comments?post=12464"}],"version-history":[{"count":3,"href":"https:\/\/ent2d.ac-bordeaux.fr\/disciplines\/sti-college\/wp-json\/wp\/v2\/posts\/12464\/revisions"}],"predecessor-version":[{"id":12469,"href":"https:\/\/ent2d.ac-bordeaux.fr\/disciplines\/sti-college\/wp-json\/wp\/v2\/posts\/12464\/revisions\/12469"}],"wp:featuredmedia":[{"embeddable":true,"href":"https:\/\/ent2d.ac-bordeaux.fr\/disciplines\/sti-college\/wp-json\/wp\/v2\/media\/12466"}],"wp:attachment":[{"href":"https:\/\/ent2d.ac-bordeaux.fr\/disciplines\/sti-college\/wp-json\/wp\/v2\/media?parent=12464"}],"wp:term":[{"taxonomy":"category","embeddable":true,"href":"https:\/\/ent2d.ac-bordeaux.fr\/disciplines\/sti-college\/wp-json\/wp\/v2\/categories?post=12464"},{"taxonomy":"post_tag","embeddable":true,"href":"https:\/\/ent2d.ac-bordeaux.fr\/disciplines\/sti-college\/wp-json\/wp\/v2\/tags?post=12464"}],"curies":[{"name":"wp","href":"https:\/\/api.w.org\/{rel}","templated":true}]}}