{"id":12409,"date":"2018-01-21T06:20:29","date_gmt":"2018-01-21T05:20:29","guid":{"rendered":"https:\/\/ent2d.ac-bordeaux.fr\/disciplines\/sti-college\/?p=12409"},"modified":"2021-10-31T22:01:18","modified_gmt":"2021-10-31T21:01:18","slug":"concours-creons-ensemble","status":"publish","type":"post","link":"https:\/\/ent2d.ac-bordeaux.fr\/disciplines\/sti-college\/2018\/01\/21\/concours-creons-ensemble\/","title":{"rendered":"Concours Cr\u00e9ons-Ensemble"},"content":{"rendered":"<p style=\"font-weight: 400;text-align: justify\"><img loading=\"lazy\" decoding=\"async\" class=\" wp-image-12126 alignleft\" src=\"https:\/\/ent2d.ac-bordeaux.fr\/disciplines\/sti-college\/wp-content\/uploads\/sites\/63\/2020\/06\/creons-ensemble-academie-bordeaux1-300x150.jpg\" alt=\"\" width=\"394\" height=\"197\" \/>Le Rectorat, le Conseil R\u00e9gional et la CCI de Nouvelle-Aquitaine sont heureux de lancer la 22<sup>\u00e8me<\/sup> \u00e9dition du concours \u00ab <a href=\"http:\/\/www.ac-bordeaux.fr\/cid142564\/20eme-edition-du-concours-regional-de-creation-d-entreprise-creons-ensemble.html\" target=\"_blank\" rel=\"noopener noreferrer\">Cr\u00e9ons-Ensemble<\/a> \u00bb<\/p>\n<p style=\"font-weight: 400;text-align: justify\"><strong>Le principe du concours <\/strong>:<\/p>\n<p style=\"font-weight: 400;text-align: justify\">Une \u00e9quipe de <strong>4 \u00e0 6 candidats<\/strong>\u00a0encadr\u00e9e et accompagn\u00e9e, du coll\u00e8ge (3<sup>\u00e8me<\/sup>) au BTS, et CFA, aux classes passerelles \u2026, \u00e9tablissements publics et priv\u00e9s de Nouvelle-Aquitaine (acad\u00e9mies de Bordeaux, Limoges et Poitiers),<\/p>\n<ul>\n<li style=\"font-weight: 400\">\u00a0 Une <strong>id\u00e9e\u00a0<\/strong>de cr\u00e9ation de produit ou de service originale,<\/li>\n<li style=\"font-weight: 400\">\u00a0 Une <strong>\u00e9tude de march\u00e9<\/strong>\u00a0sur le territoire N\u00e9o-Aquitain<\/li>\n<li style=\"font-weight: 400\">\u00a0 Une mod\u00e9lisation via le Business Model GRP et sa plateforme d\u00e9di\u00e9e<\/li>\n<\/ul>\n<p style=\"font-weight: 400\">Une <strong>finale\u00a0<\/strong>\u00e9v\u00e9nement en r\u00e9gion avec un jury de professionnels,\u00a0<strong>d\u00e9but juin<\/strong>, dot\u00e9e de nombreux prix<\/p>\n<p style=\"font-weight: 400\"><strong>Visualisez le teaser de l\u2019\u00e9dition des 20 ans<\/strong>\u00a0:\u00a0<a href=\"https:\/\/youtu.be\/TI9oEFpDrfI\" target=\"_blank\" rel=\"noopener noreferrer\">https:\/\/youtu.be\/TI9oEFpDrfI<\/a><\/p>\n<p style=\"font-weight: 400\"><strong>Les \u00e9l\u00e9ments \u00e0 produire\u00a0<\/strong>:<\/p>\n<ul>\n<li style=\"font-weight: 400\">\u00a0Un <strong>business model<\/strong>\u00a0(plan d\u2019affaire) pour caract\u00e9risation du projet<\/li>\n<li style=\"font-weight: 400\">\u00a0Un <strong>teaser<\/strong>\u00a0(courte vid\u00e9o) de 2 minutes maximum pour outil marketing<\/li>\n<li style=\"font-weight: 400\">\u00a0Un <strong>pitch<\/strong> (oral) de 90 secondes pour communication impactante et force de conviction<\/li>\n<li style=\"font-weight: 400\">\u00a0Et pourquoi pas \u2026 <strong>un prototype<\/strong>\u00a0afin de t\u00e9moigner de l&#8217;acquisition des savoirs et des gestes propres \u00e0 un m\u00e9tier (chef d\u2019\u0153uvre)<\/li>\n<\/ul>\n<p style=\"font-weight: 400\"><strong>Les plus<\/strong><\/p>\n<ul>\n<li style=\"font-weight: 400\">Dans le cadre des parcours <strong>Avenir et Citoyen<\/strong><\/li>\n<li style=\"font-weight: 400\">A votre rythme, sur l\u2019ann\u00e9e scolaire<\/li>\n<li style=\"font-weight: 400\">Acc\u00e8s aux outils collaboratifs de la\u00a0<a href=\"http:\/\/grp-lab.com\/\" target=\"_blank\" rel=\"noopener noreferrer\">plateforme GRP-Lab<\/a><\/li>\n<li style=\"font-weight: 400\">Une mallette p\u00e9dagogique comprenant des guides et tutoriels vid\u00e9o pour la prise en main de l\u2019outil GRP-Lab, ainsi que pour l\u2019\u00e9laboration du pitch et du teaser.<\/li>\n<li style=\"font-weight: 400\">Un suivi \u00e0 distance du projet tout au long de l\u2019ann\u00e9e par l\u2019\u00e9quipe Cr\u00e9ons-Ensemble<\/li>\n<li style=\"font-weight: 400\">Un concours qui peut accompagner sur 2 ans un projet p\u00e9dagogique ambitieux<\/li>\n<li style=\"font-weight: 400\"><strong>Inscription gratuite : p<b>our vous inscrire, c\u2019est<a href=\"https:\/\/forms.gle\/yqU8JHRHbnjV2myZA\" target=\"_blank\" rel=\"noopener noreferrer\">\u00a0ICI<\/a><\/b><\/strong><\/li>\n<\/ul>\n<p>Des questions ? Contact\u00a0:\u00a0<a title=\"Composer un message \u00e0 creons-ensemble@ac-bordeaux.fr\">creons-ensemble@ac-bordeaux.fr<\/a><\/p>\n","protected":false},"excerpt":{"rendered":"<p>Le Rectorat, le Conseil R\u00e9gional et la CCI de Nouvelle-Aquitaine sont heureux de lancer la 22\u00e8me \u00e9dition du concours \u00ab<\/p>\n","protected":false},"author":969,"featured_media":12126,"comment_status":"closed","ping_status":"closed","sticky":false,"template":"","format":"standard","meta":{"footnotes":""},"categories":[365],"tags":[],"class_list":["post-12409","post","type-post","status-publish","format-standard","has-post-thumbnail","hentry","category-archives"],"_links":{"self":[{"href":"https:\/\/ent2d.ac-bordeaux.fr\/disciplines\/sti-college\/wp-json\/wp\/v2\/posts\/12409","targetHints":{"allow":["GET"]}}],"collection":[{"href":"https:\/\/ent2d.ac-bordeaux.fr\/disciplines\/sti-college\/wp-json\/wp\/v2\/posts"}],"about":[{"href":"https:\/\/ent2d.ac-bordeaux.fr\/disciplines\/sti-college\/wp-json\/wp\/v2\/types\/post"}],"author":[{"embeddable":true,"href":"https:\/\/ent2d.ac-bordeaux.fr\/disciplines\/sti-college\/wp-json\/wp\/v2\/users\/969"}],"replies":[{"embeddable":true,"href":"https:\/\/ent2d.ac-bordeaux.fr\/disciplines\/sti-college\/wp-json\/wp\/v2\/comments?post=12409"}],"version-history":[{"count":5,"href":"https:\/\/ent2d.ac-bordeaux.fr\/disciplines\/sti-college\/wp-json\/wp\/v2\/posts\/12409\/revisions"}],"predecessor-version":[{"id":12439,"href":"https:\/\/ent2d.ac-bordeaux.fr\/disciplines\/sti-college\/wp-json\/wp\/v2\/posts\/12409\/revisions\/12439"}],"wp:featuredmedia":[{"embeddable":true,"href":"https:\/\/ent2d.ac-bordeaux.fr\/disciplines\/sti-college\/wp-json\/wp\/v2\/media\/12126"}],"wp:attachment":[{"href":"https:\/\/ent2d.ac-bordeaux.fr\/disciplines\/sti-college\/wp-json\/wp\/v2\/media?parent=12409"}],"wp:term":[{"taxonomy":"category","embeddable":true,"href":"https:\/\/ent2d.ac-bordeaux.fr\/disciplines\/sti-college\/wp-json\/wp\/v2\/categories?post=12409"},{"taxonomy":"post_tag","embeddable":true,"href":"https:\/\/ent2d.ac-bordeaux.fr\/disciplines\/sti-college\/wp-json\/wp\/v2\/tags?post=12409"}],"curies":[{"name":"wp","href":"https:\/\/api.w.org\/{rel}","templated":true}]}}