{"id":6135,"date":"2024-06-24T19:18:00","date_gmt":"2024-06-24T18:18:00","guid":{"rendered":"https:\/\/ent2d.ac-bordeaux.fr\/disciplines\/ses\/?p=6135"},"modified":"2024-08-29T19:22:37","modified_gmt":"2024-08-29T18:22:37","slug":"lis-24-06-2024","status":"publish","type":"post","link":"https:\/\/ent2d.ac-bordeaux.fr\/disciplines\/ses\/2024\/06\/24\/lis-24-06-2024\/","title":{"rendered":"Lis@ 24\/06\/24"},"content":{"rendered":"\n<p>Bonjour<\/p>\n\n\n\n<p>Vous trouverez ci-joint la Lis@ du 24 juin 2024 avec des informations notamment sur le nouveau programme de SES en terminale pour l&#8217;ann\u00e9e 2024.2025<\/p>\n\n\n\n<p>Bien cordialement<\/p>\n\n\n\n<p>L&#8217;inspection de SES de l&#8217;acad\u00e9mie de Bordeaux.<\/p>\n\n\n\n<ul>        <li><a href=\"https:\/\/ent2d.ac-bordeaux.fr\/disciplines\/ses\/wp-content\/uploads\/sites\/9\/2024\/08\/Lis@-24-juin-2024.pdf\" target=\"_blank\" rel=\"noopener\">Lis@ 24 juin 2024.pdf<\/a><\/li>\n        <li><a href=\"https:\/\/ent2d.ac-bordeaux.fr\/disciplines\/ses\/wp-content\/uploads\/sites\/9\/2024\/08\/Conf-SES-Juin-2024-Me\u0301lissa-Bonnet.pdf\" target=\"_blank\" rel=\"noopener\">Conf SES Juin 2024 M\u00e9lissa Bonnet.pdf<\/a><\/li>\n        <li><a href=\"https:\/\/ent2d.ac-bordeaux.fr\/disciplines\/ses\/wp-content\/uploads\/sites\/9\/2024\/08\/Journe\u0301e-de-formation-sur-DURKHEIM.pptx\" target=\"_blank\" rel=\"noopener\">Journ\u00e9e de formation sur DURKHEIM.pptx<\/a><\/li>\n        <li><a href=\"https:\/\/ent2d.ac-bordeaux.fr\/disciplines\/ses\/wp-content\/uploads\/sites\/9\/2024\/08\/Lec\u0327ons-socio-criminelle-pre\u0301sentation.pptx\" target=\"_blank\" rel=\"noopener\">Le\u00e7ons socio criminelle pr\u00e9sentation.pptx<\/a><\/li>\n\n    <\/ul>\n","protected":false},"excerpt":{"rendered":"<p>Bonjour Vous trouverez ci-joint la Lis@ du 24 juin 2024 avec des informations notamment sur le nouveau programme de SES en terminale pour l&#8217;ann\u00e9e 2024.2025 Bien cordialement L&#8217;inspection de SES de l&#8217;acad\u00e9mie de Bordeaux. Lis@ 24 juin 2024.pdf Conf SES Juin 2024 M\u00e9lissa Bonnet.pdf Journ\u00e9e de formation sur DURKHEIM.pptx Le\u00e7ons socio criminelle pr\u00e9sentation.pptx<\/p>\n","protected":false},"author":2435,"featured_media":0,"comment_status":"closed","ping_status":"closed","sticky":false,"template":"","format":"standard","meta":{"footnotes":""},"categories":[633,677],"tags":[],"class_list":["post-6135","post","type-post","status-publish","format-standard","hentry","category-actualites","category-lisa","nodate","item-wrap"],"_links":{"self":[{"href":"https:\/\/ent2d.ac-bordeaux.fr\/disciplines\/ses\/wp-json\/wp\/v2\/posts\/6135","targetHints":{"allow":["GET"]}}],"collection":[{"href":"https:\/\/ent2d.ac-bordeaux.fr\/disciplines\/ses\/wp-json\/wp\/v2\/posts"}],"about":[{"href":"https:\/\/ent2d.ac-bordeaux.fr\/disciplines\/ses\/wp-json\/wp\/v2\/types\/post"}],"author":[{"embeddable":true,"href":"https:\/\/ent2d.ac-bordeaux.fr\/disciplines\/ses\/wp-json\/wp\/v2\/users\/2435"}],"replies":[{"embeddable":true,"href":"https:\/\/ent2d.ac-bordeaux.fr\/disciplines\/ses\/wp-json\/wp\/v2\/comments?post=6135"}],"version-history":[{"count":5,"href":"https:\/\/ent2d.ac-bordeaux.fr\/disciplines\/ses\/wp-json\/wp\/v2\/posts\/6135\/revisions"}],"predecessor-version":[{"id":6146,"href":"https:\/\/ent2d.ac-bordeaux.fr\/disciplines\/ses\/wp-json\/wp\/v2\/posts\/6135\/revisions\/6146"}],"wp:attachment":[{"href":"https:\/\/ent2d.ac-bordeaux.fr\/disciplines\/ses\/wp-json\/wp\/v2\/media?parent=6135"}],"wp:term":[{"taxonomy":"category","embeddable":true,"href":"https:\/\/ent2d.ac-bordeaux.fr\/disciplines\/ses\/wp-json\/wp\/v2\/categories?post=6135"},{"taxonomy":"post_tag","embeddable":true,"href":"https:\/\/ent2d.ac-bordeaux.fr\/disciplines\/ses\/wp-json\/wp\/v2\/tags?post=6135"}],"curies":[{"name":"wp","href":"https:\/\/api.w.org\/{rel}","templated":true}]}}