{"id":6110,"date":"2024-07-16T18:45:00","date_gmt":"2024-07-16T17:45:00","guid":{"rendered":"https:\/\/ent2d.ac-bordeaux.fr\/disciplines\/ses\/?p=6110"},"modified":"2024-08-29T19:28:17","modified_gmt":"2024-08-29T18:28:17","slug":"lis-16-07-24","status":"publish","type":"post","link":"https:\/\/ent2d.ac-bordeaux.fr\/disciplines\/ses\/2024\/07\/16\/lis-16-07-24\/","title":{"rendered":"Lis@ 16\/07\/24"},"content":{"rendered":"\n<title>Publication du 16 juillet<\/title>\n\n\n\n    <p>Bonjour \u00e0 tous,<\/p>\n    <p>Un dernier message en ce d\u00e9but de cong\u00e9s d&#8217;\u00e9t\u00e9 pour vous signaler la publication sur le site du Coll\u00e8ge de France des <a href=\"https:\/\/ent2d.ac-bordeaux.fr\/disciplines\/ses\/2024\/08\/29\/syntheses-de-cours-du-nouveau-programme-de-terminale-rentree-2024\/\" target=\"_blank\" rel=\"noopener\">nouvelles synth\u00e8ses des questionnements du programme de terminale<\/a>. Ce travail collectif auquel l&#8217;acad\u00e9mie de Bordeaux a particip\u00e9 (Merci \u00e0 Agathe Par\u00e9 pour la r\u00e9daction d&#8217;une synth\u00e8se et \u00e0 Eric Duclos pour ses relectures et pour les <a href=\"#documents-joints\">documents ci-dessous<\/a>) a \u00e9t\u00e9 r\u00e9alis\u00e9 sous la direction de Marc Montouss\u00e9, inspecteur g\u00e9n\u00e9ral et de l&#8217;\u00e9quipe du Coll\u00e8ge de France. Il permet de mieux rep\u00e9rer les attendus essentiels pour chacun des questionnements. Crois\u00e9 avec la r\u00e9duction du nombre de chapitres, ce travail est de nature \u00e0 redonner des marges de man\u0153uvre pour approfondir chaque question, affiner l&#8217;apprentissage des savoir-faire et pr\u00e9parer le Grand oral.<\/p>\n\n    <p>Merci aux correcteurs qui ont r\u00e9pondu \u00e0 l&#8217;enqu\u00eate sur le Bac port\u00e9e par les charg\u00e9s de mission de Bordeaux et de Limoges. Les remarques faites sont pleines de bon sens et traduisent une tr\u00e8s bonne connaissance du programme et de ses attentes.<\/p>\n\n    <p>J&#8217;ai not\u00e9 l&#8217;appr\u00e9ciation positive port\u00e9e sur la r\u00e9partition des missions que je vais relayer \u00e0 la DEC pour essayer de l&#8217;am\u00e9liorer et surtout de la conserver pour les ann\u00e9es \u00e0 venir (en faisant tourner les missions) mais aussi le besoin de pr\u00e9cision autour du Grand oral auquel je n&#8217;ai pas consacr\u00e9 assez d&#8217;attention cette ann\u00e9e.<\/p>\n\n    <p>Pour les attentes en EDS SES, vous avez soulign\u00e9 votre attachement \u00e0 la ma\u00eetrise des savoir-faire et \u00e0 l&#8217;\u00e9valuation de leur mobilisation. Vous restez attach\u00e9s \u00e0 la dissertation en demandant des sujets plus adapt\u00e9s et des attentes en phase avec le niveau d&#8217;exigence pratiqu\u00e9 durant l&#8217;ann\u00e9e. La prise en compte des enjeux de pr\u00e9sentation et d&#8217;expression, y compris l&#8217;orthographe, reste en chantier. Ces remarques vont alimenter la r\u00e9flexion engag\u00e9e avec mes coll\u00e8gues IPR et l&#8217;Inspection g\u00e9n\u00e9rale pour am\u00e9liorer le dispositif d&#8217;\u00e9valuation des \u00e9preuves du Bac dont je vous reparlerai sans doute avant les vacances de Toussaint.<\/p>\n\n    <p>Merci pour la franchise des r\u00e9ponses que vous avez faites, m\u00eame si le taux de r\u00e9ponse est en de\u00e7\u00e0 de ce que j&#8217;attendais (une cinquantaine de r\u00e9ponses) mais on est \u00e0 la fin d&#8217;une ann\u00e9e exigeante.<\/p>\n\n    <p>Bonnes vacances \u00e0 tous,<\/p>\n\n    <p><strong>Fran\u00e7ois Vergnes<\/strong><br>\n    IA-IPR de SES de l&#8217;acad\u00e9mie de Bordeaux et de Limoges.<\/p>\n<ul id=\"documents-joints\">\n<li>\n<a href=\"https:\/\/ent2d.ac-bordeaux.fr\/disciplines\/ses\/2024\/08\/29\/syntheses-de-cours-du-nouveau-programme-de-terminale-rentree-2024\/\" rel=\"noopener\">Synth\u00e8ses de cours du nouveau programme de terminale (rentr\u00e9e 2024)\n<\/a>\n<\/li>`\n<li>\n<a href=\"https:\/\/ent2d.ac-bordeaux.fr\/disciplines\/ses\/wp-content\/uploads\/sites\/9\/2024\/08\/8_Q_SynthC3A8ses_de_cours_de_terminale_2D_CollC3A8ge_de_France_et_I_-nspection-Ge\u0301ne\u0301rale-de-SES.pdf\">Synth\u00e8ses de cours du programme de terminale\n<\/a>\n<\/li>\n<\/ul>\n","protected":false},"excerpt":{"rendered":"<p>Publication du 16 juillet Bonjour \u00e0 tous, Un dernier message en ce d\u00e9but de cong\u00e9s d&#8217;\u00e9t\u00e9 pour vous signaler la publication sur le site du Coll\u00e8ge de France des nouvelles synth\u00e8ses des questionnements du programme de terminale. Ce travail collectif auquel l&#8217;acad\u00e9mie de Bordeaux a particip\u00e9 (Merci \u00e0 Agathe Par\u00e9 pour la r\u00e9daction d&#8217;une synth\u00e8se &hellip; <\/p>\n<p><a class=\"more-link btn\" href=\"https:\/\/ent2d.ac-bordeaux.fr\/disciplines\/ses\/2024\/07\/16\/lis-16-07-24\/\">Lire la suite<\/a><\/p>\n","protected":false},"author":2435,"featured_media":6117,"comment_status":"closed","ping_status":"closed","sticky":false,"template":"","format":"standard","meta":{"footnotes":""},"categories":[633,677],"tags":[],"class_list":["post-6110","post","type-post","status-publish","format-standard","has-post-thumbnail","hentry","category-actualites","category-lisa","nodate","item-wrap"],"_links":{"self":[{"href":"https:\/\/ent2d.ac-bordeaux.fr\/disciplines\/ses\/wp-json\/wp\/v2\/posts\/6110","targetHints":{"allow":["GET"]}}],"collection":[{"href":"https:\/\/ent2d.ac-bordeaux.fr\/disciplines\/ses\/wp-json\/wp\/v2\/posts"}],"about":[{"href":"https:\/\/ent2d.ac-bordeaux.fr\/disciplines\/ses\/wp-json\/wp\/v2\/types\/post"}],"author":[{"embeddable":true,"href":"https:\/\/ent2d.ac-bordeaux.fr\/disciplines\/ses\/wp-json\/wp\/v2\/users\/2435"}],"replies":[{"embeddable":true,"href":"https:\/\/ent2d.ac-bordeaux.fr\/disciplines\/ses\/wp-json\/wp\/v2\/comments?post=6110"}],"version-history":[{"count":8,"href":"https:\/\/ent2d.ac-bordeaux.fr\/disciplines\/ses\/wp-json\/wp\/v2\/posts\/6110\/revisions"}],"predecessor-version":[{"id":6127,"href":"https:\/\/ent2d.ac-bordeaux.fr\/disciplines\/ses\/wp-json\/wp\/v2\/posts\/6110\/revisions\/6127"}],"wp:featuredmedia":[{"embeddable":true,"href":"https:\/\/ent2d.ac-bordeaux.fr\/disciplines\/ses\/wp-json\/wp\/v2\/media\/6117"}],"wp:attachment":[{"href":"https:\/\/ent2d.ac-bordeaux.fr\/disciplines\/ses\/wp-json\/wp\/v2\/media?parent=6110"}],"wp:term":[{"taxonomy":"category","embeddable":true,"href":"https:\/\/ent2d.ac-bordeaux.fr\/disciplines\/ses\/wp-json\/wp\/v2\/categories?post=6110"},{"taxonomy":"post_tag","embeddable":true,"href":"https:\/\/ent2d.ac-bordeaux.fr\/disciplines\/ses\/wp-json\/wp\/v2\/tags?post=6110"}],"curies":[{"name":"wp","href":"https:\/\/api.w.org\/{rel}","templated":true}]}}