{"id":5900,"date":"2024-05-09T09:47:08","date_gmt":"2024-05-09T08:47:08","guid":{"rendered":"https:\/\/ent2d.ac-bordeaux.fr\/disciplines\/ses\/?p=5900"},"modified":"2024-08-29T19:32:07","modified_gmt":"2024-08-29T18:32:07","slug":"lis-7-mai-2024","status":"publish","type":"post","link":"https:\/\/ent2d.ac-bordeaux.fr\/disciplines\/ses\/2024\/05\/09\/lis-7-mai-2024\/","title":{"rendered":"LIS@ 07\/05\/24"},"content":{"rendered":"\n<img decoding=\"async\" width=\"32\" alt=\"Envelope font awesome\" src=\"https:\/\/ent2d.ac-bordeaux.fr\/disciplines\/ses\/wp-content\/uploads\/sites\/9\/2024\/01\/Envelope_font_awesome.svg\" style=\"float: left;margin-right: 10px\">\n<p>7 mai 2024<\/p>\n<div>\n    <p><font size=\"2\">Bonjour,<\/font><br>\n      <span style=\"font-size:11pt;,sans-serif\"> <\/span><\/p>\n    <p><span style=\"font-size:11pt;,sans-serif\">Pour\n        rappel, le <b>mercredi 12 juin de 14 heures \u00e0 17 heures<\/b> au\n        lyc\u00e9e Gustave Eiffel de Bordeaux aura lieu une intervention de <b>Matthieu\n          B\u00e9ra, professeur de sociologie \u00e0 l\u2019universit\u00e9 de Bordeaux<\/b>,\n        rattach\u00e9 \u00e0 l\u2019IRDAP (institut de recherche en droit des affaires\n        et du patrimoine) et sp\u00e9cialiste d&#8217;Emile Durkheim. Au-del\u00e0, des\n        apports sur l&#8217;\u0153uvre d&#8217;Emile Durkheim, des ponts seront faits\n        avec les programmes (m\u00e9tier de sociologue, lien social,\n        socialisation&#8230;). Enfin, un temps d&#8217;\u00e9change avec l&#8217;auditoire\n        est pr\u00e9vu \u00e0 la fin de l\u2019intervention de Matthieu B\u00e9ra.<span><\/span><\/span>\n    <\/p>\n    <p class=\"MsoNormal\" style=\"margin:0cm;text-align:justify;font-size:10pt;font-family:Poppins\"><span style=\"font-size:11pt;,sans-serif\">Pour\n        les enseignants de la Gironde, si vous souhaitez assister \u00e0\n        cette formation en pr\u00e9sentiel, il faut vous inscrire avant le <b>mardi\n          7 mai \u00e0 21 heures <\/b>\u00e0 partir du lien ci-dessous.<\/span><\/p>\n    <p class=\"MsoNormal\" style=\"margin:0cm;text-align:justify;font-size:10pt;font-family:Poppins\"><a href=\"https:\/\/portailrh.ac-bordeaux.fr\/sofia-fmo-acad\/default\/session\/preregistrationadd\/globalSessionId\/72818\/tab\/trainee\/pill\/individualTrainingPlan\/infos\/61782%7C01%7CS1%7C2024-06-12_14:00:00%7C2024-06-12_17:00:00\" target=\"_blank\" data-saferedirecturl=\"https:\/\/www.google.com\/url?q=https:\/\/portailrh.ac-bordeaux.fr\/sofia-fmo-acad\/default\/session\/preregistrationadd\/globalSessionId\/72818\/tab\/trainee\/pill\/individualTrainingPlan\/infos\/61782%257C01%257CS1%257C2024-06-12_14:00:00%257C2024-06-12_17:00:00&amp;source=gmail&amp;ust=1715327497071000&amp;usg=AOvVaw2_TIvMBqxgirEOdIqwVm1A\" rel=\"noopener\">https:\/\/portailrh.ac-bordeaux.fr\/sofia-fmo-acad\/default\/session\/preregistrationadd\/globalSessionId\/72818\/tab\/trainee\/pill\/individualTrainingPlan\/infos\/61782|01|S1|2024-06-12_14:00:00|2024-06-12_17:00:00<\/a><\/p>\n    <p class=\"MsoNormal\" style=\"margin:0cm;text-align:justify;font-size:10pt;font-family:Poppins\"><span style=\"font-size:11pt;,sans-serif\">En\n        2024.2025, la prochaine intervention sur le contenu\n        disciplinaire aura lieu dans un autre d\u00e9partement que le 33. <span><\/span><\/span><\/p>\n    <p class=\"MsoNormal\" style=\"margin:0cm;text-align:justify;font-size:10pt;font-family:Poppins\"><span style=\"font-size:11pt;,sans-serif\">Si\n        vous souhaitez suivre l&#8217;intervention de Matthieu BERA en visio,\n        aucune inscription n\u2019est n\u00e9cessaire. Un lien vous sera transmis\n        lors d&#8217;une prochaine Lis@. <span><\/span><\/span><\/p>\n    <p class=\"MsoNormal\" style=\"margin:0cm;text-align:justify;font-size:10pt;font-family:Poppins\"><span style=\"font-size:11pt;,sans-serif\">Quelques\n        conseils de lecture pour pr\u00e9parer cette rencontre&nbsp;:<span><\/span><\/span><\/p>\n    <p style=\"margin:0cm 0cm 0cm 36pt;text-align:justify;font-size:10pt;font-family:Poppins\"><span style=\"font-size:11pt;font-family:Symbol\"><span>\u00b7<span>&nbsp;&nbsp;&nbsp;&nbsp;&nbsp;&nbsp; <\/span><\/span><\/span><span style=\"font-size:11pt;,sans-serif\">Les\n        r\u00e8gles de la m\u00e9thode sociologique d&#8217;\u00c9mile Durkheim sur le site\n        &#8220;Classiques des sciences sociales&#8221;. <a href=\"http:\/\/classiques.uqac.ca\/classiques\/Durkheim_emile\/regles_methode\/regles_methode.html\" target=\"_blank\" data-saferedirecturl=\"https:\/\/www.google.com\/url?q=http:\/\/classiques.uqac.ca\/classiques\/Durkheim_emile\/regles_methode\/regles_methode.html&amp;source=gmail&amp;ust=1715327497072000&amp;usg=AOvVaw1pyJOZ7OxD2YbUV0uh5ILR\" rel=\"noopener\">http:\/\/classiques.uqac.ca\/classiques\/Durkheim_emile\/regles_methode\/regles_methode.html<\/a><span><\/span><\/span><\/p>\n    <p style=\"margin:0cm 0cm 0cm 36pt;text-align:justify;font-size:10pt;font-family:Poppins\"><span style=\"font-size:11pt;font-family:Symbol\"><span>\u00b7<span>&nbsp;&nbsp;&nbsp;&nbsp;&nbsp;&nbsp; <\/span><\/span><\/span><span style=\"font-size:11pt;,sans-serif\">Articles\n        sur Durkheim transmis par Matthieu B\u00e9ra. Cf fichiers joints. <br>\n      <\/span><\/p>\n    <p style=\"text-align:justify;font-size:10pt;font-family:Poppins\"><span style=\"font-size:11pt;,sans-serif\">Bien\n        cordialement<\/span><\/p>\n\n    <p style=\"text-align:justify;font-size:10pt;font-family:Poppins\"><span style=\"font-size:11pt;,sans-serif\">L&#8217;inspection\n        de SES<br>\n      <\/span><\/p><div class=\"yj6qo\"><\/div><div class=\"adL\">\n    <p><\/p>\n  <\/div><\/div>\n\n\n \n    <img decoding=\"async\" src=\"https:\/\/ent2d.ac-bordeaux.fr\/disciplines\/ses\/wp-content\/uploads\/sites\/9\/2024\/05\/file_icon.svg\" width=\"82\" style=\"float: left;margin-right: 10px\">\n   <p>  <a href=\"https:\/\/ent2d.ac-bordeaux.fr\/disciplines\/ses\/wp-content\/uploads\/sites\/9\/2024\/05\/Durkheim-en-de\u0301bat.pdf\" target=\"_blank\" rel=\"noopener\">Durkheim en d\u00e9bat\n <\/a>\n<br>\n\n     <a href=\"https:\/\/ent2d.ac-bordeaux.fr\/disciplines\/ses\/wp-content\/uploads\/sites\/9\/2024\/05\/La-typologie-des-crimes-de-Durkheim.pdf\" target=\"_blank\" rel=\"noopener\">La typologie des crimes de Durkheim\n <\/a>\n<br>\n  <a href=\"https:\/\/ent2d.ac-bordeaux.fr\/disciplines\/ses\/wp-content\/uploads\/sites\/9\/2024\/05\/Individuation-et-solidarite\u0301-chez-Durkheim.pdf\" target=\"_blank\" rel=\"noopener\">Individuation et solidarite\u0301 chez Durkheim\n <\/a>\n<\/p>\n","protected":false},"excerpt":{"rendered":"<p>7 mai 2024 Bonjour, Pour rappel, le mercredi 12 juin de 14 heures \u00e0 17 heures au lyc\u00e9e Gustave Eiffel de Bordeaux aura lieu une intervention de Matthieu B\u00e9ra, professeur de sociologie \u00e0 l\u2019universit\u00e9 de Bordeaux, rattach\u00e9 \u00e0 l\u2019IRDAP (institut de recherche en droit des affaires et du patrimoine) et sp\u00e9cialiste d&#8217;Emile Durkheim. Au-del\u00e0, des &hellip; <\/p>\n<p><a class=\"more-link btn\" href=\"https:\/\/ent2d.ac-bordeaux.fr\/disciplines\/ses\/2024\/05\/09\/lis-7-mai-2024\/\">Lire la suite<\/a><\/p>\n","protected":false},"author":2435,"featured_media":0,"comment_status":"closed","ping_status":"closed","sticky":false,"template":"","format":"standard","meta":{"footnotes":""},"categories":[105,633,677],"tags":[],"class_list":["post-5900","post","type-post","status-publish","format-standard","hentry","category-actualite","category-actualites","category-lisa","nodate","item-wrap"],"_links":{"self":[{"href":"https:\/\/ent2d.ac-bordeaux.fr\/disciplines\/ses\/wp-json\/wp\/v2\/posts\/5900","targetHints":{"allow":["GET"]}}],"collection":[{"href":"https:\/\/ent2d.ac-bordeaux.fr\/disciplines\/ses\/wp-json\/wp\/v2\/posts"}],"about":[{"href":"https:\/\/ent2d.ac-bordeaux.fr\/disciplines\/ses\/wp-json\/wp\/v2\/types\/post"}],"author":[{"embeddable":true,"href":"https:\/\/ent2d.ac-bordeaux.fr\/disciplines\/ses\/wp-json\/wp\/v2\/users\/2435"}],"replies":[{"embeddable":true,"href":"https:\/\/ent2d.ac-bordeaux.fr\/disciplines\/ses\/wp-json\/wp\/v2\/comments?post=5900"}],"version-history":[{"count":36,"href":"https:\/\/ent2d.ac-bordeaux.fr\/disciplines\/ses\/wp-json\/wp\/v2\/posts\/5900\/revisions"}],"predecessor-version":[{"id":6156,"href":"https:\/\/ent2d.ac-bordeaux.fr\/disciplines\/ses\/wp-json\/wp\/v2\/posts\/5900\/revisions\/6156"}],"wp:attachment":[{"href":"https:\/\/ent2d.ac-bordeaux.fr\/disciplines\/ses\/wp-json\/wp\/v2\/media?parent=5900"}],"wp:term":[{"taxonomy":"category","embeddable":true,"href":"https:\/\/ent2d.ac-bordeaux.fr\/disciplines\/ses\/wp-json\/wp\/v2\/categories?post=5900"},{"taxonomy":"post_tag","embeddable":true,"href":"https:\/\/ent2d.ac-bordeaux.fr\/disciplines\/ses\/wp-json\/wp\/v2\/tags?post=5900"}],"curies":[{"name":"wp","href":"https:\/\/api.w.org\/{rel}","templated":true}]}}