{"id":5192,"date":"2021-09-21T07:22:39","date_gmt":"2021-09-21T06:22:39","guid":{"rendered":"https:\/\/ent2d.ac-bordeaux.fr\/disciplines\/ses\/?p=5192"},"modified":"2021-09-21T07:22:40","modified_gmt":"2021-09-21T06:22:40","slug":"adaptation-du-perimetre-devaluation-de-lepreuve-de-lenseignement-de-specialite-sciences-economiques-et-sociales-de-la-classe-de-terminale-a-compter-de-la-session-2022","status":"publish","type":"post","link":"https:\/\/ent2d.ac-bordeaux.fr\/disciplines\/ses\/2021\/09\/21\/adaptation-du-perimetre-devaluation-de-lepreuve-de-lenseignement-de-specialite-sciences-economiques-et-sociales-de-la-classe-de-terminale-a-compter-de-la-session-2022\/","title":{"rendered":"Adaptation du p\u00e9rim\u00e8tre d&#8217;\u00e9valuation de l&#8217;\u00e9preuve de l&#8217;enseignement de sp\u00e9cialit\u00e9 sciences \u00e9conomiques et sociales de la classe de terminale \u00e0 compter de la session 2022"},"content":{"rendered":"\n<p>\u00c0 compter de la session 2022 du baccalaur\u00e9at, la partie suivante du programme de terminale est supprim\u00e9e de la liste des questions \u00e9valuables lors de l&#8217;\u00e9preuve de l&#8217;enseignement de sp\u00e9cialit\u00e9 sciences \u00e9conomiques et sociales de la classe de terminale de la voie g\u00e9n\u00e9rale, pr\u00e9vue par la note de service n\u00b0&nbsp;2020-033 du 11&nbsp;f\u00e9vrier&nbsp;2020&nbsp;:<\/p>\n\n\n\n<p><strong>Science \u00e9conomique<\/strong> &#8211; Questionnement \u00a0: \u00ab\u00a0Comment expliquer les crises financi\u00e8res et r\u00e9guler le syst\u00e8me financier\u00a0?\u00a0\u00bb<\/p>\n","protected":false},"excerpt":{"rendered":"<p>\u00c0 compter de la session 2022 du baccalaur\u00e9at, la partie suivante du programme de terminale est supprim\u00e9e de la liste des questions \u00e9valuables lors de l&#8217;\u00e9preuve de l&#8217;enseignement de sp\u00e9cialit\u00e9 sciences \u00e9conomiques et sociales de la classe de terminale de la voie g\u00e9n\u00e9rale, pr\u00e9vue par la note de service n\u00b0&nbsp;2020-033 du 11&nbsp;f\u00e9vrier&nbsp;2020&nbsp;: Science \u00e9conomique &#8211; &hellip; <\/p>\n<p><a class=\"more-link btn\" href=\"https:\/\/ent2d.ac-bordeaux.fr\/disciplines\/ses\/2021\/09\/21\/adaptation-du-perimetre-devaluation-de-lepreuve-de-lenseignement-de-specialite-sciences-economiques-et-sociales-de-la-classe-de-terminale-a-compter-de-la-session-2022\/\">Lire la suite<\/a><\/p>\n","protected":false},"author":25,"featured_media":5189,"comment_status":"closed","ping_status":"open","sticky":false,"template":"","format":"standard","meta":{"footnotes":""},"categories":[633,8],"tags":[],"class_list":["post-5192","post","type-post","status-publish","format-standard","has-post-thumbnail","hentry","category-actualites","category-vie-de-la-discipline","nodate","item-wrap"],"_links":{"self":[{"href":"https:\/\/ent2d.ac-bordeaux.fr\/disciplines\/ses\/wp-json\/wp\/v2\/posts\/5192","targetHints":{"allow":["GET"]}}],"collection":[{"href":"https:\/\/ent2d.ac-bordeaux.fr\/disciplines\/ses\/wp-json\/wp\/v2\/posts"}],"about":[{"href":"https:\/\/ent2d.ac-bordeaux.fr\/disciplines\/ses\/wp-json\/wp\/v2\/types\/post"}],"author":[{"embeddable":true,"href":"https:\/\/ent2d.ac-bordeaux.fr\/disciplines\/ses\/wp-json\/wp\/v2\/users\/25"}],"replies":[{"embeddable":true,"href":"https:\/\/ent2d.ac-bordeaux.fr\/disciplines\/ses\/wp-json\/wp\/v2\/comments?post=5192"}],"version-history":[{"count":1,"href":"https:\/\/ent2d.ac-bordeaux.fr\/disciplines\/ses\/wp-json\/wp\/v2\/posts\/5192\/revisions"}],"predecessor-version":[{"id":5193,"href":"https:\/\/ent2d.ac-bordeaux.fr\/disciplines\/ses\/wp-json\/wp\/v2\/posts\/5192\/revisions\/5193"}],"wp:featuredmedia":[{"embeddable":true,"href":"https:\/\/ent2d.ac-bordeaux.fr\/disciplines\/ses\/wp-json\/wp\/v2\/media\/5189"}],"wp:attachment":[{"href":"https:\/\/ent2d.ac-bordeaux.fr\/disciplines\/ses\/wp-json\/wp\/v2\/media?parent=5192"}],"wp:term":[{"taxonomy":"category","embeddable":true,"href":"https:\/\/ent2d.ac-bordeaux.fr\/disciplines\/ses\/wp-json\/wp\/v2\/categories?post=5192"},{"taxonomy":"post_tag","embeddable":true,"href":"https:\/\/ent2d.ac-bordeaux.fr\/disciplines\/ses\/wp-json\/wp\/v2\/tags?post=5192"}],"curies":[{"name":"wp","href":"https:\/\/api.w.org\/{rel}","templated":true}]}}