{"id":5188,"date":"2021-07-06T09:09:02","date_gmt":"2021-07-06T08:09:02","guid":{"rendered":"https:\/\/ent2d.ac-bordeaux.fr\/disciplines\/ses\/?p=5188"},"modified":"2021-07-06T09:09:03","modified_gmt":"2021-07-06T08:09:03","slug":"concours-national-jeunes-solidaires-et-citoyens-annee-2021-2022","status":"publish","type":"post","link":"https:\/\/ent2d.ac-bordeaux.fr\/disciplines\/ses\/2021\/07\/06\/concours-national-jeunes-solidaires-et-citoyens-annee-2021-2022\/","title":{"rendered":"Concours national Jeunes, solidaires et citoyens &#8211; ann\u00e9e 2021-2022"},"content":{"rendered":"\n<p>L&#8217;\u00e9ducation nationale et la S\u00e9curit\u00e9 sociale ont sign\u00e9 une convention le 23 mai 2016 visant \u00e0 inscrire dans le temps un partenariat destin\u00e9 \u00e0 renforcer l&#8217;\u00e9ducation \u00e0 la solidarit\u00e9 et \u00e0 la citoyennet\u00e9 sociale pour les jeunes g\u00e9n\u00e9rations.<\/p>\n\n\n\n<p>Cette convention pr\u00e9voit notamment la mise en \u0153uvre d&#8217;un concours national r\u00e9gulier sur les questions de la S\u00e9curit\u00e9 sociale organis\u00e9 en partenariat entre le minist\u00e8re de l&#8217;\u00c9ducation nationale, de la Jeunesse et des Sports et l&#8217;\u00c9cole nationale sup\u00e9rieure de la S\u00e9curit\u00e9 sociale (EN3S), et avec le soutien de l&#8217;ensemble des organismes de S\u00e9curit\u00e9 sociale.<\/p>\n\n\n\n<p>Cette circulaire pr\u00e9sente le 4e concours qui sera organis\u00e9 au cours de l&#8217;ann\u00e9e scolaire \u00e0 venir.<\/p>\n\n\n\n<!--more-->\n\n\n\n<p><a href=\"https:\/\/www.education.gouv.fr\/bo\/21\/Hebdo26\/MENE2119148C.htm\" target=\"_blank\" rel=\"noreferrer noopener\">La suite sur le site du Minist\u00e8re de l&#8217;\u00c9ducation Nationale<\/a><\/p>\n","protected":false},"excerpt":{"rendered":"<p>L&#8217;\u00e9ducation nationale et la S\u00e9curit\u00e9 sociale ont sign\u00e9 une convention le 23 mai 2016 visant \u00e0 inscrire dans le temps un partenariat destin\u00e9 \u00e0 renforcer l&#8217;\u00e9ducation \u00e0 la solidarit\u00e9 et \u00e0 la citoyennet\u00e9 sociale pour les jeunes g\u00e9n\u00e9rations. Cette convention pr\u00e9voit notamment la mise en \u0153uvre d&#8217;un concours national r\u00e9gulier sur les questions de la &hellip; <\/p>\n<p><a class=\"more-link btn\" href=\"https:\/\/ent2d.ac-bordeaux.fr\/disciplines\/ses\/2021\/07\/06\/concours-national-jeunes-solidaires-et-citoyens-annee-2021-2022\/\">Lire la suite<\/a><\/p>\n","protected":false},"author":25,"featured_media":5189,"comment_status":"closed","ping_status":"open","sticky":false,"template":"","format":"standard","meta":{"footnotes":""},"categories":[633],"tags":[],"class_list":["post-5188","post","type-post","status-publish","format-standard","has-post-thumbnail","hentry","category-actualites","nodate","item-wrap"],"_links":{"self":[{"href":"https:\/\/ent2d.ac-bordeaux.fr\/disciplines\/ses\/wp-json\/wp\/v2\/posts\/5188","targetHints":{"allow":["GET"]}}],"collection":[{"href":"https:\/\/ent2d.ac-bordeaux.fr\/disciplines\/ses\/wp-json\/wp\/v2\/posts"}],"about":[{"href":"https:\/\/ent2d.ac-bordeaux.fr\/disciplines\/ses\/wp-json\/wp\/v2\/types\/post"}],"author":[{"embeddable":true,"href":"https:\/\/ent2d.ac-bordeaux.fr\/disciplines\/ses\/wp-json\/wp\/v2\/users\/25"}],"replies":[{"embeddable":true,"href":"https:\/\/ent2d.ac-bordeaux.fr\/disciplines\/ses\/wp-json\/wp\/v2\/comments?post=5188"}],"version-history":[{"count":1,"href":"https:\/\/ent2d.ac-bordeaux.fr\/disciplines\/ses\/wp-json\/wp\/v2\/posts\/5188\/revisions"}],"predecessor-version":[{"id":5190,"href":"https:\/\/ent2d.ac-bordeaux.fr\/disciplines\/ses\/wp-json\/wp\/v2\/posts\/5188\/revisions\/5190"}],"wp:featuredmedia":[{"embeddable":true,"href":"https:\/\/ent2d.ac-bordeaux.fr\/disciplines\/ses\/wp-json\/wp\/v2\/media\/5189"}],"wp:attachment":[{"href":"https:\/\/ent2d.ac-bordeaux.fr\/disciplines\/ses\/wp-json\/wp\/v2\/media?parent=5188"}],"wp:term":[{"taxonomy":"category","embeddable":true,"href":"https:\/\/ent2d.ac-bordeaux.fr\/disciplines\/ses\/wp-json\/wp\/v2\/categories?post=5188"},{"taxonomy":"post_tag","embeddable":true,"href":"https:\/\/ent2d.ac-bordeaux.fr\/disciplines\/ses\/wp-json\/wp\/v2\/tags?post=5188"}],"curies":[{"name":"wp","href":"https:\/\/api.w.org\/{rel}","templated":true}]}}