{"id":5130,"date":"2021-01-08T14:27:47","date_gmt":"2021-01-08T13:27:47","guid":{"rendered":"https:\/\/ent2d.ac-bordeaux.fr\/disciplines\/ses\/?p=5130"},"modified":"2021-01-08T14:27:48","modified_gmt":"2021-01-08T13:27:48","slug":"ressources-du-college-de-france-pour-le-programme-de-ses-chapitres-exercices-et-videos","status":"publish","type":"post","link":"https:\/\/ent2d.ac-bordeaux.fr\/disciplines\/ses\/2021\/01\/08\/ressources-du-college-de-france-pour-le-programme-de-ses-chapitres-exercices-et-videos\/","title":{"rendered":"Ressources du Coll\u00e8ge de France pour le programme de SES : chapitres, exercices et vid\u00e9os"},"content":{"rendered":"\n<p>Les sciences \u00e9conomiques et sociales (SES) sont enseign\u00e9es en seconde, premi\u00e8re et terminale.<\/p>\n\n\n\n<p>Dans le cadre d\u2019un partenariat entre le Coll\u00e8ge de France et le minist\u00e8re de l&#8217;\u00c9ducation nationale, de nouveaux programmes SES aux meilleurs standards internationaux ont \u00e9t\u00e9 con\u00e7us par un groupe pilot\u00e9 conjointement par deux professeurs du Coll\u00e8ge de France (Philippe Aghion pour l\u2019\u00e9conomie et Pierre-Michel Menger pour la sociologie) et par deux inspecteurs g\u00e9n\u00e9raux (Marc Montouss\u00e9 et Marc Pelletier).\u00a0L&#8217;objet de ce partenariat est plus globalement d\u2019offrir des ressources scientifiques et p\u00e9dagogiques d\u2019excellent niveau aux professeurs de SES et \u00e0 leurs \u00e9l\u00e8ves.<\/p>\n\n\n\n<p>Les nouveaux programmes de SES entrent en vigueur \u00e0 la rentr\u00e9e 2019 pour les classes de seconde et de premi\u00e8re, et \u00e0 la rentr\u00e9e 2020 pour la classe de terminale.<\/p>\n\n\n\n<p>Chaque chapitre du programme est r\u00e9dig\u00e9 par des professeurs de sciences \u00e9conomiques et sociales exp\u00e9riment\u00e9s et est enrichi d\u2019activit\u00e9s, de jeux et de vid\u00e9os. L&#8217;ensemble est relu et valid\u00e9 scientifiquement par les professeurs du Coll\u00e8ge de France et p\u00e9dagogiquement par les inspecteurs g\u00e9n\u00e9raux.<\/p>\n\n\n\n<p>Ces ressources sont propos\u00e9es en libre acc\u00e8s sur le site du Coll\u00e8ge de France. Elles sont particuli\u00e8rement utiles aux professeurs de SES et \u00e0 leurs \u00e9l\u00e8ves, mais elles peuvent aussi \u00eatre d&#8217;un grand int\u00e9r\u00eat pour un plus large public en France comme \u00e0 l\u2019\u00e9tranger, notamment dans les pays francophones.<\/p>\n\n\n\n<p><a href=\"https:\/\/www.college-de-france.fr\/site\/campus-innovation-lycees\/Nouveaux-programmes-de-SES.htm\" target=\"_blank\" rel=\"noreferrer noopener\">Acc\u00e9der aux ressources sur le site du Coll\u00e8ge de France<\/a><\/p>\n","protected":false},"excerpt":{"rendered":"<p>Les sciences \u00e9conomiques et sociales (SES) sont enseign\u00e9es en seconde, premi\u00e8re et terminale. Dans le cadre d\u2019un partenariat entre le Coll\u00e8ge de France et le minist\u00e8re de l&#8217;\u00c9ducation nationale, de nouveaux programmes SES aux meilleurs standards internationaux ont \u00e9t\u00e9 con\u00e7us par un groupe pilot\u00e9 conjointement par deux professeurs du Coll\u00e8ge de France (Philippe Aghion pour &hellip; <\/p>\n<p><a class=\"more-link btn\" href=\"https:\/\/ent2d.ac-bordeaux.fr\/disciplines\/ses\/2021\/01\/08\/ressources-du-college-de-france-pour-le-programme-de-ses-chapitres-exercices-et-videos\/\">Lire la suite<\/a><\/p>\n","protected":false},"author":25,"featured_media":5132,"comment_status":"closed","ping_status":"open","sticky":false,"template":"","format":"standard","meta":{"footnotes":""},"categories":[105,15,592,66],"tags":[],"class_list":["post-5130","post","type-post","status-publish","format-standard","has-post-thumbnail","hentry","category-actualite","category-le-cybermanuel","category-ressources-pedagogiques","category-ressources-pedagogiques-tous-niveaux","nodate","item-wrap"],"_links":{"self":[{"href":"https:\/\/ent2d.ac-bordeaux.fr\/disciplines\/ses\/wp-json\/wp\/v2\/posts\/5130","targetHints":{"allow":["GET"]}}],"collection":[{"href":"https:\/\/ent2d.ac-bordeaux.fr\/disciplines\/ses\/wp-json\/wp\/v2\/posts"}],"about":[{"href":"https:\/\/ent2d.ac-bordeaux.fr\/disciplines\/ses\/wp-json\/wp\/v2\/types\/post"}],"author":[{"embeddable":true,"href":"https:\/\/ent2d.ac-bordeaux.fr\/disciplines\/ses\/wp-json\/wp\/v2\/users\/25"}],"replies":[{"embeddable":true,"href":"https:\/\/ent2d.ac-bordeaux.fr\/disciplines\/ses\/wp-json\/wp\/v2\/comments?post=5130"}],"version-history":[{"count":1,"href":"https:\/\/ent2d.ac-bordeaux.fr\/disciplines\/ses\/wp-json\/wp\/v2\/posts\/5130\/revisions"}],"predecessor-version":[{"id":5131,"href":"https:\/\/ent2d.ac-bordeaux.fr\/disciplines\/ses\/wp-json\/wp\/v2\/posts\/5130\/revisions\/5131"}],"wp:featuredmedia":[{"embeddable":true,"href":"https:\/\/ent2d.ac-bordeaux.fr\/disciplines\/ses\/wp-json\/wp\/v2\/media\/5132"}],"wp:attachment":[{"href":"https:\/\/ent2d.ac-bordeaux.fr\/disciplines\/ses\/wp-json\/wp\/v2\/media?parent=5130"}],"wp:term":[{"taxonomy":"category","embeddable":true,"href":"https:\/\/ent2d.ac-bordeaux.fr\/disciplines\/ses\/wp-json\/wp\/v2\/categories?post=5130"},{"taxonomy":"post_tag","embeddable":true,"href":"https:\/\/ent2d.ac-bordeaux.fr\/disciplines\/ses\/wp-json\/wp\/v2\/tags?post=5130"}],"curies":[{"name":"wp","href":"https:\/\/api.w.org\/{rel}","templated":true}]}}