{"id":4955,"date":"2020-08-27T09:51:21","date_gmt":"2020-08-27T08:51:21","guid":{"rendered":"https:\/\/ent2d.ac-bordeaux.fr\/disciplines\/ses\/?p=4955"},"modified":"2020-08-27T09:53:36","modified_gmt":"2020-08-27T08:53:36","slug":"pix-developper-et-certifier-les-competences-numeriques-des-eleves","status":"publish","type":"post","link":"https:\/\/ent2d.ac-bordeaux.fr\/disciplines\/ses\/2020\/08\/27\/pix-developper-et-certifier-les-competences-numeriques-des-eleves\/","title":{"rendered":"PIX &#8211; D\u00e9velopper et certifier les comp\u00e9tences num\u00e9riques des \u00e9l\u00e8ves"},"content":{"rendered":"\n<p>Le minist\u00e8re de l\u2019\u00c9ducation nationale, de la Jeunesse et des Sports g\u00e9n\u00e9ralise Pix \u00e0 partir de la 5e. Pix sera mis en place dans tous les coll\u00e8ges et lyc\u00e9es, avec l\u2019introduction d\u2019une certification des comp\u00e9tences num\u00e9riques obligatoire pour les \u00e9l\u00e8ves de 3e et de Terminale.<\/p>\n\n\n\n<p><a href=\"https:\/\/pix.fr\/enseignement-scolaire\" target=\"_blank\" rel=\"noreferrer noopener\">En savoir plus&#8230;<\/a><\/p>\n","protected":false},"excerpt":{"rendered":"<p>Le minist\u00e8re de l\u2019\u00c9ducation nationale, de la Jeunesse et des Sports g\u00e9n\u00e9ralise Pix \u00e0 partir de la 5e. Pix sera mis en place dans tous les coll\u00e8ges et lyc\u00e9es, avec l\u2019introduction d\u2019une certification des comp\u00e9tences num\u00e9riques obligatoire pour les \u00e9l\u00e8ves de 3e et de Terminale. En savoir plus&#8230;<\/p>\n","protected":false},"author":25,"featured_media":4964,"comment_status":"closed","ping_status":"open","sticky":false,"template":"","format":"standard","meta":{"footnotes":""},"categories":[105,644,525],"tags":[],"class_list":["post-4955","post","type-post","status-publish","format-standard","has-post-thumbnail","hentry","category-actualite","category-pix","category-usages-du-numerique","nodate","item-wrap"],"_links":{"self":[{"href":"https:\/\/ent2d.ac-bordeaux.fr\/disciplines\/ses\/wp-json\/wp\/v2\/posts\/4955","targetHints":{"allow":["GET"]}}],"collection":[{"href":"https:\/\/ent2d.ac-bordeaux.fr\/disciplines\/ses\/wp-json\/wp\/v2\/posts"}],"about":[{"href":"https:\/\/ent2d.ac-bordeaux.fr\/disciplines\/ses\/wp-json\/wp\/v2\/types\/post"}],"author":[{"embeddable":true,"href":"https:\/\/ent2d.ac-bordeaux.fr\/disciplines\/ses\/wp-json\/wp\/v2\/users\/25"}],"replies":[{"embeddable":true,"href":"https:\/\/ent2d.ac-bordeaux.fr\/disciplines\/ses\/wp-json\/wp\/v2\/comments?post=4955"}],"version-history":[{"count":2,"href":"https:\/\/ent2d.ac-bordeaux.fr\/disciplines\/ses\/wp-json\/wp\/v2\/posts\/4955\/revisions"}],"predecessor-version":[{"id":4963,"href":"https:\/\/ent2d.ac-bordeaux.fr\/disciplines\/ses\/wp-json\/wp\/v2\/posts\/4955\/revisions\/4963"}],"wp:featuredmedia":[{"embeddable":true,"href":"https:\/\/ent2d.ac-bordeaux.fr\/disciplines\/ses\/wp-json\/wp\/v2\/media\/4964"}],"wp:attachment":[{"href":"https:\/\/ent2d.ac-bordeaux.fr\/disciplines\/ses\/wp-json\/wp\/v2\/media?parent=4955"}],"wp:term":[{"taxonomy":"category","embeddable":true,"href":"https:\/\/ent2d.ac-bordeaux.fr\/disciplines\/ses\/wp-json\/wp\/v2\/categories?post=4955"},{"taxonomy":"post_tag","embeddable":true,"href":"https:\/\/ent2d.ac-bordeaux.fr\/disciplines\/ses\/wp-json\/wp\/v2\/tags?post=4955"}],"curies":[{"name":"wp","href":"https:\/\/api.w.org\/{rel}","templated":true}]}}