{"id":4313,"date":"2018-07-13T17:18:12","date_gmt":"2018-07-13T16:18:12","guid":{"rendered":"https:\/\/ent2d.ac-bordeaux.fr\/disciplines\/ses\/?p=4313"},"modified":"2018-07-13T17:19:01","modified_gmt":"2018-07-13T16:19:01","slug":"les-differentes-conceptions-de-la-justice-sociale","status":"publish","type":"post","link":"https:\/\/ent2d.ac-bordeaux.fr\/disciplines\/ses\/2018\/07\/13\/les-differentes-conceptions-de-la-justice-sociale\/","title":{"rendered":"Les diff\u00e9rentes conceptions de la justice sociale"},"content":{"rendered":"<p>Voici une proposition d&#8217;activit\u00e9 sur les diff\u00e9rentes conceptions de la justice sociale. Le premier document est \u00e0 destination des \u00e9l\u00e8ves, le second est r\u00e9serv\u00e9 \u00e0 l&#8217;enseignant.<\/p>\n<table>\n<tbody>\n<tr>\n<td colspan=\"2\">Documents \u00e0 t\u00e9l\u00e9charger<\/td>\n<\/tr>\n<tr>\n<td>Fiche n\u00b01<\/td>\n<td><a href=\"https:\/\/ent2d.ac-bordeaux.fr\/disciplines\/ses\/wp-content\/uploads\/sites\/9\/2018\/07\/FICHE-N\u00b01-Activit\u00e9-\u00e9l\u00e8ves-Justice-Sociale-2018-1.pdf\" target=\"_blank\" rel=\"noopener\">Les conceptions de la justice sociale &#8211; Fiche \u00e9l\u00e8ve<\/a><\/td>\n<\/tr>\n<tr>\n<td>Fiche n\u00b02<\/td>\n<td><a href=\"https:\/\/ent2d.ac-bordeaux.fr\/disciplines\/ses\/wp-content\/uploads\/sites\/9\/2018\/07\/FICHE-N\u00b02-Prof-Justice-sociale-2018.pdf\" target=\"_blank\" rel=\"noopener\">Les conceptions de la justice sociale &#8211; Fiche Enseignant<\/a><\/td>\n<\/tr>\n<\/tbody>\n<\/table>\n","protected":false},"excerpt":{"rendered":"<p>Voici une proposition d&#8217;activit\u00e9 sur les diff\u00e9rentes conceptions de la justice sociale. Le premier document est \u00e0 destination des \u00e9l\u00e8ves, le second est r\u00e9serv\u00e9 \u00e0 l&#8217;enseignant. Documents \u00e0 t\u00e9l\u00e9charger Fiche n\u00b01 Les conceptions de la justice sociale &#8211; Fiche \u00e9l\u00e8ve Fiche n\u00b02 Les conceptions de la justice sociale &#8211; Fiche Enseignant<\/p>\n","protected":false},"author":25,"featured_media":0,"comment_status":"closed","ping_status":"open","sticky":false,"template":"","format":"standard","meta":{"footnotes":""},"categories":[118,80],"tags":[],"class_list":["post-4313","post","type-post","status-publish","format-standard","hentry","category-comment-les-pouvoirs-publics-peuvent-ils-contribuer-a-la-justice-sociale","category-theme-1-justice-sociale-et-inegalites","nodate","item-wrap"],"_links":{"self":[{"href":"https:\/\/ent2d.ac-bordeaux.fr\/disciplines\/ses\/wp-json\/wp\/v2\/posts\/4313","targetHints":{"allow":["GET"]}}],"collection":[{"href":"https:\/\/ent2d.ac-bordeaux.fr\/disciplines\/ses\/wp-json\/wp\/v2\/posts"}],"about":[{"href":"https:\/\/ent2d.ac-bordeaux.fr\/disciplines\/ses\/wp-json\/wp\/v2\/types\/post"}],"author":[{"embeddable":true,"href":"https:\/\/ent2d.ac-bordeaux.fr\/disciplines\/ses\/wp-json\/wp\/v2\/users\/25"}],"replies":[{"embeddable":true,"href":"https:\/\/ent2d.ac-bordeaux.fr\/disciplines\/ses\/wp-json\/wp\/v2\/comments?post=4313"}],"version-history":[{"count":1,"href":"https:\/\/ent2d.ac-bordeaux.fr\/disciplines\/ses\/wp-json\/wp\/v2\/posts\/4313\/revisions"}],"predecessor-version":[{"id":4316,"href":"https:\/\/ent2d.ac-bordeaux.fr\/disciplines\/ses\/wp-json\/wp\/v2\/posts\/4313\/revisions\/4316"}],"wp:attachment":[{"href":"https:\/\/ent2d.ac-bordeaux.fr\/disciplines\/ses\/wp-json\/wp\/v2\/media?parent=4313"}],"wp:term":[{"taxonomy":"category","embeddable":true,"href":"https:\/\/ent2d.ac-bordeaux.fr\/disciplines\/ses\/wp-json\/wp\/v2\/categories?post=4313"},{"taxonomy":"post_tag","embeddable":true,"href":"https:\/\/ent2d.ac-bordeaux.fr\/disciplines\/ses\/wp-json\/wp\/v2\/tags?post=4313"}],"curies":[{"name":"wp","href":"https:\/\/api.w.org\/{rel}","templated":true}]}}