{"id":4303,"date":"2018-07-13T17:00:58","date_gmt":"2018-07-13T16:00:58","guid":{"rendered":"https:\/\/ent2d.ac-bordeaux.fr\/disciplines\/ses\/?p=4303"},"modified":"2018-07-13T17:03:16","modified_gmt":"2018-07-13T16:03:16","slug":"bilan-du-developpement-du-numerique-educatif-2017-2018","status":"publish","type":"post","link":"https:\/\/ent2d.ac-bordeaux.fr\/disciplines\/ses\/2018\/07\/13\/bilan-du-developpement-du-numerique-educatif-2017-2018\/","title":{"rendered":"Bilan du d\u00e9veloppement du num\u00e9rique \u00e9ducatif 2017-2018"},"content":{"rendered":"<p>La DANE (D\u00e9l\u00e9gation Acad\u00e9mique pour le Num\u00e9rique \u00c9ducatif) de l&#8217;Acad\u00e9mie de Bordeaux vient de publier le &#8220;Bilan du d\u00e9veloppement du num\u00e9rique \u00e9ducatif&#8221; pour l&#8217;ann\u00e9e 2017.<\/p>\n<p>Extrait.<\/p>\n<blockquote>\n<p style=\"text-align: justify\">La strat\u00e9gie ambitieuse du Minist\u00e8re en mati\u00e8re de num\u00e9rique \u00e0 l\u2019\u00e9cole doit permettre \u00e0 chaque \u00e9l\u00e8ve de d\u00e9velopper la culture et les comp\u00e9tences d\u00e9sormais n\u00e9cessaires pour travailler, vivre et s\u2019\u00e9panouir en citoyen autonome et responsable dans une soci\u00e9t\u00e9 toujours plus connect\u00e9e, toujours plus irrigu\u00e9e par des flux num\u00e9riques et toujours plus travers\u00e9e par les r\u00e9seaux sociaux.<br \/>\nPour l\u2019\u00e9l\u00e8ve, la transformation du rapport au savoir dans l\u2019\u00e8re num\u00e9rique implique des transformations importantes dans sa mani\u00e8re de communiquer, de trier, de comprendre et d\u2019int\u00e9grer des flux d\u2019informations toujours grandissants. De son c\u00f4t\u00e9, l\u2019enseignant qui souhaite profiter des apports du num\u00e9rique dans sa p\u00e9dagogie entre dans une pratique r\u00e9flexive et n\u2019h\u00e9site plus \u00e0 changer de posture, \u00e0 enrichir ses s\u00e9quences p\u00e9dagogiques et ses activit\u00e9s p\u00e9dagogiques de num\u00e9rique.<br \/>\nDans une logique de territoire apprenant &#8211; r\u00e9flexive, innovante et formative &#8211; la strat\u00e9gie num\u00e9rique de l\u2019acad\u00e9mie de Bordeaux vise \u00e0 pr\u00e9parer les \u00e9l\u00e8ves \u00e0 entrer dans un monde num\u00e9rique transform\u00e9. Elle<br \/>\nleur offre les moyens d\u2019acqu\u00e9rir de nouvelles comp\u00e9tences num\u00e9riques qu\u2019ils sauront mettre en avant dans leur parcours de formation. La strat\u00e9gie num\u00e9rique de l\u2019acad\u00e9mie de Bordeaux s\u2019appuie sur trois ambitions : le d\u00e9veloppement des comp\u00e9tences num\u00e9riques des acteurs de la communaut\u00e9 \u00e9ducative, l\u2019int\u00e9gration de l\u2019innovation num\u00e9rique comme levier d\u2019am\u00e9lioration des comp\u00e9tences disciplinaires et transversales des \u00e9l\u00e8ves et le d\u00e9veloppement d\u2019un sch\u00e9ma de coh\u00e9rence partag\u00e9 en phase avec les politiques territoriales.<\/p>\n<\/blockquote>\n<p><!--more--><\/p>\n<p><a href=\"https:\/\/ent2d.ac-bordeaux.fr\/disciplines\/ses\/wp-content\/uploads\/sites\/9\/2018\/07\/DANE-Bilan_2017_2018-1.pdf\" target=\"_blank\" rel=\"noopener\">Acc\u00e9der au rapport<\/a><\/p>\n","protected":false},"excerpt":{"rendered":"<p>La DANE (D\u00e9l\u00e9gation Acad\u00e9mique pour le Num\u00e9rique \u00c9ducatif) de l&#8217;Acad\u00e9mie de Bordeaux vient de publier le &#8220;Bilan du d\u00e9veloppement du num\u00e9rique \u00e9ducatif&#8221; pour l&#8217;ann\u00e9e 2017. Extrait. La strat\u00e9gie ambitieuse du Minist\u00e8re en mati\u00e8re de num\u00e9rique \u00e0 l\u2019\u00e9cole doit permettre \u00e0 chaque \u00e9l\u00e8ve de d\u00e9velopper la culture et les comp\u00e9tences d\u00e9sormais n\u00e9cessaires pour travailler, vivre et &hellip; <\/p>\n<p><a class=\"more-link btn\" href=\"https:\/\/ent2d.ac-bordeaux.fr\/disciplines\/ses\/2018\/07\/13\/bilan-du-developpement-du-numerique-educatif-2017-2018\/\">Lire la suite<\/a><\/p>\n","protected":false},"author":25,"featured_media":0,"comment_status":"closed","ping_status":"open","sticky":false,"template":"","format":"standard","meta":{"footnotes":""},"categories":[525],"tags":[],"class_list":["post-4303","post","type-post","status-publish","format-standard","hentry","category-usages-du-numerique","nodate","item-wrap"],"_links":{"self":[{"href":"https:\/\/ent2d.ac-bordeaux.fr\/disciplines\/ses\/wp-json\/wp\/v2\/posts\/4303","targetHints":{"allow":["GET"]}}],"collection":[{"href":"https:\/\/ent2d.ac-bordeaux.fr\/disciplines\/ses\/wp-json\/wp\/v2\/posts"}],"about":[{"href":"https:\/\/ent2d.ac-bordeaux.fr\/disciplines\/ses\/wp-json\/wp\/v2\/types\/post"}],"author":[{"embeddable":true,"href":"https:\/\/ent2d.ac-bordeaux.fr\/disciplines\/ses\/wp-json\/wp\/v2\/users\/25"}],"replies":[{"embeddable":true,"href":"https:\/\/ent2d.ac-bordeaux.fr\/disciplines\/ses\/wp-json\/wp\/v2\/comments?post=4303"}],"version-history":[{"count":3,"href":"https:\/\/ent2d.ac-bordeaux.fr\/disciplines\/ses\/wp-json\/wp\/v2\/posts\/4303\/revisions"}],"predecessor-version":[{"id":4308,"href":"https:\/\/ent2d.ac-bordeaux.fr\/disciplines\/ses\/wp-json\/wp\/v2\/posts\/4303\/revisions\/4308"}],"wp:attachment":[{"href":"https:\/\/ent2d.ac-bordeaux.fr\/disciplines\/ses\/wp-json\/wp\/v2\/media?parent=4303"}],"wp:term":[{"taxonomy":"category","embeddable":true,"href":"https:\/\/ent2d.ac-bordeaux.fr\/disciplines\/ses\/wp-json\/wp\/v2\/categories?post=4303"},{"taxonomy":"post_tag","embeddable":true,"href":"https:\/\/ent2d.ac-bordeaux.fr\/disciplines\/ses\/wp-json\/wp\/v2\/tags?post=4303"}],"curies":[{"name":"wp","href":"https:\/\/api.w.org\/{rel}","templated":true}]}}