{"id":3904,"date":"2017-12-04T07:07:56","date_gmt":"2017-12-04T06:07:56","guid":{"rendered":"https:\/\/ent2d.ac-bordeaux.fr\/disciplines\/ses\/?p=3904"},"modified":"2023-10-10T21:58:01","modified_gmt":"2023-10-10T20:58:01","slug":"mobilite-sociale-actualisation-des-donnees","status":"publish","type":"post","link":"https:\/\/ent2d.ac-bordeaux.fr\/disciplines\/ses\/2017\/12\/04\/mobilite-sociale-actualisation-des-donnees\/","title":{"rendered":"Mobilit\u00e9 sociale &#8211; Actualisation des donn\u00e9es"},"content":{"rendered":"<p style=\"text-align: justify\">Les premiers r\u00e9sultats de la 7<sup>\u00e8me<\/sup>&nbsp;\u00e9dition de l&#8217;enqu\u00eate sur la formation et la qualification professionnelle (FQP) men\u00e9e en 2014-15 ont \u00e9t\u00e9 publi\u00e9s par l&#8217;Insee. Cette enqu\u00eate est, avec l&#8217;enqu\u00eate Emploi de l&#8217;Insee, la&nbsp;principale source de donn\u00e9es sur la mobilit\u00e9 sociale fran\u00e7aise.<\/p>\n<p style=\"text-align: justify\">Dans les&nbsp;donn\u00e9es compl\u00e9mentaires&nbsp;fournies avec cette publication, vous trouverez des tables agr\u00e9g\u00e9es de mobilit\u00e9 interg\u00e9n\u00e9rationnelle (destin\u00e9es et recrutements) pour les femmes et pour les hommes, par rapport au p\u00e8re, qui permettront d&#8217;actualiser vos cours sur la mobilit\u00e9 sociale en classe de terminale.<\/p>\n<p style=\"text-align: center\"><a href=\"https:\/\/www.insee.fr\/fr\/statistiques\/fichier\/2897850\/ip1659.xls\" target=\"_blank\" rel=\"noopener\">Acc\u00e9der aux donn\u00e9es<\/a><\/p>\n","protected":false},"excerpt":{"rendered":"<p>Les premiers r\u00e9sultats de la 7\u00e8me&nbsp;\u00e9dition de l&#8217;enqu\u00eate sur la formation et la qualification professionnelle (FQP) men\u00e9e en 2014-15 ont \u00e9t\u00e9 publi\u00e9s par l&#8217;Insee. Cette enqu\u00eate est, avec l&#8217;enqu\u00eate Emploi de l&#8217;Insee, la&nbsp;principale source de donn\u00e9es sur la mobilit\u00e9 sociale fran\u00e7aise. Dans les&nbsp;donn\u00e9es compl\u00e9mentaires&nbsp;fournies avec cette publication, vous trouverez des tables agr\u00e9g\u00e9es de mobilit\u00e9 interg\u00e9n\u00e9rationnelle &hellip; <\/p>\n<p><a class=\"more-link btn\" href=\"https:\/\/ent2d.ac-bordeaux.fr\/disciplines\/ses\/2017\/12\/04\/mobilite-sociale-actualisation-des-donnees\/\">Lire la suite<\/a><\/p>\n","protected":false},"author":25,"featured_media":0,"comment_status":"closed","ping_status":"open","sticky":false,"template":"","format":"standard","meta":{"footnotes":""},"categories":[381,675],"tags":[],"class_list":["post-3904","post","type-post","status-publish","format-standard","hentry","category-1-2-comment-rendre-compte-de-la-mobilite-sociale","category-archives","nodate","item-wrap"],"_links":{"self":[{"href":"https:\/\/ent2d.ac-bordeaux.fr\/disciplines\/ses\/wp-json\/wp\/v2\/posts\/3904","targetHints":{"allow":["GET"]}}],"collection":[{"href":"https:\/\/ent2d.ac-bordeaux.fr\/disciplines\/ses\/wp-json\/wp\/v2\/posts"}],"about":[{"href":"https:\/\/ent2d.ac-bordeaux.fr\/disciplines\/ses\/wp-json\/wp\/v2\/types\/post"}],"author":[{"embeddable":true,"href":"https:\/\/ent2d.ac-bordeaux.fr\/disciplines\/ses\/wp-json\/wp\/v2\/users\/25"}],"replies":[{"embeddable":true,"href":"https:\/\/ent2d.ac-bordeaux.fr\/disciplines\/ses\/wp-json\/wp\/v2\/comments?post=3904"}],"version-history":[{"count":2,"href":"https:\/\/ent2d.ac-bordeaux.fr\/disciplines\/ses\/wp-json\/wp\/v2\/posts\/3904\/revisions"}],"predecessor-version":[{"id":5437,"href":"https:\/\/ent2d.ac-bordeaux.fr\/disciplines\/ses\/wp-json\/wp\/v2\/posts\/3904\/revisions\/5437"}],"wp:attachment":[{"href":"https:\/\/ent2d.ac-bordeaux.fr\/disciplines\/ses\/wp-json\/wp\/v2\/media?parent=3904"}],"wp:term":[{"taxonomy":"category","embeddable":true,"href":"https:\/\/ent2d.ac-bordeaux.fr\/disciplines\/ses\/wp-json\/wp\/v2\/categories?post=3904"},{"taxonomy":"post_tag","embeddable":true,"href":"https:\/\/ent2d.ac-bordeaux.fr\/disciplines\/ses\/wp-json\/wp\/v2\/tags?post=3904"}],"curies":[{"name":"wp","href":"https:\/\/api.w.org\/{rel}","templated":true}]}}