{"id":3576,"date":"2017-03-05T14:41:06","date_gmt":"2017-03-05T13:41:06","guid":{"rendered":"https:\/\/ent2d.ac-bordeaux.fr\/disciplines\/ses\/?p=3576"},"modified":"2017-03-05T14:41:06","modified_gmt":"2017-03-05T13:41:06","slug":"stage-la-demotivation-des-eleves","status":"publish","type":"post","link":"https:\/\/ent2d.ac-bordeaux.fr\/disciplines\/ses\/2017\/03\/05\/stage-la-demotivation-des-eleves\/","title":{"rendered":"Stage &#8220;La d\u00e9motivation des \u00e9l\u00e8ves&#8221;"},"content":{"rendered":"<div class=\"crayon article-chapo-736 chapo\">\n<p style=\"text-align: justify\">Dans le cadre du Plan Acad\u00e9mique de Formation en SES, le mardi 14 janvier 2014, s\u2019est d\u00e9roul\u00e9 un stage sur le th\u00e8me de la d\u00e9motivation des \u00e9l\u00e8ves (notamment en SES en classe de seconde). Cette journ\u00e9e \u00e9tait organis\u00e9e en deux temps. Une pr\u00e9sentation du th\u00e8me et de ses enjeux a \u00e9t\u00e9 conduite le matin de fa\u00e7on interactive par Christian DOYHENART, enseignant de SES. Au cours de l\u2019apr\u00e8s-midi, Vanessa GARNIER, enseignante de SES, a expos\u00e9 quelques usages des Tice en mesure de motiver les \u00e9l\u00e8ves.<\/p>\n<\/div>\n<div class=\"nettoyeur\" style=\"text-align: justify\"><\/div>\n<div class=\"crayon article-texte-736 texte\">\n<p style=\"text-align: justify\">Ce stage comprenait 2 temps forts\u00a0:<\/p>\n<table>\n<tbody>\n<tr>\n<td colspan=\"3\">Premi\u00e8re partie<\/td>\n<\/tr>\n<tr>\n<td rowspan=\"3\">Pr\u00e9sentation et enjeux<\/td>\n<td>Plan de l\u2019intervention<\/td>\n<td><a href=\"https:\/\/ent2d.ac-bordeaux.fr\/disciplines\/ses\/wp-content\/uploads\/sites\/9\/2017\/03\/1stage_seconde_demotivation_plan.pdf\">1stage_seconde_demotivation_plan<\/a><\/td>\n<\/tr>\n<tr>\n<td>Bibliographie sur le th\u00e8me de la d\u00e9motivation<\/td>\n<td><a href=\"https:\/\/ent2d.ac-bordeaux.fr\/disciplines\/ses\/wp-content\/uploads\/sites\/9\/2017\/03\/2bibliographie_sur_le_thame_de_la_dcmotivation_des_claves.pdf\">2bibliographie_sur_le_thame_de_la_dcmotivation_des_claves<\/a><\/td>\n<\/tr>\n<tr>\n<td>\u00a0Compte rendu<\/td>\n<td><a href=\"https:\/\/ent2d.ac-bordeaux.fr\/disciplines\/ses\/wp-content\/uploads\/sites\/9\/2017\/03\/4cr_stage_dcmobilisation_des_claves.pdf\">4cr_stage_dcmobilisation_des_claves<\/a><\/td>\n<\/tr>\n<tr>\n<td colspan=\"3\">Deuxi\u00e8me partie<\/td>\n<\/tr>\n<tr>\n<td rowspan=\"3\">Des usages des TICE pour motiver les \u00e9l\u00e8ves<\/td>\n<td>\u00a0Diaporama de l\u2019intervention<\/td>\n<td><a href=\"https:\/\/ent2d.ac-bordeaux.fr\/disciplines\/ses\/wp-content\/uploads\/sites\/9\/2017\/03\/3_0usages_des_tices_pour_mobiliser_les_eleves.pdf\">3_0usages_des_tices_pour_mobiliser_les_eleves<\/a><\/td>\n<\/tr>\n<tr>\n<td>Un exemple de diaporama en Enseignement d\u2019Exploration<\/td>\n<td><a href=\"https:\/\/ent2d.ac-bordeaux.fr\/disciplines\/ses\/wp-content\/uploads\/sites\/9\/2017\/03\/3_1exemple_de_diaporama_enseignement_exploration_ses.pdf\">3_1exemple_de_diaporama_enseignement_exploration_ses<\/a><\/td>\n<\/tr>\n<tr>\n<td>\u00a0R\u00e9f\u00e9rences sur les usages des TICE en seconde<\/td>\n<td><a href=\"https:\/\/ent2d.ac-bordeaux.fr\/disciplines\/ses\/wp-content\/uploads\/sites\/9\/2017\/03\/3_2rcfcrences_sur_les_usages_des_tice_en_seconde.pdf\">3_2rcfcrences_sur_les_usages_des_tice_en_seconde<\/a><\/td>\n<\/tr>\n<\/tbody>\n<\/table>\n<\/div>\n<p>Ressources compl\u00e9mentaires : <a href=\"http:\/\/www2.ac-lyon.fr\/enseigne\/ses\/IMG\/pdf\/atelier_2.pdf\" target=\"_blank\">Stage acad\u00e9mie de Lyon<\/a><\/p>\n","protected":false},"excerpt":{"rendered":"<p>Dans le cadre du Plan Acad\u00e9mique de Formation en SES, le mardi 14 janvier 2014, s\u2019est d\u00e9roul\u00e9 un stage sur le th\u00e8me de la d\u00e9motivation des \u00e9l\u00e8ves (notamment en SES en classe de seconde). Cette journ\u00e9e \u00e9tait organis\u00e9e en deux temps. Une pr\u00e9sentation du th\u00e8me et de ses enjeux a \u00e9t\u00e9 conduite le matin de &hellip; <\/p>\n<p><a class=\"more-link btn\" href=\"https:\/\/ent2d.ac-bordeaux.fr\/disciplines\/ses\/2017\/03\/05\/stage-la-demotivation-des-eleves\/\">Lire la suite<\/a><\/p>\n","protected":false},"author":25,"featured_media":0,"comment_status":"closed","ping_status":"open","sticky":false,"template":"","format":"standard","meta":{"footnotes":""},"categories":[11,553],"tags":[334,533],"class_list":["post-3576","post","type-post","status-publish","format-standard","hentry","category-formation","category-paf-2013-2014","tag-enseignement-dexploration","tag-usages-du-numerique","nodate","item-wrap"],"_links":{"self":[{"href":"https:\/\/ent2d.ac-bordeaux.fr\/disciplines\/ses\/wp-json\/wp\/v2\/posts\/3576","targetHints":{"allow":["GET"]}}],"collection":[{"href":"https:\/\/ent2d.ac-bordeaux.fr\/disciplines\/ses\/wp-json\/wp\/v2\/posts"}],"about":[{"href":"https:\/\/ent2d.ac-bordeaux.fr\/disciplines\/ses\/wp-json\/wp\/v2\/types\/post"}],"author":[{"embeddable":true,"href":"https:\/\/ent2d.ac-bordeaux.fr\/disciplines\/ses\/wp-json\/wp\/v2\/users\/25"}],"replies":[{"embeddable":true,"href":"https:\/\/ent2d.ac-bordeaux.fr\/disciplines\/ses\/wp-json\/wp\/v2\/comments?post=3576"}],"version-history":[{"count":1,"href":"https:\/\/ent2d.ac-bordeaux.fr\/disciplines\/ses\/wp-json\/wp\/v2\/posts\/3576\/revisions"}],"predecessor-version":[{"id":3583,"href":"https:\/\/ent2d.ac-bordeaux.fr\/disciplines\/ses\/wp-json\/wp\/v2\/posts\/3576\/revisions\/3583"}],"wp:attachment":[{"href":"https:\/\/ent2d.ac-bordeaux.fr\/disciplines\/ses\/wp-json\/wp\/v2\/media?parent=3576"}],"wp:term":[{"taxonomy":"category","embeddable":true,"href":"https:\/\/ent2d.ac-bordeaux.fr\/disciplines\/ses\/wp-json\/wp\/v2\/categories?post=3576"},{"taxonomy":"post_tag","embeddable":true,"href":"https:\/\/ent2d.ac-bordeaux.fr\/disciplines\/ses\/wp-json\/wp\/v2\/tags?post=3576"}],"curies":[{"name":"wp","href":"https:\/\/api.w.org\/{rel}","templated":true}]}}