{"id":3246,"date":"2016-09-07T16:19:48","date_gmt":"2016-09-07T15:19:48","guid":{"rendered":"https:\/\/ent2d.ac-bordeaux.fr\/disciplines\/ses\/?p=3246"},"modified":"2017-02-19T10:20:47","modified_gmt":"2017-02-19T09:20:47","slug":"le-cadre-europeen-commun-de-reference-pour-les-langues-apprendre-enseigner-evaluer","status":"publish","type":"post","link":"https:\/\/ent2d.ac-bordeaux.fr\/disciplines\/ses\/2016\/09\/07\/le-cadre-europeen-commun-de-reference-pour-les-langues-apprendre-enseigner-evaluer\/","title":{"rendered":"Le Cadre Europ\u00e9en Commun de R\u00e9f\u00e9rence pour les langues : Apprendre, Enseigner, \u00c9valuer"},"content":{"rendered":"<p style=\"text-align: justify\">Le Cadre europ\u00e9en commun de r\u00e9f\u00e9rence offre une base commune pour l\u2019\u00e9laboration de programmes de langues vivantes, de r\u00e9f\u00e9rentiels, d\u2019examens, de manuels, etc. en Europe. Il d\u00e9crit aussi compl\u00e8tement que possible ce que les apprenants d\u2019une\u00a0langue doivent apprendre afin de l\u2019utiliser dans le but de communiquer\u00a0; il \u00e9num\u00e8re \u00e9galement les connaissances et les habilet\u00e9s qu\u2019ils doivent acqu\u00e9rir afin d\u2019avoir un comportement langagier efficace. La description englobe aussi le contexte culturel qui\u00a0soutient la langue. Enfin, le Cadre de r\u00e9f\u00e9rence d\u00e9finit les niveaux de comp\u00e9tence qui permettent de mesurer le progr\u00e8s de l\u2019apprenant \u00e0 chaque \u00e9tape de l\u2019apprentissage et \u00e0 tout moment de la vie.<\/p>\n<table>\n<tbody>\n<tr>\n<td>T\u00e9l\u00e9charger le document<\/td>\n<td><a href=\"https:\/\/ent2d.ac-bordeaux.fr\/disciplines\/ses\/2016\/09\/07\/le-cadre-europeen-commun-de-reference-pour-les-langues-apprendre-enseigner-evaluer\/cadre_europeen_commun_de_reference_pour_les_langues\/\" rel=\"attachment wp-att-3247\">cadre_europeen_commun_de_reference_pour_les_langues<\/a><\/td>\n<\/tr>\n<\/tbody>\n<\/table>\n","protected":false},"excerpt":{"rendered":"<p>Le Cadre europ\u00e9en commun de r\u00e9f\u00e9rence offre une base commune pour l\u2019\u00e9laboration de programmes de langues vivantes, de r\u00e9f\u00e9rentiels, d\u2019examens, de manuels, etc. en Europe. Il d\u00e9crit aussi compl\u00e8tement que possible ce que les apprenants d\u2019une\u00a0langue doivent apprendre afin de l\u2019utiliser dans le but de communiquer\u00a0; il \u00e9num\u00e8re \u00e9galement les connaissances et les habilet\u00e9s qu\u2019ils &hellip; <\/p>\n<p><a class=\"more-link btn\" href=\"https:\/\/ent2d.ac-bordeaux.fr\/disciplines\/ses\/2016\/09\/07\/le-cadre-europeen-commun-de-reference-pour-les-langues-apprendre-enseigner-evaluer\/\">Lire la suite<\/a><\/p>\n","protected":false},"author":25,"featured_media":0,"comment_status":"closed","ping_status":"open","sticky":false,"template":"","format":"standard","meta":{"footnotes":""},"categories":[130,154],"tags":[523],"class_list":["post-3246","post","type-post","status-publish","format-standard","hentry","category-enseigner-les-ses-en-anglais","category-les-selo","tag-dnl","nodate","item-wrap"],"_links":{"self":[{"href":"https:\/\/ent2d.ac-bordeaux.fr\/disciplines\/ses\/wp-json\/wp\/v2\/posts\/3246","targetHints":{"allow":["GET"]}}],"collection":[{"href":"https:\/\/ent2d.ac-bordeaux.fr\/disciplines\/ses\/wp-json\/wp\/v2\/posts"}],"about":[{"href":"https:\/\/ent2d.ac-bordeaux.fr\/disciplines\/ses\/wp-json\/wp\/v2\/types\/post"}],"author":[{"embeddable":true,"href":"https:\/\/ent2d.ac-bordeaux.fr\/disciplines\/ses\/wp-json\/wp\/v2\/users\/25"}],"replies":[{"embeddable":true,"href":"https:\/\/ent2d.ac-bordeaux.fr\/disciplines\/ses\/wp-json\/wp\/v2\/comments?post=3246"}],"version-history":[{"count":2,"href":"https:\/\/ent2d.ac-bordeaux.fr\/disciplines\/ses\/wp-json\/wp\/v2\/posts\/3246\/revisions"}],"predecessor-version":[{"id":3249,"href":"https:\/\/ent2d.ac-bordeaux.fr\/disciplines\/ses\/wp-json\/wp\/v2\/posts\/3246\/revisions\/3249"}],"wp:attachment":[{"href":"https:\/\/ent2d.ac-bordeaux.fr\/disciplines\/ses\/wp-json\/wp\/v2\/media?parent=3246"}],"wp:term":[{"taxonomy":"category","embeddable":true,"href":"https:\/\/ent2d.ac-bordeaux.fr\/disciplines\/ses\/wp-json\/wp\/v2\/categories?post=3246"},{"taxonomy":"post_tag","embeddable":true,"href":"https:\/\/ent2d.ac-bordeaux.fr\/disciplines\/ses\/wp-json\/wp\/v2\/tags?post=3246"}],"curies":[{"name":"wp","href":"https:\/\/api.w.org\/{rel}","templated":true}]}}