{"id":2915,"date":"2016-08-24T13:51:05","date_gmt":"2016-08-24T12:51:05","guid":{"rendered":"https:\/\/ent2d.ac-bordeaux.fr\/disciplines\/ses\/?p=2915"},"modified":"2017-02-19T10:47:04","modified_gmt":"2017-02-19T09:47:04","slug":"activites-de-sensibilisation-sur-la-consommation-un-marqueur-social","status":"publish","type":"post","link":"https:\/\/ent2d.ac-bordeaux.fr\/disciplines\/ses\/2016\/08\/24\/activites-de-sensibilisation-sur-la-consommation-un-marqueur-social\/","title":{"rendered":"Activit\u00e9s de sensibilisation sur la consommation, un marqueur social"},"content":{"rendered":"<p style=\"text-align: justify\">L\u2019objectif de ces activit\u00e9s de sensibilisation est d\u2019amener les \u00e9l\u00e8ves \u00e0 aborder la question \u00e0 traiter \u00e0 partir de situations concr\u00e8tes. Le dossier s\u2019appuie sur des photos, vid\u00e9os, documents audio etc permettant l\u2019expression collective \u00e0 partir des repr\u00e9sentations individuelles.<\/p>\n<div id=\"page\">\n<div id=\"conteneur\">\n<div id=\"contenu\">\n<div class=\"ajaxbloc bind-ajaxReload\">\n<div id=\"rubrique_contenu\" class=\"bloc\">\n<div class=\"crayon rubrique-texte-206 texte\">\n<p style=\"text-align: justify\">Les questions indicatives proposent de guider la r\u00e9flexion de l\u2019\u00e9l\u00e8ve en lui faisant prendre conscience progressivement des points qui seront abord\u00e9s dans la partie analyse.<\/p>\n<p>.<\/p>\n<p><strong>Activit\u00e9 1<\/strong> :\u00a0\u00a0A partir d&#8217;extraits de film. R\u00e9alis\u00e9e par Pascale et Fr\u00e9d\u00e9ric Lafon.<\/p>\n<\/div>\n<\/div>\n<\/div>\n<\/div>\n<\/div>\n<\/div>\n<table>\n<tbody>\n<tr>\n<td>Acc\u00e9der \u00e0 l&#8217;activit\u00e9<\/td>\n<td><img loading=\"lazy\" decoding=\"async\" class=\"aligncenter\" src=\"http:\/\/ses.ac-bordeaux.fr\/spip_ses\/local\/cache-vignettes\/L52xH52\/pdf-39070.png\" alt=\"PDF - 65\u00a0ko\" width=\"52\" height=\"52\" \/><\/p>\n<p><a href=\"https:\/\/ent2d.ac-bordeaux.fr\/disciplines\/ses\/wp-content\/uploads\/sites\/9\/2016\/08\/Sensibilisation-consommation-marqueursocial-Cinema-2.pdf\">Sensibilisation-consommation-marqueursocial-Cinema-2<\/a><\/td>\n<\/tr>\n<\/tbody>\n<\/table>\n<p style=\"text-align: justify\">.<\/p>\n<p style=\"text-align: justify\"><strong>Activit\u00e9 2 :<\/strong> L\u2019influence de la publicit\u00e9 sur les comportements de consommation. R\u00e9alis\u00e9e par\u00a0Nathalie Thuillier<\/p>\n<table>\n<tbody>\n<tr>\n<td>Acc\u00e9der \u00e0 l&#8217;activit\u00e9<\/td>\n<td><img loading=\"lazy\" decoding=\"async\" class=\"aligncenter\" src=\"http:\/\/ses.ac-bordeaux.fr\/spip_ses\/local\/cache-vignettes\/L52xH52\/pdf-39070.png\" alt=\"PDF - 65\u00a0ko\" width=\"52\" height=\"52\" \/><\/p>\n<p><a href=\"https:\/\/ent2d.ac-bordeaux.fr\/disciplines\/ses\/wp-content\/uploads\/sites\/9\/2016\/08\/Sensibilisation-consommation-marqueursocial-Pub.pdf\">Sensibilisation-consommation-marqueursocial-Pub<\/a><\/td>\n<\/tr>\n<\/tbody>\n<\/table>\n<p>&nbsp;<\/p>\n","protected":false},"excerpt":{"rendered":"<p>L\u2019objectif de ces activit\u00e9s de sensibilisation est d\u2019amener les \u00e9l\u00e8ves \u00e0 aborder la question \u00e0 traiter \u00e0 partir de situations concr\u00e8tes. Le dossier s\u2019appuie sur des photos, vid\u00e9os, documents audio etc permettant l\u2019expression collective \u00e0 partir des repr\u00e9sentations individuelles. Les questions indicatives proposent de guider la r\u00e9flexion de l\u2019\u00e9l\u00e8ve en lui faisant prendre conscience progressivement &hellip; <\/p>\n<p><a class=\"more-link btn\" href=\"https:\/\/ent2d.ac-bordeaux.fr\/disciplines\/ses\/2016\/08\/24\/activites-de-sensibilisation-sur-la-consommation-un-marqueur-social\/\">Lire la suite<\/a><\/p>\n","protected":false},"author":26,"featured_media":0,"comment_status":"closed","ping_status":"open","sticky":false,"template":"","format":"standard","meta":{"footnotes":""},"categories":[201],"tags":[334,548],"class_list":["post-2915","post","type-post","status-publish","format-standard","hentry","category-2-la-consommation-un-marqueur-social","tag-enseignement-dexploration","tag-sensibilisation","nodate","item-wrap"],"_links":{"self":[{"href":"https:\/\/ent2d.ac-bordeaux.fr\/disciplines\/ses\/wp-json\/wp\/v2\/posts\/2915","targetHints":{"allow":["GET"]}}],"collection":[{"href":"https:\/\/ent2d.ac-bordeaux.fr\/disciplines\/ses\/wp-json\/wp\/v2\/posts"}],"about":[{"href":"https:\/\/ent2d.ac-bordeaux.fr\/disciplines\/ses\/wp-json\/wp\/v2\/types\/post"}],"author":[{"embeddable":true,"href":"https:\/\/ent2d.ac-bordeaux.fr\/disciplines\/ses\/wp-json\/wp\/v2\/users\/26"}],"replies":[{"embeddable":true,"href":"https:\/\/ent2d.ac-bordeaux.fr\/disciplines\/ses\/wp-json\/wp\/v2\/comments?post=2915"}],"version-history":[{"count":5,"href":"https:\/\/ent2d.ac-bordeaux.fr\/disciplines\/ses\/wp-json\/wp\/v2\/posts\/2915\/revisions"}],"predecessor-version":[{"id":3011,"href":"https:\/\/ent2d.ac-bordeaux.fr\/disciplines\/ses\/wp-json\/wp\/v2\/posts\/2915\/revisions\/3011"}],"wp:attachment":[{"href":"https:\/\/ent2d.ac-bordeaux.fr\/disciplines\/ses\/wp-json\/wp\/v2\/media?parent=2915"}],"wp:term":[{"taxonomy":"category","embeddable":true,"href":"https:\/\/ent2d.ac-bordeaux.fr\/disciplines\/ses\/wp-json\/wp\/v2\/categories?post=2915"},{"taxonomy":"post_tag","embeddable":true,"href":"https:\/\/ent2d.ac-bordeaux.fr\/disciplines\/ses\/wp-json\/wp\/v2\/tags?post=2915"}],"curies":[{"name":"wp","href":"https:\/\/api.w.org\/{rel}","templated":true}]}}