{"id":2479,"date":"2016-08-09T15:45:46","date_gmt":"2016-08-09T14:45:46","guid":{"rendered":"https:\/\/ent2d.ac-bordeaux.fr\/disciplines\/ses\/?p=2479"},"modified":"2017-02-19T11:19:36","modified_gmt":"2017-02-19T10:19:36","slug":"quest-ce-que-le-marche-du-carbone","status":"publish","type":"post","link":"https:\/\/ent2d.ac-bordeaux.fr\/disciplines\/ses\/2016\/08\/09\/quest-ce-que-le-marche-du-carbone\/","title":{"rendered":"Qu\u2019est-ce que le march\u00e9 du carbone ?"},"content":{"rendered":"<p>Une vid\u00e9o du site Politiques Energ\u00e9tiques.<\/p>\n<table style=\"width: 443.167px\">\n<tbody>\n<tr>\n<td style=\"width: 169px\">Acc\u00e9der \u00e0 la vid\u00e9o :<\/td>\n<td style=\"width: 241.167px\"><div style=\"width: 640px;\" class=\"wp-video\"><video class=\"wp-video-shortcode\" id=\"video-2479-1\" width=\"640\" height=\"360\" preload=\"metadata\" controls=\"controls\"><source type=\"video\/mp4\" src=\"https:\/\/ent2d.ac-bordeaux.fr\/disciplines\/ses\/wp-content\/uploads\/sites\/9\/2016\/08\/March\u00e9-du-carbone-un-moyen-de-lutter-contre-le-changement-cl.mp4?_=1\" \/><a href=\"https:\/\/ent2d.ac-bordeaux.fr\/disciplines\/ses\/wp-content\/uploads\/sites\/9\/2016\/08\/March\u00e9-du-carbone-un-moyen-de-lutter-contre-le-changement-cl.mp4\">https:\/\/ent2d.ac-bordeaux.fr\/disciplines\/ses\/wp-content\/uploads\/sites\/9\/2016\/08\/March\u00e9-du-carbone-un-moyen-de-lutter-contre-le-changement-cl.mp4<\/a><\/video><\/div><\/td>\n<\/tr>\n<\/tbody>\n<\/table>\n<p>&nbsp;<\/p>\n","protected":false},"excerpt":{"rendered":"<p>Une vid\u00e9o du site Politiques Energ\u00e9tiques. Acc\u00e9der \u00e0 la vid\u00e9o : &nbsp;<\/p>\n","protected":false},"author":28,"featured_media":0,"comment_status":"closed","ping_status":"open","sticky":false,"template":"","format":"standard","meta":{"footnotes":""},"categories":[377],"tags":[542],"class_list":["post-2479","post","type-post","status-publish","format-standard","hentry","category-3-1-la-croissance-economique-est-elle-compatible-avec-la-preservation-de-lenvironnement","tag-terminale","nodate","item-wrap"],"_links":{"self":[{"href":"https:\/\/ent2d.ac-bordeaux.fr\/disciplines\/ses\/wp-json\/wp\/v2\/posts\/2479","targetHints":{"allow":["GET"]}}],"collection":[{"href":"https:\/\/ent2d.ac-bordeaux.fr\/disciplines\/ses\/wp-json\/wp\/v2\/posts"}],"about":[{"href":"https:\/\/ent2d.ac-bordeaux.fr\/disciplines\/ses\/wp-json\/wp\/v2\/types\/post"}],"author":[{"embeddable":true,"href":"https:\/\/ent2d.ac-bordeaux.fr\/disciplines\/ses\/wp-json\/wp\/v2\/users\/28"}],"replies":[{"embeddable":true,"href":"https:\/\/ent2d.ac-bordeaux.fr\/disciplines\/ses\/wp-json\/wp\/v2\/comments?post=2479"}],"version-history":[{"count":1,"href":"https:\/\/ent2d.ac-bordeaux.fr\/disciplines\/ses\/wp-json\/wp\/v2\/posts\/2479\/revisions"}],"predecessor-version":[{"id":2481,"href":"https:\/\/ent2d.ac-bordeaux.fr\/disciplines\/ses\/wp-json\/wp\/v2\/posts\/2479\/revisions\/2481"}],"wp:attachment":[{"href":"https:\/\/ent2d.ac-bordeaux.fr\/disciplines\/ses\/wp-json\/wp\/v2\/media?parent=2479"}],"wp:term":[{"taxonomy":"category","embeddable":true,"href":"https:\/\/ent2d.ac-bordeaux.fr\/disciplines\/ses\/wp-json\/wp\/v2\/categories?post=2479"},{"taxonomy":"post_tag","embeddable":true,"href":"https:\/\/ent2d.ac-bordeaux.fr\/disciplines\/ses\/wp-json\/wp\/v2\/tags?post=2479"}],"curies":[{"name":"wp","href":"https:\/\/api.w.org\/{rel}","templated":true}]}}