{"id":2475,"date":"2016-08-09T15:15:44","date_gmt":"2016-08-09T14:15:44","guid":{"rendered":"https:\/\/ent2d.ac-bordeaux.fr\/disciplines\/ses\/?p=2475"},"modified":"2017-02-19T11:19:48","modified_gmt":"2017-02-19T10:19:48","slug":"diaporama-sur-la-coordination-des-politiques-economiques-et-lunion-europeenne","status":"publish","type":"post","link":"https:\/\/ent2d.ac-bordeaux.fr\/disciplines\/ses\/2016\/08\/09\/diaporama-sur-la-coordination-des-politiques-economiques-et-lunion-europeenne\/","title":{"rendered":"Diaporama sur la coordination des politiques \u00e9conomiques et l&#8217;Union Europ\u00e9enne"},"content":{"rendered":"<h4 class=\"crayon article-soustitre-615 soustitre\" style=\"text-align: justify\">Un diaporama r\u00e9alis\u00e9 par Christian Aubin<\/h4>\n<p style=\"text-align: justify\">Un diaporama pour les \u00e9l\u00e8ves de terminale. Plan du diaporama\u00a0:<br class=\"autobr\" \/> 1. Principes de coordination internationale des politiques \u00e9conomiques<br class=\"autobr\" \/> 2. Difficult\u00e9s de coordination macro\u00e9conomique dans l\u2019Union mon\u00e9taire europ\u00e9enne<\/p>\n<table style=\"width: 496.75px\">\n<tbody>\n<tr>\n<td style=\"width: 190px\">Acc\u00e9der au diaporama :<\/td>\n<td style=\"width: 273.75px\"><a href=\"https:\/\/ent2d.ac-bordeaux.fr\/disciplines\/ses\/wp-content\/uploads\/sites\/9\/2016\/08\/coordipoleco_ue_lycee.ppt\">coordipoleco_ue_lycee<\/a><\/td>\n<\/tr>\n<\/tbody>\n<\/table>\n<p>&nbsp;<\/p>\n<p>&nbsp;<\/p>\n","protected":false},"excerpt":{"rendered":"<p>Un diaporama r\u00e9alis\u00e9 par Christian Aubin Un diaporama pour les \u00e9l\u00e8ves de terminale. Plan du diaporama\u00a0: 1. Principes de coordination internationale des politiques \u00e9conomiques 2. Difficult\u00e9s de coordination macro\u00e9conomique dans l\u2019Union mon\u00e9taire europ\u00e9enne Acc\u00e9der au diaporama : coordipoleco_ue_lycee &nbsp; &nbsp;<\/p>\n","protected":false},"author":28,"featured_media":0,"comment_status":"closed","ping_status":"open","sticky":false,"template":"","format":"standard","meta":{"footnotes":""},"categories":[376],"tags":[542],"class_list":["post-2475","post","type-post","status-publish","format-standard","hentry","category-2-2-quelle-est-la-place-de-lunion-europeenne-dans-leconomie-globale","tag-terminale","nodate","item-wrap"],"_links":{"self":[{"href":"https:\/\/ent2d.ac-bordeaux.fr\/disciplines\/ses\/wp-json\/wp\/v2\/posts\/2475","targetHints":{"allow":["GET"]}}],"collection":[{"href":"https:\/\/ent2d.ac-bordeaux.fr\/disciplines\/ses\/wp-json\/wp\/v2\/posts"}],"about":[{"href":"https:\/\/ent2d.ac-bordeaux.fr\/disciplines\/ses\/wp-json\/wp\/v2\/types\/post"}],"author":[{"embeddable":true,"href":"https:\/\/ent2d.ac-bordeaux.fr\/disciplines\/ses\/wp-json\/wp\/v2\/users\/28"}],"replies":[{"embeddable":true,"href":"https:\/\/ent2d.ac-bordeaux.fr\/disciplines\/ses\/wp-json\/wp\/v2\/comments?post=2475"}],"version-history":[{"count":1,"href":"https:\/\/ent2d.ac-bordeaux.fr\/disciplines\/ses\/wp-json\/wp\/v2\/posts\/2475\/revisions"}],"predecessor-version":[{"id":2477,"href":"https:\/\/ent2d.ac-bordeaux.fr\/disciplines\/ses\/wp-json\/wp\/v2\/posts\/2475\/revisions\/2477"}],"wp:attachment":[{"href":"https:\/\/ent2d.ac-bordeaux.fr\/disciplines\/ses\/wp-json\/wp\/v2\/media?parent=2475"}],"wp:term":[{"taxonomy":"category","embeddable":true,"href":"https:\/\/ent2d.ac-bordeaux.fr\/disciplines\/ses\/wp-json\/wp\/v2\/categories?post=2475"},{"taxonomy":"post_tag","embeddable":true,"href":"https:\/\/ent2d.ac-bordeaux.fr\/disciplines\/ses\/wp-json\/wp\/v2\/tags?post=2475"}],"curies":[{"name":"wp","href":"https:\/\/api.w.org\/{rel}","templated":true}]}}