{"id":2467,"date":"2016-08-09T15:02:23","date_gmt":"2016-08-09T14:02:23","guid":{"rendered":"https:\/\/ent2d.ac-bordeaux.fr\/disciplines\/ses\/?p=2467"},"modified":"2017-02-19T11:20:28","modified_gmt":"2017-02-19T10:20:28","slug":"diaporama-mondialisation-et-transnationalisation-des-firmes","status":"publish","type":"post","link":"https:\/\/ent2d.ac-bordeaux.fr\/disciplines\/ses\/2016\/08\/09\/diaporama-mondialisation-et-transnationalisation-des-firmes\/","title":{"rendered":"Diaporama &#8211; Mondialisation et transnationalisation des firmes"},"content":{"rendered":"<p style=\"text-align: justify\">Un diaporama r\u00e9alis\u00e9 par Olivier Bouba Olga, professeur des Universit\u00e9s.<\/p>\n<p style=\"text-align: justify\">Un diaporama \u00e0 l\u2019intention des \u00e9l\u00e8ves de la classe de terminale. Plan du diaporama\u00a0:<br class=\"autobr\" \/> 1. La fragmentation des processus productifs<br class=\"autobr\" \/> 2. L\u2019impact de la mondialisation<br class=\"autobr\" \/> 3. Les firmes transnationales<br class=\"autobr\" \/> 4. Logiques de co\u00fbt<br class=\"autobr\" \/> 5. Logiques de diff\u00e9renciation<\/p>\n<table style=\"width: 484.85px\">\n<tbody>\n<tr>\n<td style=\"width: 191px\">Acc\u00e9der au diaporama :<\/td>\n<td style=\"width: 260.85px\"><a href=\"https:\/\/ent2d.ac-bordeaux.fr\/disciplines\/ses\/wp-content\/uploads\/sites\/9\/2016\/08\/transnationalisation.ppt\">transnationalisation<\/a><\/td>\n<\/tr>\n<\/tbody>\n<\/table>\n","protected":false},"excerpt":{"rendered":"<p>Un diaporama r\u00e9alis\u00e9 par Olivier Bouba Olga, professeur des Universit\u00e9s. Un diaporama \u00e0 l\u2019intention des \u00e9l\u00e8ves de la classe de terminale. Plan du diaporama\u00a0: 1. La fragmentation des processus productifs 2. L\u2019impact de la mondialisation 3. Les firmes transnationales 4. Logiques de co\u00fbt 5. Logiques de diff\u00e9renciation Acc\u00e9der au diaporama : transnationalisation<\/p>\n","protected":false},"author":28,"featured_media":0,"comment_status":"closed","ping_status":"open","sticky":false,"template":"","format":"standard","meta":{"footnotes":""},"categories":[375],"tags":[542],"class_list":["post-2467","post","type-post","status-publish","format-standard","hentry","category-2-1-quels-sont-les-fondements-du-commerce-international-et-de-linternationalisation-de-la-production","tag-terminale","nodate","item-wrap"],"_links":{"self":[{"href":"https:\/\/ent2d.ac-bordeaux.fr\/disciplines\/ses\/wp-json\/wp\/v2\/posts\/2467","targetHints":{"allow":["GET"]}}],"collection":[{"href":"https:\/\/ent2d.ac-bordeaux.fr\/disciplines\/ses\/wp-json\/wp\/v2\/posts"}],"about":[{"href":"https:\/\/ent2d.ac-bordeaux.fr\/disciplines\/ses\/wp-json\/wp\/v2\/types\/post"}],"author":[{"embeddable":true,"href":"https:\/\/ent2d.ac-bordeaux.fr\/disciplines\/ses\/wp-json\/wp\/v2\/users\/28"}],"replies":[{"embeddable":true,"href":"https:\/\/ent2d.ac-bordeaux.fr\/disciplines\/ses\/wp-json\/wp\/v2\/comments?post=2467"}],"version-history":[{"count":2,"href":"https:\/\/ent2d.ac-bordeaux.fr\/disciplines\/ses\/wp-json\/wp\/v2\/posts\/2467\/revisions"}],"predecessor-version":[{"id":2470,"href":"https:\/\/ent2d.ac-bordeaux.fr\/disciplines\/ses\/wp-json\/wp\/v2\/posts\/2467\/revisions\/2470"}],"wp:attachment":[{"href":"https:\/\/ent2d.ac-bordeaux.fr\/disciplines\/ses\/wp-json\/wp\/v2\/media?parent=2467"}],"wp:term":[{"taxonomy":"category","embeddable":true,"href":"https:\/\/ent2d.ac-bordeaux.fr\/disciplines\/ses\/wp-json\/wp\/v2\/categories?post=2467"},{"taxonomy":"post_tag","embeddable":true,"href":"https:\/\/ent2d.ac-bordeaux.fr\/disciplines\/ses\/wp-json\/wp\/v2\/tags?post=2467"}],"curies":[{"name":"wp","href":"https:\/\/api.w.org\/{rel}","templated":true}]}}