{"id":2445,"date":"2016-08-09T09:30:22","date_gmt":"2016-08-09T08:30:22","guid":{"rendered":"https:\/\/ent2d.ac-bordeaux.fr\/disciplines\/ses\/?p=2445"},"modified":"2017-02-19T11:21:40","modified_gmt":"2017-02-19T10:21:40","slug":"quelles-politiques-economiques-pour-sortir-de-la-crise-un-diaporama-realise-par-pascal-chauchefoin","status":"publish","type":"post","link":"https:\/\/ent2d.ac-bordeaux.fr\/disciplines\/ses\/2016\/08\/09\/quelles-politiques-economiques-pour-sortir-de-la-crise-un-diaporama-realise-par-pascal-chauchefoin\/","title":{"rendered":"Quelles politiques \u00e9conomiques pour sortir de la crise ? Un diaporama r\u00e9alis\u00e9 par Pascal Chauchefoin"},"content":{"rendered":"<p style=\"text-align: justify\">Un diaporama sur les politiques \u00e9conomiques destin\u00e9 aux \u00e9l\u00e8ves de terminale. Voici le plan du diaporama\u00a0: <br class=\"autobr\" \/> 1. Les indicateurs \u00e9conomiques essentiels \u00e0 prendre en compte.<br class=\"autobr\" \/> 2. S\u00e9lection des indicateurs\u00a0: quelques variables \u00ab\u00a0sous-jacentes\u00a0\u00bb<br class=\"autobr\" \/> 3. Examens\u00a0: la situation de l\u2019\u00e9conomie fran\u00e7aise en 2013<br class=\"autobr\" \/> 4. Interpr\u00e9tation des r\u00e9sultats\u00a0: d\u00e9bats<br class=\"autobr\" \/> 5. N\u00e9cessit\u00e9 d\u2019un diagnostic approfondi<br class=\"autobr\" \/> 6. D\u00e9finition d\u2019une th\u00e9rapie<\/p>\n<table style=\"width: 430.833px\">\n<tbody>\n<tr>\n<td style=\"width: 188px\">Acc\u00e9der au diaporama :<\/td>\n<td style=\"width: 209.833px\"><a href=\"https:\/\/ent2d.ac-bordeaux.fr\/disciplines\/ses\/wp-content\/uploads\/sites\/9\/2016\/08\/quellespoecosortiecrise.ppt\">quellespoecosortiecrise<\/a><\/td>\n<\/tr>\n<\/tbody>\n<\/table>\n<p>&nbsp;<\/p>\n","protected":false},"excerpt":{"rendered":"<p>Un diaporama sur les politiques \u00e9conomiques destin\u00e9 aux \u00e9l\u00e8ves de terminale. Voici le plan du diaporama\u00a0: 1. Les indicateurs \u00e9conomiques essentiels \u00e0 prendre en compte. 2. S\u00e9lection des indicateurs\u00a0: quelques variables \u00ab\u00a0sous-jacentes\u00a0\u00bb 3. Examens\u00a0: la situation de l\u2019\u00e9conomie fran\u00e7aise en 2013 4. Interpr\u00e9tation des r\u00e9sultats\u00a0: d\u00e9bats 5. N\u00e9cessit\u00e9 d\u2019un diagnostic approfondi 6. D\u00e9finition d\u2019une th\u00e9rapie &hellip; <\/p>\n<p><a class=\"more-link btn\" href=\"https:\/\/ent2d.ac-bordeaux.fr\/disciplines\/ses\/2016\/08\/09\/quelles-politiques-economiques-pour-sortir-de-la-crise-un-diaporama-realise-par-pascal-chauchefoin\/\">Lire la suite<\/a><\/p>\n","protected":false},"author":28,"featured_media":0,"comment_status":"closed","ping_status":"open","sticky":false,"template":"","format":"standard","meta":{"footnotes":""},"categories":[374],"tags":[542],"class_list":["post-2445","post","type-post","status-publish","format-standard","hentry","category-1-2-comment-expliquer-linstabilite-de-la-croissance","tag-terminale","nodate","item-wrap"],"_links":{"self":[{"href":"https:\/\/ent2d.ac-bordeaux.fr\/disciplines\/ses\/wp-json\/wp\/v2\/posts\/2445","targetHints":{"allow":["GET"]}}],"collection":[{"href":"https:\/\/ent2d.ac-bordeaux.fr\/disciplines\/ses\/wp-json\/wp\/v2\/posts"}],"about":[{"href":"https:\/\/ent2d.ac-bordeaux.fr\/disciplines\/ses\/wp-json\/wp\/v2\/types\/post"}],"author":[{"embeddable":true,"href":"https:\/\/ent2d.ac-bordeaux.fr\/disciplines\/ses\/wp-json\/wp\/v2\/users\/28"}],"replies":[{"embeddable":true,"href":"https:\/\/ent2d.ac-bordeaux.fr\/disciplines\/ses\/wp-json\/wp\/v2\/comments?post=2445"}],"version-history":[{"count":1,"href":"https:\/\/ent2d.ac-bordeaux.fr\/disciplines\/ses\/wp-json\/wp\/v2\/posts\/2445\/revisions"}],"predecessor-version":[{"id":2447,"href":"https:\/\/ent2d.ac-bordeaux.fr\/disciplines\/ses\/wp-json\/wp\/v2\/posts\/2445\/revisions\/2447"}],"wp:attachment":[{"href":"https:\/\/ent2d.ac-bordeaux.fr\/disciplines\/ses\/wp-json\/wp\/v2\/media?parent=2445"}],"wp:term":[{"taxonomy":"category","embeddable":true,"href":"https:\/\/ent2d.ac-bordeaux.fr\/disciplines\/ses\/wp-json\/wp\/v2\/categories?post=2445"},{"taxonomy":"post_tag","embeddable":true,"href":"https:\/\/ent2d.ac-bordeaux.fr\/disciplines\/ses\/wp-json\/wp\/v2\/tags?post=2445"}],"curies":[{"name":"wp","href":"https:\/\/api.w.org\/{rel}","templated":true}]}}