{"id":2436,"date":"2016-08-09T09:15:27","date_gmt":"2016-08-09T08:15:27","guid":{"rendered":"https:\/\/ent2d.ac-bordeaux.fr\/disciplines\/ses\/?p=2436"},"modified":"2017-02-19T11:22:45","modified_gmt":"2017-02-19T10:22:45","slug":"expliquez-nous-la-deflation-une-ressource-audio-france-info","status":"publish","type":"post","link":"https:\/\/ent2d.ac-bordeaux.fr\/disciplines\/ses\/2016\/08\/09\/expliquez-nous-la-deflation-une-ressource-audio-france-info\/","title":{"rendered":"Expliquez nous&#8230;la d\u00e9flation : Une ressource audio France info"},"content":{"rendered":"<p style=\"text-align: justify\">Alors que l\u2019inflation est au plus bas depuis cinq ans en France, l\u2019Espagne est carr\u00e9ment touch\u00e9e par la d\u00e9flation. France info vous explique ce ph\u00e9nom\u00e8ne. La d\u00e9flation est l\u2019un des ph\u00e9nom\u00e8nes \u00e9conomiques les plus inqui\u00e9tants. Il s\u2019agit de la baisse g\u00e9n\u00e9ralis\u00e9e et durable des prix. C\u2019est l\u2019inverse de l\u2019inflation.<\/p>\n<table style=\"width: 518.35px\">\n<tbody>\n<tr>\n<td style=\"width: 171px\">Acc\u00e9der au fichier :<\/td>\n<td style=\"width: 314.35px\"><audio class=\"wp-audio-shortcode\" id=\"audio-2436-1\" preload=\"none\" style=\"width: 100%;\" controls=\"controls\"><source type=\"audio\/mpeg\" src=\"https:\/\/ent2d.ac-bordeaux.fr\/disciplines\/ses\/wp-content\/uploads\/sites\/9\/2016\/08\/expliquez_nous_aod-info_podcast-net_53ab6731-2cbb-4e18-a72d-.mp3?_=1\" \/><a href=\"https:\/\/ent2d.ac-bordeaux.fr\/disciplines\/ses\/wp-content\/uploads\/sites\/9\/2016\/08\/expliquez_nous_aod-info_podcast-net_53ab6731-2cbb-4e18-a72d-.mp3\">https:\/\/ent2d.ac-bordeaux.fr\/disciplines\/ses\/wp-content\/uploads\/sites\/9\/2016\/08\/expliquez_nous_aod-info_podcast-net_53ab6731-2cbb-4e18-a72d-.mp3<\/a><\/audio><\/td>\n<\/tr>\n<\/tbody>\n<\/table>\n<p>P.S : document audio de 2014, toujours pertinent.<\/p>\n","protected":false},"excerpt":{"rendered":"<p>Alors que l\u2019inflation est au plus bas depuis cinq ans en France, l\u2019Espagne est carr\u00e9ment touch\u00e9e par la d\u00e9flation. France info vous explique ce ph\u00e9nom\u00e8ne. La d\u00e9flation est l\u2019un des ph\u00e9nom\u00e8nes \u00e9conomiques les plus inqui\u00e9tants. Il s\u2019agit de la baisse g\u00e9n\u00e9ralis\u00e9e et durable des prix. C\u2019est l\u2019inverse de l\u2019inflation. Acc\u00e9der au fichier : P.S : &hellip; <\/p>\n<p><a class=\"more-link btn\" href=\"https:\/\/ent2d.ac-bordeaux.fr\/disciplines\/ses\/2016\/08\/09\/expliquez-nous-la-deflation-une-ressource-audio-france-info\/\">Lire la suite<\/a><\/p>\n","protected":false},"author":28,"featured_media":0,"comment_status":"closed","ping_status":"open","sticky":false,"template":"","format":"standard","meta":{"footnotes":""},"categories":[374],"tags":[542,533],"class_list":["post-2436","post","type-post","status-publish","format-standard","hentry","category-1-2-comment-expliquer-linstabilite-de-la-croissance","tag-terminale","tag-usages-du-numerique","nodate","item-wrap"],"_links":{"self":[{"href":"https:\/\/ent2d.ac-bordeaux.fr\/disciplines\/ses\/wp-json\/wp\/v2\/posts\/2436","targetHints":{"allow":["GET"]}}],"collection":[{"href":"https:\/\/ent2d.ac-bordeaux.fr\/disciplines\/ses\/wp-json\/wp\/v2\/posts"}],"about":[{"href":"https:\/\/ent2d.ac-bordeaux.fr\/disciplines\/ses\/wp-json\/wp\/v2\/types\/post"}],"author":[{"embeddable":true,"href":"https:\/\/ent2d.ac-bordeaux.fr\/disciplines\/ses\/wp-json\/wp\/v2\/users\/28"}],"replies":[{"embeddable":true,"href":"https:\/\/ent2d.ac-bordeaux.fr\/disciplines\/ses\/wp-json\/wp\/v2\/comments?post=2436"}],"version-history":[{"count":1,"href":"https:\/\/ent2d.ac-bordeaux.fr\/disciplines\/ses\/wp-json\/wp\/v2\/posts\/2436\/revisions"}],"predecessor-version":[{"id":2438,"href":"https:\/\/ent2d.ac-bordeaux.fr\/disciplines\/ses\/wp-json\/wp\/v2\/posts\/2436\/revisions\/2438"}],"wp:attachment":[{"href":"https:\/\/ent2d.ac-bordeaux.fr\/disciplines\/ses\/wp-json\/wp\/v2\/media?parent=2436"}],"wp:term":[{"taxonomy":"category","embeddable":true,"href":"https:\/\/ent2d.ac-bordeaux.fr\/disciplines\/ses\/wp-json\/wp\/v2\/categories?post=2436"},{"taxonomy":"post_tag","embeddable":true,"href":"https:\/\/ent2d.ac-bordeaux.fr\/disciplines\/ses\/wp-json\/wp\/v2\/tags?post=2436"}],"curies":[{"name":"wp","href":"https:\/\/api.w.org\/{rel}","templated":true}]}}