{"id":961,"date":"2016-03-13T11:57:54","date_gmt":"2016-03-13T10:57:54","guid":{"rendered":"http:\/\/blogacabdx.ac-bordeaux.fr\/semaine-des-maths\/?p=961"},"modified":"2016-11-08T14:01:34","modified_gmt":"2016-11-08T13:01:34","slug":"enigmes-pour-le-1er-degre-dans-les-landes","status":"publish","type":"post","link":"https:\/\/ent2d.ac-bordeaux.fr\/disciplines\/semaine-des-maths\/2016\/03\/13\/enigmes-pour-le-1er-degre-dans-les-landes\/","title":{"rendered":"\u00c9nigmes pour le 1er degr\u00e9 dans les Landes"},"content":{"rendered":"<p>Dans le cadre de la semaine des maths, l&#8217;<a href=\"http:\/\/web.ac-bordeaux.fr\/dsden40\/ressources-pedagogiques\/mathematiques-culture-scientifique-edd\/mathematiques.html\">\u00e9quipe d\u00e9partementale des Landes<\/a> propose une \u00e9nigme\u00a0math\u00e9matique par jour et par niveau, chaque journ\u00e9e \u00e9tant ax\u00e9e sur un champ math\u00e9matique particulier (num\u00e9ration,\u00a0g\u00e9om\u00e9trie, grandeurs et mesures, probl\u00e8mes).<\/p>\n<p>Les corrig\u00e9s des \u00e9nigmes au jour le jour seront publi\u00e9s d\u00e8s le lendemain.<\/p>\n<ul>\n<li>Lundi 14 mars 2016: num\u00e9ration<\/li>\n<li>Mardi 15\u00a0mars 2016: g\u00e9om\u00e9trie<\/li>\n<li>Jeudi 17 mars 2016: grandeurs<\/li>\n<li>Vendredi 18\u00a0mars 2016: logique<\/li>\n<\/ul>\n<p>&nbsp;<\/p>\n<p>\u00c9nigmes et corrig\u00e9s sont accessibles dans <a href=\"http:\/\/web.ac-bordeaux.fr\/dsden40\/ressources-pedagogiques\/mathematiques-culture-scientifique-edd\/mathematiques\/enigmes-mathematiques.html\" target=\"_blank\">l&#8217;espace d\u00e9di\u00e9 aux math\u00e9matiques du site de la DSDEN 40<\/a>.<\/p>\n<p>&nbsp;<\/p>\n","protected":false},"excerpt":{"rendered":"<p>Dans le cadre de la semaine des maths, l&#8217;\u00e9quipe d\u00e9partementale des Landes propose une \u00e9nigme\u00a0math\u00e9matique par jour et par niveau, chaque journ\u00e9e \u00e9tant ax\u00e9e sur un champ math\u00e9matique particulier (num\u00e9ration,\u00a0g\u00e9om\u00e9trie, grandeurs et mesures, probl\u00e8mes). Les corrig\u00e9s des \u00e9nigmes au jour le jour seront publi\u00e9s d\u00e8s le lendemain. Lundi 14 mars 2016: num\u00e9ration Mardi 15\u00a0mars 2016: &hellip; <\/p>\n<p><a class=\"more-link btn\" href=\"https:\/\/ent2d.ac-bordeaux.fr\/disciplines\/semaine-des-maths\/2016\/03\/13\/enigmes-pour-le-1er-degre-dans-les-landes\/\">Lire la suite<\/a><\/p>\n","protected":false},"author":5,"featured_media":0,"comment_status":"closed","ping_status":"closed","sticky":false,"template":"","format":"standard","meta":{"footnotes":""},"categories":[2,20,9,11],"tags":[],"class_list":["post-961","post","type-post","status-publish","format-standard","hentry","category-1er-degre","category-annee-2016","category-enigmes","category-landes-40","nodate","item-wrap"],"_links":{"self":[{"href":"https:\/\/ent2d.ac-bordeaux.fr\/disciplines\/semaine-des-maths\/wp-json\/wp\/v2\/posts\/961","targetHints":{"allow":["GET"]}}],"collection":[{"href":"https:\/\/ent2d.ac-bordeaux.fr\/disciplines\/semaine-des-maths\/wp-json\/wp\/v2\/posts"}],"about":[{"href":"https:\/\/ent2d.ac-bordeaux.fr\/disciplines\/semaine-des-maths\/wp-json\/wp\/v2\/types\/post"}],"author":[{"embeddable":true,"href":"https:\/\/ent2d.ac-bordeaux.fr\/disciplines\/semaine-des-maths\/wp-json\/wp\/v2\/users\/5"}],"replies":[{"embeddable":true,"href":"https:\/\/ent2d.ac-bordeaux.fr\/disciplines\/semaine-des-maths\/wp-json\/wp\/v2\/comments?post=961"}],"version-history":[{"count":1,"href":"https:\/\/ent2d.ac-bordeaux.fr\/disciplines\/semaine-des-maths\/wp-json\/wp\/v2\/posts\/961\/revisions"}],"predecessor-version":[{"id":1230,"href":"https:\/\/ent2d.ac-bordeaux.fr\/disciplines\/semaine-des-maths\/wp-json\/wp\/v2\/posts\/961\/revisions\/1230"}],"wp:attachment":[{"href":"https:\/\/ent2d.ac-bordeaux.fr\/disciplines\/semaine-des-maths\/wp-json\/wp\/v2\/media?parent=961"}],"wp:term":[{"taxonomy":"category","embeddable":true,"href":"https:\/\/ent2d.ac-bordeaux.fr\/disciplines\/semaine-des-maths\/wp-json\/wp\/v2\/categories?post=961"},{"taxonomy":"post_tag","embeddable":true,"href":"https:\/\/ent2d.ac-bordeaux.fr\/disciplines\/semaine-des-maths\/wp-json\/wp\/v2\/tags?post=961"}],"curies":[{"name":"wp","href":"https:\/\/api.w.org\/{rel}","templated":true}]}}