{"id":787,"date":"2016-03-04T19:11:59","date_gmt":"2016-03-04T18:11:59","guid":{"rendered":"http:\/\/blogacabdx.ac-bordeaux.fr\/semaine-des-maths\/?p=787"},"modified":"2019-01-19T16:53:12","modified_gmt":"2019-01-19T15:53:12","slug":"rugby-et-statistiques-conference-a-oloron-sainte-marie","status":"publish","type":"post","link":"https:\/\/ent2d.ac-bordeaux.fr\/disciplines\/semaine-des-maths\/2016\/03\/04\/rugby-et-statistiques-conference-a-oloron-sainte-marie\/","title":{"rendered":"Rugby et statistiques &#8211; conf\u00e9rence tout public \u00e0 Oloron Sainte Marie"},"content":{"rendered":"<p><strong><em><a href=\"https:\/\/ent2d.ac-bordeaux.fr\/disciplines\/semaine-des-maths\/wp-content\/uploads\/sites\/17\/2016\/03\/Oloron.png\" rel=\"attachment wp-att-788\"><img loading=\"lazy\" decoding=\"async\" class=\" wp-image-788 alignright\" src=\"https:\/\/ent2d.ac-bordeaux.fr\/disciplines\/semaine-des-maths\/wp-content\/uploads\/sites\/17\/2016\/03\/Oloron.png\" alt=\"Oloron\" width=\"290\" height=\"213\" \/><\/a>Le Groupe D\u00e9partemental Math\u00e9matiques 64 et la circonscription de l&#8217;Education Nationale d\u2019Oloron Sainte Marie<\/em><\/strong> vous invitent \u00e0 assister \u00e0 la<strong> Conf\u00e9rence Rugby et statistiques <\/strong>qui aura lieu le<strong> jeudi 17 mars\u00a0 \u00e0 18h \u00e0 l&#8217;auditorium de la villa d&#8217;art et d&#8217;histoire d&#8217;Oloron Sainte-Marie.<\/strong><\/p>\n<p>Les outils math\u00e9matiques, dont les statistiques, sont aujourd&#8217;hui au c\u0153ur de la pr\u00e9paration des sportifs de haut niveau. Des exemples pris dans le milieu du rugby professionnel montreront comment les math\u00e9matiques ont particip\u00e9 \u00e0 la profonde \u00e9volution de la pr\u00e9paration des joueurs, dans le but d\u2019optimiser leurs performances tant individuelles que collectives.<\/p>\n<h2>Les intervenants<\/h2>\n<ul>\n<li><strong>Christophe Savio<\/strong>, responsable de la pr\u00e9paration physique du groupe professionnel de la Section Paloise<\/li>\n<li><strong>Jo\u00ebl Rey<\/strong>, entra\u00eeneur professionnel Section Paloise<\/li>\n<\/ul>\n<h2>D\u00e9roul\u00e9 de la conf\u00e9rence<\/h2>\n<p><strong>Christophe Savio<\/strong> explicitera les donn\u00e9es recueillies \u00e0 partir d\u2019outils comme le GPS, dont sont dot\u00e9s les joueurs pendant les matchs et les entra\u00eenements. Il montrera l\u2019utilisation des outils informatiques et l\u2019exploitation qui est faite \u00e0 l\u2019issue du traitement de ces donn\u00e9es dans le cadre de la pr\u00e9paration physique des joueurs.<\/p>\n<p><strong>Jo\u00ebl Rey<\/strong> t\u00e9moignera de l\u2019utilisation d\u2019un logiciel de traitement de donn\u00e9es vid\u00e9os sur la base des enregistrements des matchs. Il explicitera l\u2019ensemble des donn\u00e9es statistiques accumul\u00e9es concernant les aspects techniques des \u00ab\u00a0productions\u00a0\u00bb des joueurs. Il expliquera \u00e9galement en quoi l\u2019utilisation de ces donn\u00e9es modifie la pr\u00e9paration des joueurs et de l\u2019\u00e9quipe.<\/p>\n<p>Un temps d\u2019\u00e9change entre nos intervenants et les nombreux passionn\u00e9s de Math\u00e9matiques et de Rugby pourra prolonger ce moment de partage math\u00e9matique et sportif.<\/p>\n<h2><a href=\"https:\/\/ent2d.ac-bordeaux.fr\/disciplines\/semaine-des-maths\/wp-content\/uploads\/sites\/17\/2016\/03\/Conf-RugbyMaths-Oloron-Evenement-FB.png\" rel=\"attachment wp-att-842\"><img loading=\"lazy\" decoding=\"async\" class=\"wp-image-842 alignright\" src=\"https:\/\/ent2d.ac-bordeaux.fr\/disciplines\/semaine-des-maths\/wp-content\/uploads\/sites\/17\/2016\/03\/Conf-RugbyMaths-Oloron-Evenement-FB-300x300.png\" alt=\"Conf RugbyMaths Oloron -Evenement FB\" width=\"128\" height=\"128\" srcset=\"https:\/\/ent2d.ac-bordeaux.fr\/disciplines\/semaine-des-maths\/wp-content\/uploads\/sites\/17\/2016\/03\/Conf-RugbyMaths-Oloron-Evenement-FB-300x300.png 300w, https:\/\/ent2d.ac-bordeaux.fr\/disciplines\/semaine-des-maths\/wp-content\/uploads\/sites\/17\/2016\/03\/Conf-RugbyMaths-Oloron-Evenement-FB-150x150.png 150w, https:\/\/ent2d.ac-bordeaux.fr\/disciplines\/semaine-des-maths\/wp-content\/uploads\/sites\/17\/2016\/03\/Conf-RugbyMaths-Oloron-Evenement-FB-768x768.png 768w, https:\/\/ent2d.ac-bordeaux.fr\/disciplines\/semaine-des-maths\/wp-content\/uploads\/sites\/17\/2016\/03\/Conf-RugbyMaths-Oloron-Evenement-FB-1024x1024.png 1024w, https:\/\/ent2d.ac-bordeaux.fr\/disciplines\/semaine-des-maths\/wp-content\/uploads\/sites\/17\/2016\/03\/Conf-RugbyMaths-Oloron-Evenement-FB.png 1110w\" sizes=\"auto, (max-width: 128px) 100vw, 128px\" \/><\/a>Inscription sur Facebook<\/h2>\n<p><strong>Inscrivez-vous \u00e0 cet \u00e9v\u00e9nement sur Facebook: <a href=\"https:\/\/www.facebook.com\/events\/1601457700093465\/\">https:\/\/www.facebook.com\/events\/1601457700093465\/<\/a><\/strong><\/p>\n<p>Cette inscription n&#8217;est pas obligatoire, mais vous permet de relayer facilement l&#8217;invitation \u00e0 vos amis.<\/p>\n","protected":false},"excerpt":{"rendered":"<p>Le Groupe D\u00e9partemental Math\u00e9matiques 64 et la circonscription de l&#8217;Education Nationale d\u2019Oloron Sainte Marie vous invitent \u00e0 assister \u00e0 la Conf\u00e9rence Rugby et statistiques qui aura lieu le jeudi 17 mars\u00a0 \u00e0 18h \u00e0 l&#8217;auditorium de la villa d&#8217;art et d&#8217;histoire d&#8217;Oloron Sainte-Marie. Les outils math\u00e9matiques, dont les statistiques, sont aujourd&#8217;hui au c\u0153ur de la &hellip; <\/p>\n<p><a class=\"more-link btn\" href=\"https:\/\/ent2d.ac-bordeaux.fr\/disciplines\/semaine-des-maths\/2016\/03\/04\/rugby-et-statistiques-conference-a-oloron-sainte-marie\/\">Lire la suite<\/a><\/p>\n","protected":false},"author":5,"featured_media":0,"comment_status":"closed","ping_status":"closed","sticky":false,"template":"","format":"standard","meta":{"footnotes":""},"categories":[20,5,35,21,13],"tags":[],"class_list":["post-787","post","type-post","status-publish","format-standard","hentry","category-annee-2016","category-conferences-evenements-expositions","category-grand-public","category-maths-et-sport","category-pyrenees-atlantiques-64","nodate","item-wrap"],"_links":{"self":[{"href":"https:\/\/ent2d.ac-bordeaux.fr\/disciplines\/semaine-des-maths\/wp-json\/wp\/v2\/posts\/787","targetHints":{"allow":["GET"]}}],"collection":[{"href":"https:\/\/ent2d.ac-bordeaux.fr\/disciplines\/semaine-des-maths\/wp-json\/wp\/v2\/posts"}],"about":[{"href":"https:\/\/ent2d.ac-bordeaux.fr\/disciplines\/semaine-des-maths\/wp-json\/wp\/v2\/types\/post"}],"author":[{"embeddable":true,"href":"https:\/\/ent2d.ac-bordeaux.fr\/disciplines\/semaine-des-maths\/wp-json\/wp\/v2\/users\/5"}],"replies":[{"embeddable":true,"href":"https:\/\/ent2d.ac-bordeaux.fr\/disciplines\/semaine-des-maths\/wp-json\/wp\/v2\/comments?post=787"}],"version-history":[{"count":1,"href":"https:\/\/ent2d.ac-bordeaux.fr\/disciplines\/semaine-des-maths\/wp-json\/wp\/v2\/posts\/787\/revisions"}],"predecessor-version":[{"id":1239,"href":"https:\/\/ent2d.ac-bordeaux.fr\/disciplines\/semaine-des-maths\/wp-json\/wp\/v2\/posts\/787\/revisions\/1239"}],"wp:attachment":[{"href":"https:\/\/ent2d.ac-bordeaux.fr\/disciplines\/semaine-des-maths\/wp-json\/wp\/v2\/media?parent=787"}],"wp:term":[{"taxonomy":"category","embeddable":true,"href":"https:\/\/ent2d.ac-bordeaux.fr\/disciplines\/semaine-des-maths\/wp-json\/wp\/v2\/categories?post=787"},{"taxonomy":"post_tag","embeddable":true,"href":"https:\/\/ent2d.ac-bordeaux.fr\/disciplines\/semaine-des-maths\/wp-json\/wp\/v2\/tags?post=787"}],"curies":[{"name":"wp","href":"https:\/\/api.w.org\/{rel}","templated":true}]}}