{"id":7563,"date":"2025-03-09T17:21:20","date_gmt":"2025-03-09T16:21:20","guid":{"rendered":"https:\/\/ent2d.ac-bordeaux.fr\/disciplines\/semaine-des-maths\/?p=7563"},"modified":"2025-05-06T14:14:23","modified_gmt":"2025-05-06T12:14:23","slug":"le-palmares-2025-du-concours-loeil-des-maths","status":"publish","type":"post","link":"https:\/\/ent2d.ac-bordeaux.fr\/disciplines\/semaine-des-maths\/2025\/03\/09\/le-palmares-2025-du-concours-loeil-des-maths\/","title":{"rendered":"Le palmar\u00e8s 2025 du concours &#8220;L\u2019\u0153il des Maths&#8221;"},"content":{"rendered":"\n<p><\/p>\n\n\n\n<h2 class=\"wp-block-heading\">Nous sommes heureux de vous pr\u00e9senter le palmar\u00e8s du concours photo l\u2019\u0153il des maths.<\/h2>\n\n\n<div class=\"wp-block-image\">\n<figure class=\"alignright size-full is-resized\" id=\"block-0ced0c70-423c-4544-af09-450b38fc68c5\"><img loading=\"lazy\" decoding=\"async\" width=\"841\" height=\"654\" src=\"https:\/\/ent2d.ac-bordeaux.fr\/disciplines\/semaine-des-maths\/wp-content\/uploads\/sites\/17\/2024\/11\/visuel-2025-oeil-des-maths.png\" alt=\"\" class=\"wp-image-7288\" style=\"width:264px;height:auto\" srcset=\"https:\/\/ent2d.ac-bordeaux.fr\/disciplines\/semaine-des-maths\/wp-content\/uploads\/sites\/17\/2024\/11\/visuel-2025-oeil-des-maths.png 841w, https:\/\/ent2d.ac-bordeaux.fr\/disciplines\/semaine-des-maths\/wp-content\/uploads\/sites\/17\/2024\/11\/visuel-2025-oeil-des-maths-300x233.png 300w, https:\/\/ent2d.ac-bordeaux.fr\/disciplines\/semaine-des-maths\/wp-content\/uploads\/sites\/17\/2024\/11\/visuel-2025-oeil-des-maths-768x597.png 768w, https:\/\/ent2d.ac-bordeaux.fr\/disciplines\/semaine-des-maths\/wp-content\/uploads\/sites\/17\/2024\/11\/visuel-2025-oeil-des-maths-825x642.png 825w\" sizes=\"auto, (max-width: 841px) 100vw, 841px\" \/><\/figure>\n<\/div>\n\n\n<p id=\"block-69134485-0c36-4566-95fa-3b11f37030c3\">Nous remercions l&#8217;ensemble des enseignants qui ont permis \u00e0 leurs \u00e9l\u00e8ves d&#8217;exprimer leur talent et l&#8217;ensemble des membres du jury pour l&#8217;attention port\u00e9es \u00e0 ce projet. Enfin, nous remercions nos partenaires, le centre de recherche Inria de Bordeaux, les universit\u00e9s de Bordeaux, de Bordeaux Montaigne, de Poitiers, de Limoges, de la Rochelle, de Pau et des Pays de l&#8217;Adour qui nous permettent de valoriser et de r\u00e9compenser les \u00e9l\u00e8ves laur\u00e9ats de ce concours.<\/p>\n\n\n\n<h1 class=\"wp-block-heading\">Prix acad\u00e9miques &#8211; Cat\u00e9gorie Photos<\/h1>\n\n\n\n<div class=\"wp-block-columns is-layout-flex wp-container-core-columns-is-layout-9d6595d7 wp-block-columns-is-layout-flex\">\n<div class=\"wp-block-column is-layout-flow wp-block-column-is-layout-flow\">\n<h2 class=\"wp-block-heading\">Acad\u00e9mie de Bordeaux<\/h2>\n\n\n\n<figure class=\"wp-block-image size-full is-resized\"><a href=\"https:\/\/ent2d.ac-bordeaux.fr\/disciplines\/semaine-des-maths\/wp-content\/uploads\/sites\/17\/2025\/03\/43_64_supervielle_2nde_trinsoutrot_pgn8tz9n4vo.jpg\"><img loading=\"lazy\" decoding=\"async\" width=\"1024\" height=\"607\" src=\"https:\/\/ent2d.ac-bordeaux.fr\/disciplines\/semaine-des-maths\/wp-content\/uploads\/sites\/17\/2025\/03\/43_64_supervielle_2nde_trinsoutrot_pgn8tz9n4vo.jpg\" alt=\"\" class=\"wp-image-7564\" style=\"width:246px;height:auto\" srcset=\"https:\/\/ent2d.ac-bordeaux.fr\/disciplines\/semaine-des-maths\/wp-content\/uploads\/sites\/17\/2025\/03\/43_64_supervielle_2nde_trinsoutrot_pgn8tz9n4vo.jpg 1024w, https:\/\/ent2d.ac-bordeaux.fr\/disciplines\/semaine-des-maths\/wp-content\/uploads\/sites\/17\/2025\/03\/43_64_supervielle_2nde_trinsoutrot_pgn8tz9n4vo-300x178.jpg 300w, https:\/\/ent2d.ac-bordeaux.fr\/disciplines\/semaine-des-maths\/wp-content\/uploads\/sites\/17\/2025\/03\/43_64_supervielle_2nde_trinsoutrot_pgn8tz9n4vo-768x455.jpg 768w, https:\/\/ent2d.ac-bordeaux.fr\/disciplines\/semaine-des-maths\/wp-content\/uploads\/sites\/17\/2025\/03\/43_64_supervielle_2nde_trinsoutrot_pgn8tz9n4vo-825x489.jpg 825w\" sizes=\"auto, (max-width: 1024px) 100vw, 1024px\" \/><\/a><figcaption class=\"wp-element-caption\">cliquez sur l&#8217;image pour l&#8217;agrandir <\/figcaption><\/figure>\n\n\n\n<p><strong> &#8220;R\u00e9flexions sur une sph\u00e8re cristallis\u00e9e &#8221;&nbsp;<\/strong> -Photo de <strong>Lucie Trinsoutrot<\/strong>-2nde- Lyc\u00e9e J.Supervielle (64)<\/p>\n\n\n\n<p>D\u00e9marche de l&#8217;\u00e9l\u00e8ve : <a href=\"https:\/\/ent2d.ac-bordeaux.fr\/disciplines\/semaine-des-maths\/wp-content\/uploads\/sites\/17\/2025\/03\/43_64_Supervielle_2nde_Trinsoutrot.pdf\">LIEN<\/a><\/p>\n<\/div>\n\n\n\n<div class=\"wp-block-column is-layout-flow wp-block-column-is-layout-flow\">\n<h2 class=\"wp-block-heading\">Acad\u00e9mie de Poitiers<\/h2>\n\n\n\n<figure class=\"wp-block-image size-full is-resized\"><a href=\"https:\/\/ent2d.ac-bordeaux.fr\/disciplines\/semaine-des-maths\/wp-content\/uploads\/sites\/17\/2025\/03\/1erpoitiers_86_mandela_2nde_croce_22wgbpxtxxz.jpg\"><img loading=\"lazy\" decoding=\"async\" width=\"1024\" height=\"768\" src=\"https:\/\/ent2d.ac-bordeaux.fr\/disciplines\/semaine-des-maths\/wp-content\/uploads\/sites\/17\/2025\/03\/1erpoitiers_86_mandela_2nde_croce_22wgbpxtxxz.jpg\" alt=\"\" class=\"wp-image-7565\" style=\"width:224px;height:auto\" srcset=\"https:\/\/ent2d.ac-bordeaux.fr\/disciplines\/semaine-des-maths\/wp-content\/uploads\/sites\/17\/2025\/03\/1erpoitiers_86_mandela_2nde_croce_22wgbpxtxxz.jpg 1024w, https:\/\/ent2d.ac-bordeaux.fr\/disciplines\/semaine-des-maths\/wp-content\/uploads\/sites\/17\/2025\/03\/1erpoitiers_86_mandela_2nde_croce_22wgbpxtxxz-300x225.jpg 300w, https:\/\/ent2d.ac-bordeaux.fr\/disciplines\/semaine-des-maths\/wp-content\/uploads\/sites\/17\/2025\/03\/1erpoitiers_86_mandela_2nde_croce_22wgbpxtxxz-768x576.jpg 768w, https:\/\/ent2d.ac-bordeaux.fr\/disciplines\/semaine-des-maths\/wp-content\/uploads\/sites\/17\/2025\/03\/1erpoitiers_86_mandela_2nde_croce_22wgbpxtxxz-825x619.jpg 825w\" sizes=\"auto, (max-width: 1024px) 100vw, 1024px\" \/><\/a><figcaption class=\"wp-element-caption\">cliquez sur l&#8217;image pour l&#8217;agrandir <\/figcaption><\/figure>\n\n\n\n<p>&#8220;<strong>De la suite dans l\u2019ammonite<\/strong>&#8221; Photo de <strong>Lili Croce<\/strong>-2nde-Lyc\u00e9e N.Mandela -Poitiers (86)<\/p>\n\n\n\n<p>D\u00e9marche de l&#8217;\u00e9l\u00e8ve : LIEN<\/p>\n\n\n\n<h3 class=\"wp-block-heading\"> <\/h3>\n<\/div>\n\n\n\n<div class=\"wp-block-column is-layout-flow wp-block-column-is-layout-flow\">\n<h2 class=\"wp-block-heading\">Acad\u00e9mie de Limoges<\/h2>\n\n\n\n<figure class=\"wp-block-image size-full is-resized\"><a href=\"https:\/\/ent2d.ac-bordeaux.fr\/disciplines\/semaine-des-maths\/wp-content\/uploads\/sites\/17\/2025\/03\/87_Palissy_Davis_PHOTO.jpg\"><img loading=\"lazy\" decoding=\"async\" width=\"1024\" height=\"576\" src=\"https:\/\/ent2d.ac-bordeaux.fr\/disciplines\/semaine-des-maths\/wp-content\/uploads\/sites\/17\/2025\/03\/87_Palissy_Davis_PHOTO.jpg\" alt=\"\" class=\"wp-image-7651\" style=\"width:300px;height:auto\" srcset=\"https:\/\/ent2d.ac-bordeaux.fr\/disciplines\/semaine-des-maths\/wp-content\/uploads\/sites\/17\/2025\/03\/87_Palissy_Davis_PHOTO.jpg 1024w, https:\/\/ent2d.ac-bordeaux.fr\/disciplines\/semaine-des-maths\/wp-content\/uploads\/sites\/17\/2025\/03\/87_Palissy_Davis_PHOTO-300x169.jpg 300w, https:\/\/ent2d.ac-bordeaux.fr\/disciplines\/semaine-des-maths\/wp-content\/uploads\/sites\/17\/2025\/03\/87_Palissy_Davis_PHOTO-768x432.jpg 768w, https:\/\/ent2d.ac-bordeaux.fr\/disciplines\/semaine-des-maths\/wp-content\/uploads\/sites\/17\/2025\/03\/87_Palissy_Davis_PHOTO-1536x864.jpg 1536w, https:\/\/ent2d.ac-bordeaux.fr\/disciplines\/semaine-des-maths\/wp-content\/uploads\/sites\/17\/2025\/03\/87_Palissy_Davis_PHOTO-825x464.jpg 825w\" sizes=\"auto, (max-width: 1024px) 100vw, 1024px\" \/><\/a><\/figure>\n\n\n\n<p>Infiniment petit, infiniment math\u00e9matique.  Davis, Lyc\u00e9e de Palissy-Limoges (87)  <\/p>\n\n\n\n<p>D\u00e9marche de l&#8217;\u00e9l\u00e8ve :<a href=\"https:\/\/ent2d.ac-bordeaux.fr\/disciplines\/semaine-des-maths\/wp-content\/uploads\/sites\/17\/2025\/03\/87_Palissy_Davis_PHOTO.pdf\"> LIEN<\/a><\/p>\n<\/div>\n<\/div>\n\n\n\n<h1 class=\"wp-block-heading\">Prix acad\u00e9miques &#8211; Cat\u00e9gorie Images g\u00e9n\u00e9r\u00e9e par une IA<\/h1>\n\n\n\n<div class=\"wp-block-columns is-layout-flex wp-container-core-columns-is-layout-9d6595d7 wp-block-columns-is-layout-flex\">\n<div class=\"wp-block-column is-layout-flow wp-block-column-is-layout-flow\">\n<h2 class=\"wp-block-heading\">Acad\u00e9mie de Bordeaux<\/h2>\n\n\n\n<figure class=\"wp-block-image size-full is-resized\"><a href=\"https:\/\/ent2d.ac-bordeaux.fr\/disciplines\/semaine-des-maths\/wp-content\/uploads\/sites\/17\/2025\/03\/04_64_ramiroarrue_1erepro_brocat_ns5xe4v2was-1.jpg\"><img loading=\"lazy\" decoding=\"async\" width=\"1024\" height=\"1024\" src=\"https:\/\/ent2d.ac-bordeaux.fr\/disciplines\/semaine-des-maths\/wp-content\/uploads\/sites\/17\/2025\/03\/04_64_ramiroarrue_1erepro_brocat_ns5xe4v2was-1.jpg\" alt=\"\" class=\"wp-image-7603\" style=\"width:238px;height:auto\" srcset=\"https:\/\/ent2d.ac-bordeaux.fr\/disciplines\/semaine-des-maths\/wp-content\/uploads\/sites\/17\/2025\/03\/04_64_ramiroarrue_1erepro_brocat_ns5xe4v2was-1.jpg 1024w, https:\/\/ent2d.ac-bordeaux.fr\/disciplines\/semaine-des-maths\/wp-content\/uploads\/sites\/17\/2025\/03\/04_64_ramiroarrue_1erepro_brocat_ns5xe4v2was-1-300x300.jpg 300w, https:\/\/ent2d.ac-bordeaux.fr\/disciplines\/semaine-des-maths\/wp-content\/uploads\/sites\/17\/2025\/03\/04_64_ramiroarrue_1erepro_brocat_ns5xe4v2was-1-150x150.jpg 150w, https:\/\/ent2d.ac-bordeaux.fr\/disciplines\/semaine-des-maths\/wp-content\/uploads\/sites\/17\/2025\/03\/04_64_ramiroarrue_1erepro_brocat_ns5xe4v2was-1-768x768.jpg 768w, https:\/\/ent2d.ac-bordeaux.fr\/disciplines\/semaine-des-maths\/wp-content\/uploads\/sites\/17\/2025\/03\/04_64_ramiroarrue_1erepro_brocat_ns5xe4v2was-1-825x825.jpg 825w\" sizes=\"auto, (max-width: 1024px) 100vw, 1024px\" \/><\/a><figcaption class=\"wp-element-caption\">cliquez sur l&#8217;image pour l&#8217;agrandir <\/figcaption><\/figure>\n\n\n\n<p>&#8220;<strong>L\u2019ammonite de Pythagore&#8221;. <\/strong>Image g\u00e9n\u00e9r\u00e9e avec l&#8217;IA de Canva par <strong>Charlotte Broca<\/strong>&#8211; 1ere pro &#8211; Lyc\u00e9e R.Arru\u00e9-Saint Jean de Luz  (64)<\/p>\n\n\n\n<p>D\u00e9marche de l&#8217;\u00e9l\u00e8ve : <a href=\"https:\/\/ent2d.ac-bordeaux.fr\/disciplines\/semaine-des-maths\/wp-content\/uploads\/sites\/17\/2025\/03\/04_64_RamiroArrue_1erepro_Brocat.pdf\">LIEN<\/a><\/p>\n<\/div>\n\n\n\n<div class=\"wp-block-column is-layout-flow wp-block-column-is-layout-flow\">\n<h2 class=\"wp-block-heading\">Acad\u00e9mie de Poitiers<\/h2>\n\n\n\n<figure class=\"wp-block-image size-full\"><a href=\"https:\/\/ent2d.ac-bordeaux.fr\/disciplines\/semaine-des-maths\/wp-content\/uploads\/sites\/17\/2025\/03\/1erpoitiers_86_branly_1_beucler_ia_3xtkwl5y86d.jpeg\"><img loading=\"lazy\" decoding=\"async\" width=\"1024\" height=\"1024\" src=\"https:\/\/ent2d.ac-bordeaux.fr\/disciplines\/semaine-des-maths\/wp-content\/uploads\/sites\/17\/2025\/03\/1erpoitiers_86_branly_1_beucler_ia_3xtkwl5y86d.jpeg\" alt=\"\" class=\"wp-image-7606\" srcset=\"https:\/\/ent2d.ac-bordeaux.fr\/disciplines\/semaine-des-maths\/wp-content\/uploads\/sites\/17\/2025\/03\/1erpoitiers_86_branly_1_beucler_ia_3xtkwl5y86d.jpeg 1024w, https:\/\/ent2d.ac-bordeaux.fr\/disciplines\/semaine-des-maths\/wp-content\/uploads\/sites\/17\/2025\/03\/1erpoitiers_86_branly_1_beucler_ia_3xtkwl5y86d-300x300.jpeg 300w, https:\/\/ent2d.ac-bordeaux.fr\/disciplines\/semaine-des-maths\/wp-content\/uploads\/sites\/17\/2025\/03\/1erpoitiers_86_branly_1_beucler_ia_3xtkwl5y86d-150x150.jpeg 150w, https:\/\/ent2d.ac-bordeaux.fr\/disciplines\/semaine-des-maths\/wp-content\/uploads\/sites\/17\/2025\/03\/1erpoitiers_86_branly_1_beucler_ia_3xtkwl5y86d-768x768.jpeg 768w, https:\/\/ent2d.ac-bordeaux.fr\/disciplines\/semaine-des-maths\/wp-content\/uploads\/sites\/17\/2025\/03\/1erpoitiers_86_branly_1_beucler_ia_3xtkwl5y86d-825x825.jpeg 825w\" sizes=\"auto, (max-width: 1024px) 100vw, 1024px\" \/><\/a><figcaption class=\"wp-element-caption\">cliquez sur l&#8217;image pour l&#8217;agrandir <\/figcaption><\/figure>\n\n\n\n<p>&#8220;<strong>Fibonacci et l\u2019escargot<\/strong>&#8220;- image de <strong>Math\u00e9o Beucler<\/strong>&#8211; Lyc\u00e9e Branly-Ch\u00e2telleraut <\/p>\n\n\n\n<p>En savoir plus sur les laur\u00e9ats de cette acad\u00e9mie : <a href=\"https:\/\/ww2.ac-poitiers.fr\/daac\/spip.php?article2269\">lien Poitiers<\/a><\/p>\n<\/div>\n\n\n\n<div class=\"wp-block-column is-layout-flow wp-block-column-is-layout-flow\">\n<h2 class=\"wp-block-heading\">Acad\u00e9mie de Limoges<\/h2>\n\n\n\n<figure class=\"wp-block-image size-full\"><a href=\"https:\/\/ent2d.ac-bordeaux.fr\/disciplines\/semaine-des-maths\/wp-content\/uploads\/sites\/17\/2025\/03\/87_Palissy_Cessenat_IA.jpg\"><img loading=\"lazy\" decoding=\"async\" width=\"1024\" height=\"1024\" src=\"https:\/\/ent2d.ac-bordeaux.fr\/disciplines\/semaine-des-maths\/wp-content\/uploads\/sites\/17\/2025\/03\/87_Palissy_Cessenat_IA.jpg\" alt=\"\" class=\"wp-image-7647\" srcset=\"https:\/\/ent2d.ac-bordeaux.fr\/disciplines\/semaine-des-maths\/wp-content\/uploads\/sites\/17\/2025\/03\/87_Palissy_Cessenat_IA.jpg 1024w, https:\/\/ent2d.ac-bordeaux.fr\/disciplines\/semaine-des-maths\/wp-content\/uploads\/sites\/17\/2025\/03\/87_Palissy_Cessenat_IA-300x300.jpg 300w, https:\/\/ent2d.ac-bordeaux.fr\/disciplines\/semaine-des-maths\/wp-content\/uploads\/sites\/17\/2025\/03\/87_Palissy_Cessenat_IA-150x150.jpg 150w, https:\/\/ent2d.ac-bordeaux.fr\/disciplines\/semaine-des-maths\/wp-content\/uploads\/sites\/17\/2025\/03\/87_Palissy_Cessenat_IA-768x768.jpg 768w, https:\/\/ent2d.ac-bordeaux.fr\/disciplines\/semaine-des-maths\/wp-content\/uploads\/sites\/17\/2025\/03\/87_Palissy_Cessenat_IA-825x825.jpg 825w\" sizes=\"auto, (max-width: 1024px) 100vw, 1024px\" \/><\/a><\/figure>\n\n\n\n<p>Cristallisation artificielle- Cessenat- Lyc\u00e9e Palissy de Limoges (87)<\/p>\n\n\n\n<p>D\u00e9marche de l&#8217;\u00e9l\u00e8ve : <a href=\"https:\/\/ent2d.ac-bordeaux.fr\/disciplines\/semaine-des-maths\/wp-content\/uploads\/sites\/17\/2025\/03\/87_Palissy_Cessenat_IA.pdf\">LIEN<\/a><\/p>\n<\/div>\n<\/div>\n\n\n\n<h1 class=\"wp-block-heading\">Laur\u00e9ats acad\u00e9miques- Cat\u00e9gorie Photos<\/h1>\n\n\n\n<h2 class=\"wp-block-heading\">Acad\u00e9mie de Bordeaux<\/h2>\n\n\n\n<div class=\"wp-block-columns is-layout-flex wp-container-core-columns-is-layout-9d6595d7 wp-block-columns-is-layout-flex\">\n<div class=\"wp-block-column is-layout-flow wp-block-column-is-layout-flow\">\n<figure class=\"wp-block-image size-full is-resized\"><a href=\"https:\/\/ent2d.ac-bordeaux.fr\/disciplines\/semaine-des-maths\/wp-content\/uploads\/sites\/17\/2025\/03\/54_33_havel_2nde5_snt_marcuello.jpg\"><img loading=\"lazy\" decoding=\"async\" width=\"1024\" height=\"680\" src=\"https:\/\/ent2d.ac-bordeaux.fr\/disciplines\/semaine-des-maths\/wp-content\/uploads\/sites\/17\/2025\/03\/54_33_havel_2nde5_snt_marcuello.jpg\" alt=\"\" class=\"wp-image-7601\" style=\"width:349px;height:auto\" srcset=\"https:\/\/ent2d.ac-bordeaux.fr\/disciplines\/semaine-des-maths\/wp-content\/uploads\/sites\/17\/2025\/03\/54_33_havel_2nde5_snt_marcuello.jpg 1024w, https:\/\/ent2d.ac-bordeaux.fr\/disciplines\/semaine-des-maths\/wp-content\/uploads\/sites\/17\/2025\/03\/54_33_havel_2nde5_snt_marcuello-300x199.jpg 300w, https:\/\/ent2d.ac-bordeaux.fr\/disciplines\/semaine-des-maths\/wp-content\/uploads\/sites\/17\/2025\/03\/54_33_havel_2nde5_snt_marcuello-768x510.jpg 768w, https:\/\/ent2d.ac-bordeaux.fr\/disciplines\/semaine-des-maths\/wp-content\/uploads\/sites\/17\/2025\/03\/54_33_havel_2nde5_snt_marcuello-825x548.jpg 825w\" sizes=\"auto, (max-width: 1024px) 100vw, 1024px\" \/><\/a><figcaption class=\"wp-element-caption\">cliquez sur l&#8217;image pour l&#8217;agrandir <\/figcaption><\/figure>\n\n\n\n<p>&#8220;<strong>Des formes g\u00e9om\u00e9triques dans un d\u00e9sert de se<\/strong>l&#8221;- Photo de <strong><strong><strong>Jules Marcuello Agram Courtoix-2nde- Lyc\u00e9e Vaclav Havel <\/strong><\/strong><\/strong><\/p>\n\n\n\n<p>D\u00e9marche de l&#8217;\u00e9l\u00e8ve : <a href=\"https:\/\/ent2d.ac-bordeaux.fr\/disciplines\/semaine-des-maths\/wp-content\/uploads\/sites\/17\/2025\/03\/54_33_Havel_2nde5_SNT_Marcuello.pdf\">LIEN<\/a><\/p>\n<\/div>\n\n\n\n<div class=\"wp-block-column is-layout-flow wp-block-column-is-layout-flow\">\n<figure class=\"wp-block-image size-full is-resized\"><a href=\"https:\/\/ent2d.ac-bordeaux.fr\/disciplines\/semaine-des-maths\/wp-content\/uploads\/sites\/17\/2025\/03\/23_33_halimi_1_danjard_00njy362sf19i-1.jpg\"><img loading=\"lazy\" decoding=\"async\" width=\"683\" height=\"1024\" src=\"https:\/\/ent2d.ac-bordeaux.fr\/disciplines\/semaine-des-maths\/wp-content\/uploads\/sites\/17\/2025\/03\/23_33_halimi_1_danjard_00njy362sf19i-1.jpg\" alt=\"\" class=\"wp-image-7610\" style=\"width:167px;height:auto\" srcset=\"https:\/\/ent2d.ac-bordeaux.fr\/disciplines\/semaine-des-maths\/wp-content\/uploads\/sites\/17\/2025\/03\/23_33_halimi_1_danjard_00njy362sf19i-1.jpg 683w, https:\/\/ent2d.ac-bordeaux.fr\/disciplines\/semaine-des-maths\/wp-content\/uploads\/sites\/17\/2025\/03\/23_33_halimi_1_danjard_00njy362sf19i-1-200x300.jpg 200w, https:\/\/ent2d.ac-bordeaux.fr\/disciplines\/semaine-des-maths\/wp-content\/uploads\/sites\/17\/2025\/03\/23_33_halimi_1_danjard_00njy362sf19i-1-768x1152.jpg 768w\" sizes=\"auto, (max-width: 683px) 100vw, 683px\" \/><\/a><figcaption class=\"wp-element-caption\">cliquez sur l&#8217;image pour l&#8217;agrandir <\/figcaption><\/figure>\n\n\n\n<p>&#8220;<strong>L&#8217;art des spirales entrelac\u00e9es<\/strong>&#8220;- Photo de <strong>L\u00e9o<\/strong>&nbsp;<strong>Danjard- 1ere- Lyc\u00e9e G.Halimi (33)<\/strong><\/p>\n\n\n\n<p>D\u00e9marche de l&#8217;\u00e9l\u00e8ve :<a href=\"https:\/\/ent2d.ac-bordeaux.fr\/disciplines\/semaine-des-maths\/wp-content\/uploads\/sites\/17\/2025\/03\/23_33_Halimi_1_danjard.pdf\"> LIEN<\/a><\/p>\n<\/div>\n<\/div>\n\n\n\n<div class=\"wp-block-columns is-layout-flex wp-container-core-columns-is-layout-9d6595d7 wp-block-columns-is-layout-flex\">\n<div class=\"wp-block-column is-layout-flow wp-block-column-is-layout-flow\">\n<figure class=\"wp-block-image size-full is-resized\"><a href=\"https:\/\/ent2d.ac-bordeaux.fr\/disciplines\/semaine-des-maths\/wp-content\/uploads\/sites\/17\/2025\/03\/09_64_superviell_1ere_spirkel_c_9vbun1vsx8p-1.jpg\"><img loading=\"lazy\" decoding=\"async\" width=\"768\" height=\"1024\" src=\"https:\/\/ent2d.ac-bordeaux.fr\/disciplines\/semaine-des-maths\/wp-content\/uploads\/sites\/17\/2025\/03\/09_64_superviell_1ere_spirkel_c_9vbun1vsx8p-1.jpg\" alt=\"\" class=\"wp-image-7611\" style=\"width:256px;height:auto\" srcset=\"https:\/\/ent2d.ac-bordeaux.fr\/disciplines\/semaine-des-maths\/wp-content\/uploads\/sites\/17\/2025\/03\/09_64_superviell_1ere_spirkel_c_9vbun1vsx8p-1.jpg 768w, https:\/\/ent2d.ac-bordeaux.fr\/disciplines\/semaine-des-maths\/wp-content\/uploads\/sites\/17\/2025\/03\/09_64_superviell_1ere_spirkel_c_9vbun1vsx8p-1-225x300.jpg 225w, https:\/\/ent2d.ac-bordeaux.fr\/disciplines\/semaine-des-maths\/wp-content\/uploads\/sites\/17\/2025\/03\/09_64_superviell_1ere_spirkel_c_9vbun1vsx8p-1-825x1100.jpg 825w\" sizes=\"auto, (max-width: 768px) 100vw, 768px\" \/><\/a><figcaption class=\"wp-element-caption\">cliquez sur l&#8217;image pour l&#8217;agrandir <\/figcaption><\/figure>\n\n\n\n<p><strong>&#8220;L<strong>e pavage des sols d\u00e9sertiques<\/strong><\/strong>&#8220;. Photo de <strong>Camille Spirkel<\/strong>-1ere-Lyc\u00e9e J.Supervielle (64)<\/p>\n\n\n\n<p>D\u00e9marche de l&#8217;\u00e9l\u00e8ve : <a href=\"https:\/\/ent2d.ac-bordeaux.fr\/disciplines\/semaine-des-maths\/wp-content\/uploads\/sites\/17\/2025\/03\/09_64_Superviell_1ere_SPIRKEL_C.pdf\">LIEN<\/a><\/p>\n<\/div>\n\n\n\n<div class=\"wp-block-column is-layout-flow wp-block-column-is-layout-flow\">\n<figure class=\"wp-block-image size-full is-resized\"><a href=\"https:\/\/ent2d.ac-bordeaux.fr\/disciplines\/semaine-des-maths\/wp-content\/uploads\/sites\/17\/2025\/03\/50_33_havel_2nde3_bergeron_sb2xwf7wvde-1.jpg\"><img loading=\"lazy\" decoding=\"async\" width=\"576\" height=\"1024\" src=\"https:\/\/ent2d.ac-bordeaux.fr\/disciplines\/semaine-des-maths\/wp-content\/uploads\/sites\/17\/2025\/03\/50_33_havel_2nde3_bergeron_sb2xwf7wvde-1.jpg\" alt=\"\" class=\"wp-image-7612\" style=\"width:192px;height:auto\" srcset=\"https:\/\/ent2d.ac-bordeaux.fr\/disciplines\/semaine-des-maths\/wp-content\/uploads\/sites\/17\/2025\/03\/50_33_havel_2nde3_bergeron_sb2xwf7wvde-1.jpg 576w, https:\/\/ent2d.ac-bordeaux.fr\/disciplines\/semaine-des-maths\/wp-content\/uploads\/sites\/17\/2025\/03\/50_33_havel_2nde3_bergeron_sb2xwf7wvde-1-169x300.jpg 169w\" sizes=\"auto, (max-width: 576px) 100vw, 576px\" \/><\/a><figcaption class=\"wp-element-caption\">cliquez sur l&#8217;image pour l&#8217;agrandir <\/figcaption><\/figure>\n\n\n\n<p>&#8220;<strong>Triangles dans la glace<\/strong>&#8220;. Photo de <strong>Nolan Bergeron <\/strong>&#8211; 2nde3 &#8211; Lyc\u00e9e Vaclav Havel (33)&nbsp;<\/p>\n\n\n\n<p>D\u00e9marche de l&#8217;\u00e9l\u00e8ve : <a href=\"https:\/\/ent2d.ac-bordeaux.fr\/disciplines\/semaine-des-maths\/wp-content\/uploads\/sites\/17\/2025\/03\/50_33_Havel_2nde3_Bergeron.pdf\">LIEN<\/a><\/p>\n<\/div>\n<\/div>\n\n\n\n<h1 class=\"wp-block-heading\">Laur\u00e9ats acad\u00e9miques- Cat\u00e9gorie IA<\/h1>\n\n\n\n<h2 class=\"wp-block-heading\">Acad\u00e9mie de Bordeaux<\/h2>\n\n\n\n<div class=\"wp-block-columns is-layout-flex wp-container-core-columns-is-layout-9d6595d7 wp-block-columns-is-layout-flex\">\n<div class=\"wp-block-column is-layout-flow wp-block-column-is-layout-flow\">\n<figure class=\"wp-block-image size-full is-resized\"><a href=\"https:\/\/ent2d.ac-bordeaux.fr\/disciplines\/semaine-des-maths\/wp-content\/uploads\/sites\/17\/2025\/03\/17_64_ramiroarrue_1erepro_sachaekhi_staa2b7cgvi.jpg\"><img loading=\"lazy\" decoding=\"async\" width=\"498\" height=\"497\" src=\"https:\/\/ent2d.ac-bordeaux.fr\/disciplines\/semaine-des-maths\/wp-content\/uploads\/sites\/17\/2025\/03\/17_64_ramiroarrue_1erepro_sachaekhi_staa2b7cgvi.jpg\" alt=\"\" class=\"wp-image-7613\" style=\"width:349px;height:auto\" srcset=\"https:\/\/ent2d.ac-bordeaux.fr\/disciplines\/semaine-des-maths\/wp-content\/uploads\/sites\/17\/2025\/03\/17_64_ramiroarrue_1erepro_sachaekhi_staa2b7cgvi.jpg 498w, https:\/\/ent2d.ac-bordeaux.fr\/disciplines\/semaine-des-maths\/wp-content\/uploads\/sites\/17\/2025\/03\/17_64_ramiroarrue_1erepro_sachaekhi_staa2b7cgvi-300x300.jpg 300w, https:\/\/ent2d.ac-bordeaux.fr\/disciplines\/semaine-des-maths\/wp-content\/uploads\/sites\/17\/2025\/03\/17_64_ramiroarrue_1erepro_sachaekhi_staa2b7cgvi-150x150.jpg 150w\" sizes=\"auto, (max-width: 498px) 100vw, 498px\" \/><\/a><figcaption class=\"wp-element-caption\">cliquez sur l&#8217;image pour l&#8217;agrandir <\/figcaption><\/figure>\n\n\n\n<p> <strong>&#8221; Flocon de neige hexagonal&#8221;<\/strong> . Image g\u00e9n\u00e9r\u00e9e avec Chat GPTpar<strong>  Ekhi Arregi-Aduriz<\/strong>-1ere pro- Lyc\u00e9e Ramiro Arru\u00e9-St jean de Luz<\/p>\n\n\n\n<p>D\u00e9marche de l&#8217;\u00e9l\u00e8ve : <a href=\"https:\/\/ent2d.ac-bordeaux.fr\/disciplines\/semaine-des-maths\/wp-content\/uploads\/sites\/17\/2025\/03\/17_64_RamiroArrue_1erepro_SachaEkhi.pdf\">LIEN<\/a><\/p>\n<\/div>\n\n\n\n<div class=\"wp-block-column is-layout-flow wp-block-column-is-layout-flow\">\n<figure class=\"wp-block-image size-full\"><a href=\"https:\/\/ent2d.ac-bordeaux.fr\/disciplines\/semaine-des-maths\/wp-content\/uploads\/sites\/17\/2025\/03\/09_64_supervielle_2nde_benaissa_e8rn1bcbdg.jpg\"><img loading=\"lazy\" decoding=\"async\" width=\"1024\" height=\"1024\" src=\"https:\/\/ent2d.ac-bordeaux.fr\/disciplines\/semaine-des-maths\/wp-content\/uploads\/sites\/17\/2025\/03\/09_64_supervielle_2nde_benaissa_e8rn1bcbdg.jpg\" alt=\"\" class=\"wp-image-7614\" srcset=\"https:\/\/ent2d.ac-bordeaux.fr\/disciplines\/semaine-des-maths\/wp-content\/uploads\/sites\/17\/2025\/03\/09_64_supervielle_2nde_benaissa_e8rn1bcbdg.jpg 1024w, https:\/\/ent2d.ac-bordeaux.fr\/disciplines\/semaine-des-maths\/wp-content\/uploads\/sites\/17\/2025\/03\/09_64_supervielle_2nde_benaissa_e8rn1bcbdg-300x300.jpg 300w, https:\/\/ent2d.ac-bordeaux.fr\/disciplines\/semaine-des-maths\/wp-content\/uploads\/sites\/17\/2025\/03\/09_64_supervielle_2nde_benaissa_e8rn1bcbdg-150x150.jpg 150w, https:\/\/ent2d.ac-bordeaux.fr\/disciplines\/semaine-des-maths\/wp-content\/uploads\/sites\/17\/2025\/03\/09_64_supervielle_2nde_benaissa_e8rn1bcbdg-768x768.jpg 768w, https:\/\/ent2d.ac-bordeaux.fr\/disciplines\/semaine-des-maths\/wp-content\/uploads\/sites\/17\/2025\/03\/09_64_supervielle_2nde_benaissa_e8rn1bcbdg-825x825.jpg 825w\" sizes=\"auto, (max-width: 1024px) 100vw, 1024px\" \/><\/a><figcaption class=\"wp-element-caption\">cliquez sur l&#8217;image pour l&#8217;agrandir <\/figcaption><\/figure>\n\n\n\n<p><strong>\u00ab Sym\u00e9trie florale imparfaite d\u2019ordre 8 \u00bb&nbsp;<\/strong>image g\u00e9n\u00e9r\u00e9e avec Chat GPT par <strong>Bena\u00efssa Amina<\/strong>-2nde- Lyc\u00e9e J.Supervielle (64)<\/p>\n\n\n\n<p>D\u00e9marche de l&#8217;\u00e9l\u00e8ve : <a href=\"https:\/\/ent2d.ac-bordeaux.fr\/disciplines\/semaine-des-maths\/wp-content\/uploads\/sites\/17\/2025\/03\/09_64_Supervielle_2nde_Benaissa.pdf\">LIEN<\/a><\/p>\n<\/div>\n<\/div>\n\n\n\n<div class=\"wp-block-columns is-layout-flex wp-container-core-columns-is-layout-9d6595d7 wp-block-columns-is-layout-flex\">\n<div class=\"wp-block-column is-layout-flow wp-block-column-is-layout-flow\">\n<figure class=\"wp-block-image size-full is-resized\"><a href=\"https:\/\/ent2d.ac-bordeaux.fr\/disciplines\/semaine-des-maths\/wp-content\/uploads\/sites\/17\/2025\/03\/08_64_supervielle_term_delqueyroux_collen_jlnea2orho.jpg\"><img loading=\"lazy\" decoding=\"async\" width=\"1024\" height=\"1024\" src=\"https:\/\/ent2d.ac-bordeaux.fr\/disciplines\/semaine-des-maths\/wp-content\/uploads\/sites\/17\/2025\/03\/08_64_supervielle_term_delqueyroux_collen_jlnea2orho.jpg\" alt=\"\" class=\"wp-image-7615\" style=\"width:349px;height:auto\" srcset=\"https:\/\/ent2d.ac-bordeaux.fr\/disciplines\/semaine-des-maths\/wp-content\/uploads\/sites\/17\/2025\/03\/08_64_supervielle_term_delqueyroux_collen_jlnea2orho.jpg 1024w, https:\/\/ent2d.ac-bordeaux.fr\/disciplines\/semaine-des-maths\/wp-content\/uploads\/sites\/17\/2025\/03\/08_64_supervielle_term_delqueyroux_collen_jlnea2orho-300x300.jpg 300w, https:\/\/ent2d.ac-bordeaux.fr\/disciplines\/semaine-des-maths\/wp-content\/uploads\/sites\/17\/2025\/03\/08_64_supervielle_term_delqueyroux_collen_jlnea2orho-150x150.jpg 150w, https:\/\/ent2d.ac-bordeaux.fr\/disciplines\/semaine-des-maths\/wp-content\/uploads\/sites\/17\/2025\/03\/08_64_supervielle_term_delqueyroux_collen_jlnea2orho-768x768.jpg 768w, https:\/\/ent2d.ac-bordeaux.fr\/disciplines\/semaine-des-maths\/wp-content\/uploads\/sites\/17\/2025\/03\/08_64_supervielle_term_delqueyroux_collen_jlnea2orho-825x825.jpg 825w\" sizes=\"auto, (max-width: 1024px) 100vw, 1024px\" \/><\/a><figcaption class=\"wp-element-caption\">cliquez sur l&#8217;image pour l&#8217;agrandir <\/figcaption><\/figure>\n\n\n\n<p><strong>&#8220;Des Fractales et des arbres &#8220;<\/strong> image g\u00e9n\u00e9r\u00e9e avec Chat GPT par <strong>Delqueyroux Collen Lalie<\/strong>&#8211; Terminale- Lyc\u00e9e J.Supervielle. <\/p>\n\n\n\n<p>D\u00e9marche de l&#8217;\u00e9l\u00e8ve : <a href=\"https:\/\/ent2d.ac-bordeaux.fr\/disciplines\/semaine-des-maths\/wp-content\/uploads\/sites\/17\/2025\/03\/08_64_Supervielle_Term_Delqueyroux_Collen.pdf\">LIEN<\/a><\/p>\n<\/div>\n\n\n\n<div class=\"wp-block-column is-layout-flow wp-block-column-is-layout-flow\">\n<figure class=\"wp-block-image size-full is-resized\"><a href=\"https:\/\/ent2d.ac-bordeaux.fr\/disciplines\/semaine-des-maths\/wp-content\/uploads\/sites\/17\/2025\/03\/16_33_havel_2nde5_gillaizeau_w318e8qy0xh-1.jpeg\"><img loading=\"lazy\" decoding=\"async\" width=\"793\" height=\"783\" src=\"https:\/\/ent2d.ac-bordeaux.fr\/disciplines\/semaine-des-maths\/wp-content\/uploads\/sites\/17\/2025\/03\/16_33_havel_2nde5_gillaizeau_w318e8qy0xh-1.jpeg\" alt=\"\" class=\"wp-image-7617\" style=\"width:350px;height:auto\" srcset=\"https:\/\/ent2d.ac-bordeaux.fr\/disciplines\/semaine-des-maths\/wp-content\/uploads\/sites\/17\/2025\/03\/16_33_havel_2nde5_gillaizeau_w318e8qy0xh-1.jpeg 793w, https:\/\/ent2d.ac-bordeaux.fr\/disciplines\/semaine-des-maths\/wp-content\/uploads\/sites\/17\/2025\/03\/16_33_havel_2nde5_gillaizeau_w318e8qy0xh-1-300x296.jpeg 300w, https:\/\/ent2d.ac-bordeaux.fr\/disciplines\/semaine-des-maths\/wp-content\/uploads\/sites\/17\/2025\/03\/16_33_havel_2nde5_gillaizeau_w318e8qy0xh-1-768x758.jpeg 768w\" sizes=\"auto, (max-width: 793px) 100vw, 793px\" \/><\/a><figcaption class=\"wp-element-caption\">cliquez sur l&#8217;image pour l&#8217;agrandir <\/figcaption><\/figure>\n\n\n\n<p>&#8220;<strong>La sym\u00e9trie de la nature \u00e0 travers une fleur&#8221;<\/strong>, image g\u00e9n\u00e9r\u00e9e avec Chat GPT par  <strong>Alexandre Gillaizeau<\/strong>-2nde- Lyc\u00e9e Vaclav Havel.&nbsp; <\/p>\n\n\n\n<p>D\u00e9marche de l&#8217;\u00e9l\u00e8ve : <a href=\"https:\/\/ent2d.ac-bordeaux.fr\/disciplines\/semaine-des-maths\/wp-content\/uploads\/sites\/17\/2025\/03\/16_33_Havel_2nde5_Gillaizeau.pdf\">LIEN<\/a><\/p>\n<\/div>\n<\/div>\n\n\n\n<div class=\"wp-block-columns is-layout-flex wp-container-core-columns-is-layout-9d6595d7 wp-block-columns-is-layout-flex\">\n<div class=\"wp-block-column is-layout-flow wp-block-column-is-layout-flow\">\n<figure class=\"wp-block-image size-full is-resized\"><a href=\"https:\/\/ent2d.ac-bordeaux.fr\/disciplines\/semaine-des-maths\/wp-content\/uploads\/sites\/17\/2025\/03\/07_64_ramiroarrue_1erepro_tomeva_em52459gst9.jpg\"><img loading=\"lazy\" decoding=\"async\" width=\"1024\" height=\"1024\" src=\"https:\/\/ent2d.ac-bordeaux.fr\/disciplines\/semaine-des-maths\/wp-content\/uploads\/sites\/17\/2025\/03\/07_64_ramiroarrue_1erepro_tomeva_em52459gst9.jpg\" alt=\"\" class=\"wp-image-7618\" style=\"width:349px;height:auto\" srcset=\"https:\/\/ent2d.ac-bordeaux.fr\/disciplines\/semaine-des-maths\/wp-content\/uploads\/sites\/17\/2025\/03\/07_64_ramiroarrue_1erepro_tomeva_em52459gst9.jpg 1024w, https:\/\/ent2d.ac-bordeaux.fr\/disciplines\/semaine-des-maths\/wp-content\/uploads\/sites\/17\/2025\/03\/07_64_ramiroarrue_1erepro_tomeva_em52459gst9-300x300.jpg 300w, https:\/\/ent2d.ac-bordeaux.fr\/disciplines\/semaine-des-maths\/wp-content\/uploads\/sites\/17\/2025\/03\/07_64_ramiroarrue_1erepro_tomeva_em52459gst9-150x150.jpg 150w, https:\/\/ent2d.ac-bordeaux.fr\/disciplines\/semaine-des-maths\/wp-content\/uploads\/sites\/17\/2025\/03\/07_64_ramiroarrue_1erepro_tomeva_em52459gst9-768x768.jpg 768w, https:\/\/ent2d.ac-bordeaux.fr\/disciplines\/semaine-des-maths\/wp-content\/uploads\/sites\/17\/2025\/03\/07_64_ramiroarrue_1erepro_tomeva_em52459gst9-825x825.jpg 825w\" sizes=\"auto, (max-width: 1024px) 100vw, 1024px\" \/><\/a><figcaption class=\"wp-element-caption\">Cliquez sur l&#8217;image pour l&#8217;agrandir<\/figcaption><\/figure>\n\n\n\n<p><strong>&#8220;Le chou des maths &#8221;&nbsp;<\/strong>-image g\u00e9n\u00e9r\u00e9e avec IA de Canva par Tom  Le Bloa- 1ere pro-Lyc\u00e9e R.Arrue- Ste Jean de Luz<\/p>\n\n\n\n<p>D\u00e9marche de l&#8217;\u00e9l\u00e8ve :<a href=\"https:\/\/ent2d.ac-bordeaux.fr\/disciplines\/semaine-des-maths\/wp-content\/uploads\/sites\/17\/2025\/03\/07_64_RamiroArrue_1erepro_TomEva.pdf\" target=\"_blank\" rel=\"noreferrer noopener\"> LIEN<\/a><\/p>\n\n\n\n<h2 class=\"wp-block-heading\"><strong>Voici l&#8217;affiche des laur\u00e9ats du concours pour la semaine des maths 2025 <\/strong>: <a href=\"https:\/\/ent2d.ac-bordeaux.fr\/disciplines\/semaine-des-maths\/wp-content\/uploads\/sites\/17\/2025\/03\/Affiche-Semaine-des-Maths-2025-lycees-VF.pdf\"> lien de t\u00e9l\u00e9chargement<\/a> pdf.<\/h2>\n\n\n<div class=\"wp-block-image\">\n<figure class=\"aligncenter size-full\"><a href=\"https:\/\/ent2d.ac-bordeaux.fr\/disciplines\/semaine-des-maths\/wp-content\/uploads\/sites\/17\/2025\/03\/Capture-decran-2025-03-14-091645.png\"><img loading=\"lazy\" decoding=\"async\" width=\"334\" height=\"475\" src=\"https:\/\/ent2d.ac-bordeaux.fr\/disciplines\/semaine-des-maths\/wp-content\/uploads\/sites\/17\/2025\/03\/Capture-decran-2025-03-14-091645.png\" alt=\"\" class=\"wp-image-7673\" srcset=\"https:\/\/ent2d.ac-bordeaux.fr\/disciplines\/semaine-des-maths\/wp-content\/uploads\/sites\/17\/2025\/03\/Capture-decran-2025-03-14-091645.png 334w, https:\/\/ent2d.ac-bordeaux.fr\/disciplines\/semaine-des-maths\/wp-content\/uploads\/sites\/17\/2025\/03\/Capture-decran-2025-03-14-091645-211x300.png 211w\" sizes=\"auto, (max-width: 334px) 100vw, 334px\" \/><\/a><\/figure>\n<\/div><\/div>\n<\/div>\n\n\n\n<p>Pour en savoir plus sur ce concours , cliquez sur le lien suivant :<a href=\"https:\/\/ent2d.ac-bordeaux.fr\/disciplines\/semaine-des-maths\/2024\/10\/08\/concours-photo-loeil-des-maths\/\" target=\"_blank\" rel=\"noreferrer noopener\">&nbsp;<\/a><a href=\"https:\/\/ent2d.ac-bordeaux.fr\/disciplines\/semaine-des-maths\/wp-content\/uploads\/sites\/17\/2025\/03\/Affiche-Semaine-des-Maths-2025-lycees-VF.pdf\" target=\"_blank\" rel=\"noreferrer noopener\">\u0152il des ma<\/a><a href=\"https:\/\/ent2d.ac-bordeaux.fr\/disciplines\/semaine-des-maths\/2024\/10\/08\/concours-photo-loeil-des-maths\/\" target=\"_blank\" rel=\"noreferrer noopener\">ths<\/a><\/p>\n\n\n\n<p><\/p>\n","protected":false},"excerpt":{"rendered":"<p>Nous sommes heureux de vous pr\u00e9senter le palmar\u00e8s du concours photo l\u2019\u0153il des maths. Nous remercions l&#8217;ensemble des enseignants qui ont permis \u00e0 leurs \u00e9l\u00e8ves d&#8217;exprimer leur talent et l&#8217;ensemble des membres du jury pour l&#8217;attention port\u00e9es \u00e0 ce projet. Enfin, nous remercions nos partenaires, le centre de recherche Inria de Bordeaux, les universit\u00e9s de &hellip; <\/p>\n<p><a class=\"more-link btn\" href=\"https:\/\/ent2d.ac-bordeaux.fr\/disciplines\/semaine-des-maths\/2025\/03\/09\/le-palmares-2025-du-concours-loeil-des-maths\/\">Lire la suite<\/a><\/p>\n","protected":false},"author":506,"featured_media":7642,"comment_status":"closed","ping_status":"closed","sticky":false,"template":"","format":"standard","meta":{"footnotes":""},"categories":[3,95,99,59],"tags":[96,98,85,97],"class_list":["post-7563","post","type-post","status-publish","format-standard","has-post-thumbnail","hentry","category-a-la-une","category-annee-2025","category-mathematiques-hors-les-murs","category-numerique","tag-concours","tag-ia","tag-oeil-des-maths","tag-photo","nodate","item-wrap"],"_links":{"self":[{"href":"https:\/\/ent2d.ac-bordeaux.fr\/disciplines\/semaine-des-maths\/wp-json\/wp\/v2\/posts\/7563","targetHints":{"allow":["GET"]}}],"collection":[{"href":"https:\/\/ent2d.ac-bordeaux.fr\/disciplines\/semaine-des-maths\/wp-json\/wp\/v2\/posts"}],"about":[{"href":"https:\/\/ent2d.ac-bordeaux.fr\/disciplines\/semaine-des-maths\/wp-json\/wp\/v2\/types\/post"}],"author":[{"embeddable":true,"href":"https:\/\/ent2d.ac-bordeaux.fr\/disciplines\/semaine-des-maths\/wp-json\/wp\/v2\/users\/506"}],"replies":[{"embeddable":true,"href":"https:\/\/ent2d.ac-bordeaux.fr\/disciplines\/semaine-des-maths\/wp-json\/wp\/v2\/comments?post=7563"}],"version-history":[{"count":29,"href":"https:\/\/ent2d.ac-bordeaux.fr\/disciplines\/semaine-des-maths\/wp-json\/wp\/v2\/posts\/7563\/revisions"}],"predecessor-version":[{"id":7727,"href":"https:\/\/ent2d.ac-bordeaux.fr\/disciplines\/semaine-des-maths\/wp-json\/wp\/v2\/posts\/7563\/revisions\/7727"}],"wp:featuredmedia":[{"embeddable":true,"href":"https:\/\/ent2d.ac-bordeaux.fr\/disciplines\/semaine-des-maths\/wp-json\/wp\/v2\/media\/7642"}],"wp:attachment":[{"href":"https:\/\/ent2d.ac-bordeaux.fr\/disciplines\/semaine-des-maths\/wp-json\/wp\/v2\/media?parent=7563"}],"wp:term":[{"taxonomy":"category","embeddable":true,"href":"https:\/\/ent2d.ac-bordeaux.fr\/disciplines\/semaine-des-maths\/wp-json\/wp\/v2\/categories?post=7563"},{"taxonomy":"post_tag","embeddable":true,"href":"https:\/\/ent2d.ac-bordeaux.fr\/disciplines\/semaine-des-maths\/wp-json\/wp\/v2\/tags?post=7563"}],"curies":[{"name":"wp","href":"https:\/\/api.w.org\/{rel}","templated":true}]}}