{"id":6348,"date":"2023-09-23T14:27:19","date_gmt":"2023-09-23T12:27:19","guid":{"rendered":"https:\/\/ent2d.ac-bordeaux.fr\/disciplines\/semaine-des-maths\/?p=6348"},"modified":"2023-12-11T10:13:54","modified_gmt":"2023-12-11T09:13:54","slug":"faire-evoluer-les-representations-des-eleves-sur-les-mathematiques","status":"publish","type":"post","link":"https:\/\/ent2d.ac-bordeaux.fr\/disciplines\/semaine-des-maths\/2023\/09\/23\/faire-evoluer-les-representations-des-eleves-sur-les-mathematiques\/","title":{"rendered":"Faire \u00e9voluer les repr\u00e9sentations des \u00e9l\u00e8ves sur les math\u00e9matiques"},"content":{"rendered":"<div class=\"wp-block-image\">\n<figure class=\"alignright size-full is-resized\"><img loading=\"lazy\" decoding=\"async\" src=\"https:\/\/ent2d.ac-bordeaux.fr\/disciplines\/semaine-des-maths\/wp-content\/uploads\/sites\/17\/2023\/09\/eduscol-logo.jpg\" alt=\"\" class=\"wp-image-6350\" width=\"252\" height=\"61\" srcset=\"https:\/\/ent2d.ac-bordeaux.fr\/disciplines\/semaine-des-maths\/wp-content\/uploads\/sites\/17\/2023\/09\/eduscol-logo.jpg 499w, https:\/\/ent2d.ac-bordeaux.fr\/disciplines\/semaine-des-maths\/wp-content\/uploads\/sites\/17\/2023\/09\/eduscol-logo-300x73.jpg 300w\" sizes=\"auto, (max-width: 252px) 100vw, 252px\" \/><\/figure>\n<\/div>\n\n\n<p>Voici un nouvel article sur Eduscol qui porte sur l&#8217;image des math\u00e9matiques. Les auteurs proposent des analyses (articles, vid\u00e9os, , des pistes d&#8217;activit\u00e9s pour faire \u00e9voluer les repr\u00e9sentations de l&#8217;enseignement des math\u00e9matiques en primaire et en secondaire.  (<a href=\"https:\/\/eduscol.education.fr\/3739\/faire-evoluer-les-representations-des-eleves-sur-les-mathematiques\" target=\"_blank\" rel=\"noreferrer noopener\">lien vers la page<\/a>) <\/p>\n\n\n\n<ul class=\"wp-block-list\">\n<li><strong>Les maths, c&#8217;est vivant !<\/strong> (pour les \u00e9l\u00e8ves, pour les professeurs) : les travaux de groupes, des jeux et des concours, les labos de maths &#8230;<\/li>\n\n\n\n<li><strong>Les maths, c&#8217;est partout !<\/strong> la semaine des maths, maths en vie, regard de g\u00e9om\u00e8tre, math city map&#8230;  <\/li>\n\n\n\n<li><strong>Les maths, c&#8217;est pour tous et toutes!<\/strong> L&#8217;\u00e9cole inclusive, maths et filles, &#8230;<\/li>\n<\/ul>\n\n\n\n<p> <\/p>\n\n\n\n<figure class=\"wp-block-image size-full\"><img loading=\"lazy\" decoding=\"async\" width=\"1024\" height=\"502\" src=\"https:\/\/ent2d.ac-bordeaux.fr\/disciplines\/semaine-des-maths\/wp-content\/uploads\/sites\/17\/2023\/09\/infog_maths_partout.jpg\" alt=\"\" class=\"wp-image-6349\" srcset=\"https:\/\/ent2d.ac-bordeaux.fr\/disciplines\/semaine-des-maths\/wp-content\/uploads\/sites\/17\/2023\/09\/infog_maths_partout.jpg 1024w, https:\/\/ent2d.ac-bordeaux.fr\/disciplines\/semaine-des-maths\/wp-content\/uploads\/sites\/17\/2023\/09\/infog_maths_partout-300x147.jpg 300w, https:\/\/ent2d.ac-bordeaux.fr\/disciplines\/semaine-des-maths\/wp-content\/uploads\/sites\/17\/2023\/09\/infog_maths_partout-768x377.jpg 768w, https:\/\/ent2d.ac-bordeaux.fr\/disciplines\/semaine-des-maths\/wp-content\/uploads\/sites\/17\/2023\/09\/infog_maths_partout-825x405.jpg 825w\" sizes=\"auto, (max-width: 1024px) 100vw, 1024px\" \/><\/figure>\n","protected":false},"excerpt":{"rendered":"<p>Voici un nouvel article sur Eduscol qui porte sur l&#8217;image des math\u00e9matiques. Les auteurs proposent des analyses (articles, vid\u00e9os, , des pistes d&#8217;activit\u00e9s pour faire \u00e9voluer les repr\u00e9sentations de l&#8217;enseignement des math\u00e9matiques en primaire et en secondaire. (lien vers la page)<\/p>\n","protected":false},"author":506,"featured_media":0,"comment_status":"closed","ping_status":"closed","sticky":false,"template":"","format":"standard","meta":{"footnotes":""},"categories":[3,14],"tags":[],"class_list":["post-6348","post","type-post","status-publish","format-standard","hentry","category-a-la-une","category-ressources","nodate","item-wrap"],"_links":{"self":[{"href":"https:\/\/ent2d.ac-bordeaux.fr\/disciplines\/semaine-des-maths\/wp-json\/wp\/v2\/posts\/6348","targetHints":{"allow":["GET"]}}],"collection":[{"href":"https:\/\/ent2d.ac-bordeaux.fr\/disciplines\/semaine-des-maths\/wp-json\/wp\/v2\/posts"}],"about":[{"href":"https:\/\/ent2d.ac-bordeaux.fr\/disciplines\/semaine-des-maths\/wp-json\/wp\/v2\/types\/post"}],"author":[{"embeddable":true,"href":"https:\/\/ent2d.ac-bordeaux.fr\/disciplines\/semaine-des-maths\/wp-json\/wp\/v2\/users\/506"}],"replies":[{"embeddable":true,"href":"https:\/\/ent2d.ac-bordeaux.fr\/disciplines\/semaine-des-maths\/wp-json\/wp\/v2\/comments?post=6348"}],"version-history":[{"count":3,"href":"https:\/\/ent2d.ac-bordeaux.fr\/disciplines\/semaine-des-maths\/wp-json\/wp\/v2\/posts\/6348\/revisions"}],"predecessor-version":[{"id":6485,"href":"https:\/\/ent2d.ac-bordeaux.fr\/disciplines\/semaine-des-maths\/wp-json\/wp\/v2\/posts\/6348\/revisions\/6485"}],"wp:attachment":[{"href":"https:\/\/ent2d.ac-bordeaux.fr\/disciplines\/semaine-des-maths\/wp-json\/wp\/v2\/media?parent=6348"}],"wp:term":[{"taxonomy":"category","embeddable":true,"href":"https:\/\/ent2d.ac-bordeaux.fr\/disciplines\/semaine-des-maths\/wp-json\/wp\/v2\/categories?post=6348"},{"taxonomy":"post_tag","embeddable":true,"href":"https:\/\/ent2d.ac-bordeaux.fr\/disciplines\/semaine-des-maths\/wp-json\/wp\/v2\/tags?post=6348"}],"curies":[{"name":"wp","href":"https:\/\/api.w.org\/{rel}","templated":true}]}}