{"id":6299,"date":"2023-09-19T16:12:54","date_gmt":"2023-09-19T14:12:54","guid":{"rendered":"https:\/\/ent2d.ac-bordeaux.fr\/disciplines\/semaine-des-maths\/?p=6299"},"modified":"2023-09-19T18:11:55","modified_gmt":"2023-09-19T16:11:55","slug":"journee-filles-et-maths-14-decembre-2023","status":"publish","type":"post","link":"https:\/\/ent2d.ac-bordeaux.fr\/disciplines\/semaine-des-maths\/2023\/09\/19\/journee-filles-et-maths-14-decembre-2023\/","title":{"rendered":"Journ\u00e9e Filles et Maths 14 d\u00e9cembre 2023"},"content":{"rendered":"<div class=\"wp-block-image\">\n<figure class=\"alignright size-full\"><img loading=\"lazy\" decoding=\"async\" width=\"448\" height=\"644\" src=\"https:\/\/ent2d.ac-bordeaux.fr\/disciplines\/semaine-des-maths\/wp-content\/uploads\/sites\/17\/2023\/09\/affiche-maths-et-filles-2023-pau.png\" alt=\"\" class=\"wp-image-6307\" srcset=\"https:\/\/ent2d.ac-bordeaux.fr\/disciplines\/semaine-des-maths\/wp-content\/uploads\/sites\/17\/2023\/09\/affiche-maths-et-filles-2023-pau.png 448w, https:\/\/ent2d.ac-bordeaux.fr\/disciplines\/semaine-des-maths\/wp-content\/uploads\/sites\/17\/2023\/09\/affiche-maths-et-filles-2023-pau-209x300.png 209w\" sizes=\"auto, (max-width: 448px) 100vw, 448px\" \/><\/figure>\n<\/div>\n\n\n<p><strong>Le jeudi 14 d\u00e9cembre 2023 aura lieu une journ\u00e9e <em>Filles, maths et informatique: une \u00e9quation lumineuse<\/em> pour des lyc\u00e9ennes de 2de et de 1re des Pyr\u00e9n\u00e9es Atlantiques et des Landes. Son but est d\u2019encourager les filles \u00e0 s\u2019orienter vers des \u00e9tudes de math\u00e9matiques et plus g\u00e9n\u00e9ralement des \u00e9tudes scientifiques et techniques.<\/strong><br><a href=\"https:\/\/ent2d.ac-bordeaux.fr\/disciplines\/semaine-des-maths\/wp-content\/uploads\/sites\/17\/2019\/10\/Filles-et-maths-Pau-2020-Affiche.pdf\"><\/a><\/p>\n\n\n\n<p>La journ\u00e9e est organis\u00e9e par l\u2019<strong>Universit\u00e9 de Pau et des Pays de l\u2019Adour<\/strong> (via le Laboratoire de Math\u00e9matiques et leurs Applications, UMR CNRS 5142), en partenariat avec l<strong>\u2019acad\u00e9mie de Bordeaux<\/strong> et les associations <a rel=\"noreferrer noopener\" href=\"http:\/\/www.femmes-et-maths.fr\/\" target=\"_blank\">Femmes et math\u00e9matiques<\/a> et <a rel=\"noreferrer noopener\" href=\"http:\/\/www.animath.fr\/\" target=\"_blank\">Animath<\/a>.<\/p>\n\n\n\n<h1 class=\"wp-block-heading\">Objectif de la journ\u00e9e<\/h1>\n\n\n\n<p>L\u2019objectif de cette journ\u00e9e est d\u2019inciter les filles \u00e0 aller vers des \u00e9tudes scientifiques. Il est n\u00e9cessaire de les encourager et de leur donner confiance, pour les raisons suivantes :<\/p>\n\n\n\n<ul class=\"wp-block-list\">\n<li>les filles n\u2019ont pas les m\u00eames parcours scolaires que les gar\u00e7ons,<\/li>\n\n\n\n<li>les st\u00e9r\u00e9otypes v\u00e9hicul\u00e9s par la soci\u00e9t\u00e9 sur les r\u00f4les et les comp\u00e9tences diff\u00e9renci\u00e9s selon le sexe sont int\u00e9rioris\u00e9s,<\/li>\n\n\n\n<li>\u00e0 niveau \u00e9gal elles ne s\u2019engagent pas autant que les gar\u00e7ons dans les fili\u00e8res scientifiques.<\/li>\n<\/ul>\n\n\n\n<p>Pour aider ces jeunes filles \u00e0 \u00e9largir ou enrichir leur vision d\u2019une carri\u00e8re scientifique, nous leur proposons au cours de cette journ\u00e9e de :<\/p>\n\n\n\n<ul class=\"wp-block-list\">\n<li>d\u00e9couvrir des math\u00e9matiques contemporaines lors d\u2019une conf\u00e9rence donn\u00e9e par une math\u00e9maticienne,<\/li>\n\n\n\n<li>rencontrer de mani\u00e8re informelle des femmes scientifiques, doctorantes, math\u00e9maticiennes jeunes et moins jeunes, femmes ing\u00e9nieures, etc.,<\/li>\n\n\n\n<li>montrer les d\u00e9bouch\u00e9s tr\u00e8s divers apr\u00e8s des \u00e9tudes de math\u00e9matiques et des m\u00e9tiers scientifiques,<\/li>\n\n\n\n<li>pr\u00e9senter une pi\u00e8ce de th\u00e9\u00e2tre interactive, <em>Cod\u00e9e<\/em>, relatant le parcours d\u2019une \u00e9l\u00e8ve de Terminale S au lyc\u00e9e, dans sa famille, avec ses copains\/copines, pour son orientation\u2026.<\/li>\n<\/ul>\n\n\n\n<h1 class=\"wp-block-heading\">Modalit\u00e9s pratiques<img loading=\"lazy\" decoding=\"async\" src=\"https:\/\/ent2d.ac-bordeaux.fr\/disciplines\/semaine-des-maths\/wp-content\/uploads\/sites\/17\/2016\/03\/filles-et-maths.jpg\" alt=\"\" width=\"228\" height=\"201\"><\/h1>\n\n\n\n<ul class=\"wp-block-list\">\n<li><strong>Date : Jeudi 14 d\u00e9cembre 2023<\/strong><\/li>\n\n\n\n<li><strong>Lieu : Universit\u00e9 de Pau et des Pays de l\u2019Adour<\/strong>, avenue de l\u2019universit\u00e9, 64 000 Pau<strong>. <\/strong>L\u2019accueil se fera \u00e0 l\u2019Amphith\u00e9\u00e2tre&nbsp; G b\u00e2timent Dubou\u00e9.<\/li>\n\n\n\n<li>Cette journ\u00e9e s\u2019adresse aux<strong> filles scolaris\u00e9es en 2nde <\/strong>(et exceptionnellement en 1re) qui s\u2019orientent vers des sp\u00e9cialit\u00e9s scientifiques et plus particuli\u00e8rement vers les m\u00e9tiers autour des math\u00e9matiques.<\/li>\n\n\n\n<li><strong>Nombre de participantes : <\/strong>La journ\u00e9e est ouvertes aux lyc\u00e9es des Pyr\u00e9n\u00e9es-Atlantiques et des Landes. La capacit\u00e9 d\u2019accueil \u00e9tant limit\u00e9e, chaque \u00e9tablissement ne pourra inscrire qu\u2019une dizaine de lyc\u00e9ennes, accompagn\u00e9es d\u2019un professeur.<\/li>\n\n\n\n<li><strong>Co\u00fbt :<\/strong>\n<ul class=\"wp-block-list\">\n<li>Il n\u2019y a pas de frais d\u2019inscription.<\/li>\n\n\n\n<li><strong>Les organisateurs ne peuvent pas financer le co\u00fbt des transports, qui reste donc enti\u00e8rement \u00e0 la charge des \u00e9tablissements.<\/strong><\/li>\n<\/ul>\n<\/li>\n<\/ul>\n\n\n\n<h1 class=\"wp-block-heading\"><a href=\"https:\/\/ent2d.ac-bordeaux.fr\/disciplines\/semaine-des-maths\/wp-content\/uploads\/sites\/17\/2023\/09\/Programme19-sept-2023.pdf\" target=\"_blank\" rel=\"noreferrer noopener\">Programme de la journ\u00e9e<\/a><\/h1>\n\n\n\n<ul class=\"wp-block-list\">\n<li>9h : Lancement de la journ\u00e9e en Amphi<\/li>\n\n\n\n<li>9h15 \u2013 10h15 : Promenade math\u00e9matique : <strong>conf\u00e9rence de vulgarisation math\u00e9matique<\/strong> par Christ\u00e8le Etchegaray<\/li>\n\n\n\n<li>10h15 \u2013 10h35 : Pause caf\u00e9<\/li>\n\n\n\n<li>10h35\u2013 11h50 : <strong>Atelier sur les st\u00e9r\u00e9otypes et les m\u00e9tiers des math\u00e9matiques<\/strong><\/li>\n\n\n\n<li>11h50 \u201313h00 : \u00c9change par petits groupes avec des femmes scientifiques<\/li>\n\n\n\n<li>13h00 \u2013 14h00 : Pause d\u00e9jeuner<\/li>\n\n\n\n<li>14h00 \u2013 16h00 : <strong>Pi\u00e8ce de Th\u00e9\u00e2tre-forum &#8220;Cod\u00e9e&#8221;<\/strong><\/li>\n<\/ul>\n\n\n\n<ul class=\"wp-block-list\">\n<li>16h00 \u2013 16h30 : Conclusion de la journ\u00e9e<\/li>\n<\/ul>\n\n\n\n<h1 class=\"wp-block-heading\">Inscription<\/h1>\n\n\n\n<ul class=\"wp-block-list\">\n<li>La journ\u00e9e est ouvertes aux lyc\u00e9es des Pyr\u00e9n\u00e9es-Atlantiques et des Landes. La capacit\u00e9 d\u2019accueil \u00e9tant limit\u00e9e, chaque \u00e9tablissement ne pourra inscrire qu\u2019une dizaine de lyc\u00e9ennes au plus, accompagn\u00e9es d\u2019un professeur.<\/li>\n\n\n\n<li>L\u2019inscription est faite par les enseignants, apr\u00e8s consultation de leur chef d\u2019\u00e9tablissement.<\/li>\n\n\n\n<li>Vous pouvez contacter :\n<ul class=\"wp-block-list\">\n<li><strong>Isabelle Greff<\/strong> (<a href=\"mailto:lisl.weynans@math.u-bordeaux1.fr\">isabelle.greff@univ-pau.fr<\/a>), coordinatrice scientifique : pour toute question concernant le programme de la journ\u00e9e.<\/li>\n\n\n\n<li><strong>Lo\u00efc Chapellier<\/strong> (<a href=\"mailto:loic.chapellier@ac-bordeaux.fr\">loic.chapellier@ac-bordeaux.fr<\/a>), IA-IPR de math\u00e9matiques : pour les questions concernant les inscriptions et la s\u00e9lection des \u00e9tablissements.<\/li>\n<\/ul>\n<\/li>\n<\/ul>\n\n\n\n<h1 class=\"wp-block-heading\">Plus d\u2019informations<\/h1>\n\n\n\n<ul class=\"wp-block-list\">\n<li><a href=\"https:\/\/ent2d.ac-bordeaux.fr\/disciplines\/semaine-des-maths\/wp-content\/uploads\/sites\/17\/2022\/10\/affiche-pau.pdf\">Affiche de la journ\u00e9e 202<\/a>3<\/li>\n<\/ul>\n\n\n\n<ul class=\"wp-block-list\">\n<li><a href=\"http:\/\/filles-et-maths.fr\/journees-filles-et-maths\/\">Pr\u00e9sentation g\u00e9n\u00e9rale de l\u2019action <em>Filles et maths: une \u00e9quation lumineuse<\/em> et calendrier national sur le site de l\u2019association Femmes &amp; Math\u00e9matiques<\/a><\/li>\n<\/ul>\n","protected":false},"excerpt":{"rendered":"<p>Le jeudi 14 d\u00e9cembre 2023 aura lieu une journ\u00e9e Filles, maths et informatique: une \u00e9quation lumineuse pour des lyc\u00e9ennes de 2de et de 1re des Pyr\u00e9n\u00e9es Atlantiques et des Landes. Son but est d\u2019encourager les filles \u00e0 s\u2019orienter vers des \u00e9tudes de math\u00e9matiques et plus g\u00e9n\u00e9ralement des \u00e9tudes scientifiques et techniques. La journ\u00e9e est organis\u00e9e &hellip; <\/p>\n<p><a class=\"more-link btn\" href=\"https:\/\/ent2d.ac-bordeaux.fr\/disciplines\/semaine-des-maths\/2023\/09\/19\/journee-filles-et-maths-14-decembre-2023\/\">Lire la suite<\/a><\/p>\n","protected":false},"author":2011,"featured_media":0,"comment_status":"closed","ping_status":"closed","sticky":false,"template":"","format":"standard","meta":{"footnotes":""},"categories":[3,76,5,65,34,13],"tags":[],"class_list":["post-6299","post","type-post","status-publish","format-standard","hentry","category-a-la-une","category-annee-2024","category-conferences-evenements-expositions","category-fillesmaths","category-offre-danimations","category-pyrenees-atlantiques-64","nodate","item-wrap"],"_links":{"self":[{"href":"https:\/\/ent2d.ac-bordeaux.fr\/disciplines\/semaine-des-maths\/wp-json\/wp\/v2\/posts\/6299","targetHints":{"allow":["GET"]}}],"collection":[{"href":"https:\/\/ent2d.ac-bordeaux.fr\/disciplines\/semaine-des-maths\/wp-json\/wp\/v2\/posts"}],"about":[{"href":"https:\/\/ent2d.ac-bordeaux.fr\/disciplines\/semaine-des-maths\/wp-json\/wp\/v2\/types\/post"}],"author":[{"embeddable":true,"href":"https:\/\/ent2d.ac-bordeaux.fr\/disciplines\/semaine-des-maths\/wp-json\/wp\/v2\/users\/2011"}],"replies":[{"embeddable":true,"href":"https:\/\/ent2d.ac-bordeaux.fr\/disciplines\/semaine-des-maths\/wp-json\/wp\/v2\/comments?post=6299"}],"version-history":[{"count":9,"href":"https:\/\/ent2d.ac-bordeaux.fr\/disciplines\/semaine-des-maths\/wp-json\/wp\/v2\/posts\/6299\/revisions"}],"predecessor-version":[{"id":6310,"href":"https:\/\/ent2d.ac-bordeaux.fr\/disciplines\/semaine-des-maths\/wp-json\/wp\/v2\/posts\/6299\/revisions\/6310"}],"wp:attachment":[{"href":"https:\/\/ent2d.ac-bordeaux.fr\/disciplines\/semaine-des-maths\/wp-json\/wp\/v2\/media?parent=6299"}],"wp:term":[{"taxonomy":"category","embeddable":true,"href":"https:\/\/ent2d.ac-bordeaux.fr\/disciplines\/semaine-des-maths\/wp-json\/wp\/v2\/categories?post=6299"},{"taxonomy":"post_tag","embeddable":true,"href":"https:\/\/ent2d.ac-bordeaux.fr\/disciplines\/semaine-des-maths\/wp-json\/wp\/v2\/tags?post=6299"}],"curies":[{"name":"wp","href":"https:\/\/api.w.org\/{rel}","templated":true}]}}