{"id":6131,"date":"2023-07-04T19:20:43","date_gmt":"2023-07-04T17:20:43","guid":{"rendered":"https:\/\/ent2d.ac-bordeaux.fr\/disciplines\/semaine-des-maths\/?p=6131"},"modified":"2023-07-04T19:26:20","modified_gmt":"2023-07-04T17:26:20","slug":"club-artchimath-lycee-j-supervielle-doloron-ste-marie-64-annee-2022-2023","status":"publish","type":"post","link":"https:\/\/ent2d.ac-bordeaux.fr\/disciplines\/semaine-des-maths\/2023\/07\/04\/club-artchimath-lycee-j-supervielle-doloron-ste-marie-64-annee-2022-2023\/","title":{"rendered":"Club Artchimath-Lyc\u00e9e J.Supervielle d&#8217;Oloron Ste Marie (64)- ann\u00e9e 2022-2023"},"content":{"rendered":"<div class=\"wp-block-image\">\n<figure class=\"alignright size-full is-resized\"><img decoding=\"async\" src=\"https:\/\/ent2d.ac-bordeaux.fr\/disciplines\/semaine-des-maths\/wp-content\/uploads\/sites\/17\/2023\/07\/porche-cathedrale-Oloron.png\" alt=\"\" class=\"wp-image-6254\" width=\"200\" srcset=\"https:\/\/ent2d.ac-bordeaux.fr\/disciplines\/semaine-des-maths\/wp-content\/uploads\/sites\/17\/2023\/07\/porche-cathedrale-Oloron.png 998w, https:\/\/ent2d.ac-bordeaux.fr\/disciplines\/semaine-des-maths\/wp-content\/uploads\/sites\/17\/2023\/07\/porche-cathedrale-Oloron-292x300.png 292w, https:\/\/ent2d.ac-bordeaux.fr\/disciplines\/semaine-des-maths\/wp-content\/uploads\/sites\/17\/2023\/07\/porche-cathedrale-Oloron-768x788.png 768w, https:\/\/ent2d.ac-bordeaux.fr\/disciplines\/semaine-des-maths\/wp-content\/uploads\/sites\/17\/2023\/07\/porche-cathedrale-Oloron-1496x1536.png 1496w, https:\/\/ent2d.ac-bordeaux.fr\/disciplines\/semaine-des-maths\/wp-content\/uploads\/sites\/17\/2023\/07\/porche-cathedrale-Oloron-825x847.png 825w\" sizes=\"(max-width: 998px) 100vw, 998px\" \/><figcaption class=\"wp-element-caption\">portail de la cath\u00e9drale Ste Marie (Oloron-64)<\/figcaption><\/figure>\n<\/div>\n\n\n<p>Le club de math du lyc\u00e9e J.Supervielle existe depuis 7 ans. Chaque ann\u00e9e, il est plac\u00e9 sous une nouvelle th\u00e9matique mais l&#8217;objectif et le fonctionnement reste le m\u00eame. Le club est ouvert toute l&#8217;ann\u00e9e \u00e0 l&#8217;ensemble des lyc\u00e9ens sur leur temps libre (pause m\u00e9ridienne et certains mercredis apr\u00e8s midi). Les \u00e9l\u00e8ves travaillent sur un projet collectif en lien avec les maths et d&#8217;autres disciplines qu&#8217;ils pr\u00e9sentent \u00e0 d&#8217;autres \u00e9l\u00e8ves ou un public plus large dans l&#8217;\u00e9tablissement et en dehors de l&#8217;\u00e9tablissement.  <\/p>\n\n\n\n<p>Les axes de ce club sont <\/p>\n\n\n\n<ul class=\"wp-block-list\">\n<li>l&#8217;am\u00e9lioration du climat scolaire (travailler ensemble, partager les savoirs, donner du sens aux apprentissages, motiver les \u00e9l\u00e8ves \u00e0 s&#8217;investir dans un travail) , <\/li>\n\n\n\n<li>le d\u00e9veloppement de la culture scientifique en partenariat avec des m\u00e9diateurs et universitaires,<\/li>\n\n\n\n<li>l&#8217;innovation .<\/li>\n<\/ul>\n\n\n\n<p>Cette ann\u00e9e, le club  travaille  sur l&#8217;architecture, l&#8217;histoire et les math\u00e9matiques en \u00e9tudiant la cath\u00e9drale d&#8217;Oloron Sainte Marie. Le but est de produire des activit\u00e9s pour valoriser ce patrimoine et mettre en lumi\u00e8re le lien entre ces trois disciplines au cours du temps, en tout cas, celui de la cath\u00e9drale aupr\u00e8s d&#8217;un large public.<\/p>\n\n\n\n<p>Les partenaires sont <\/p>\n\n\n\n<ul class=\"wp-block-list\">\n<li>L&#8217;Universit\u00e9 de Pau et des Pays de l&#8217;Adour repr\u00e9sent\u00e9e par Jean Vall\u00e8s, professeur \u00e0 l&#8217;Universit\u00e9 de Pau,<\/li>\n\n\n\n<li>Le Pays d&#8217;Art et d&#8217;Histoire des Pyr\u00e9n\u00e9es B\u00e9arnaise repr\u00e9sent\u00e9 par Alix Bastian, Cheffe de Projet,<\/li>\n\n\n\n<li>la commune d&#8217;Oloron et la R\u00e9gion Nouvelle Aquitaine,<\/li>\n\n\n\n<li>la DAAC puisque le club s&#8217;inscrit dans le dispositif des Ateliers Scientifiques et techniques et donc b\u00e9n\u00e9ficie d&#8217;un volant d&#8217;heures pour les enseignants qui encadrent le club.<\/li>\n<\/ul>\n\n\n\n<p>Dans un premier temps, les \u00e9l\u00e8ves ont \u00e9tudi\u00e9 l&#8217;Histoire de la cath\u00e9drale, les personnes qui ont contribu\u00e9 \u00e0 sa construction et ses diverses reconstruction, les \u00e9l\u00e9ments architecturaux qui la caract\u00e9risent. <\/p>\n\n\n<div class=\"wp-block-image\">\n<figure class=\"alignleft is-resized\"><img decoding=\"async\" src=\"https:\/\/ent2d.ac-bordeaux.fr\/disciplines\/semaine-des-maths\/wp-content\/uploads\/sites\/17\/2023\/07\/4-expo.png\" alt=\"\" class=\"wp-image-6256\" width=\"200\" srcset=\"https:\/\/ent2d.ac-bordeaux.fr\/disciplines\/semaine-des-maths\/wp-content\/uploads\/sites\/17\/2023\/07\/4-expo.png 724w, https:\/\/ent2d.ac-bordeaux.fr\/disciplines\/semaine-des-maths\/wp-content\/uploads\/sites\/17\/2023\/07\/4-expo-212x300.png 212w, https:\/\/ent2d.ac-bordeaux.fr\/disciplines\/semaine-des-maths\/wp-content\/uploads\/sites\/17\/2023\/07\/4-expo-768x1086.png 768w, https:\/\/ent2d.ac-bordeaux.fr\/disciplines\/semaine-des-maths\/wp-content\/uploads\/sites\/17\/2023\/07\/4-expo-1086x1536.png 1086w, https:\/\/ent2d.ac-bordeaux.fr\/disciplines\/semaine-des-maths\/wp-content\/uploads\/sites\/17\/2023\/07\/4-expo-1448x2048.png 1448w, https:\/\/ent2d.ac-bordeaux.fr\/disciplines\/semaine-des-maths\/wp-content\/uploads\/sites\/17\/2023\/07\/4-expo-825x1167.png 825w\" sizes=\"(max-width: 724px) 100vw, 724px\" \/><\/figure>\n<\/div>\n\n\n<p>Puis, \u00e0 l&#8217;aide du logiciel g\u00e9og\u00e9bra, ils ont travaill\u00e9, identifi\u00e9 les diff\u00e9rents arcs et \u00e9l\u00e9ments architecturaux remarquables. Monsieur Jean Vall\u00e8s a profit\u00e9 de leur travaux pour exposer des probl\u00e8mes de g\u00e9om\u00e9trie.<\/p>\n\n\n\n<p>Enfin, les membres du club ont travaill\u00e9 sur une exposition et des ateliers attenants aux panneaux de l&#8217;exposition en investissant leurs connaissances sur la cath\u00e9drale et l&#8217;architecture et leur travaux sur geogebra. R\u00e9partis en petits groupes puis r\u00e9unis, les \u00e9l\u00e8ves devaient \u00eatre pr\u00eats \u00e0 comprendre le contenu de l&#8217;exposition mais aussi \u00eatre capables d&#8217;animer l&#8217;ensemble des activit\u00e9s propos\u00e9es. Ensuite,  les membres du club sont repartis \u00e0 la cath\u00e9drale pour cr\u00e9er deux parcours Math City d&#8217;\u00e9nigmes g\u00e9olocalis\u00e9es.  Ces deux parcours, ont \u00e9t\u00e9 pour les enseignants, une fa\u00e7on d&#8217;\u00e9valuer ce qui avait retenu l&#8217;attention des \u00e9l\u00e8ves et les connaissances qu&#8217;ils r\u00e9investissaient dans le cadre de cette nouvelle activit\u00e9.<\/p>\n\n\n\n<ul class=\"wp-block-list\">\n<li>Document de pr\u00e9sentation des productions des \u00e9l\u00e8ves : <a href=\"https:\/\/ent2d.ac-bordeaux.fr\/disciplines\/semaine-des-maths\/wp-content\/uploads\/sites\/17\/2023\/07\/activites-du-club-2023.pdf\" target=\"_blank\" rel=\"noreferrer noopener\">lien <\/a><\/li>\n<\/ul>\n\n\n<div class=\"wp-block-image\">\n<figure class=\"alignright is-resized\"><img decoding=\"async\" src=\"https:\/\/ent2d.ac-bordeaux.fr\/disciplines\/semaine-des-maths\/wp-content\/uploads\/sites\/17\/2023\/07\/csjollema.png.jpg\" alt=\"\" class=\"wp-image-6255\" width=\"200\" srcset=\"https:\/\/ent2d.ac-bordeaux.fr\/disciplines\/semaine-des-maths\/wp-content\/uploads\/sites\/17\/2023\/07\/csjollema.png.jpg 903w, https:\/\/ent2d.ac-bordeaux.fr\/disciplines\/semaine-des-maths\/wp-content\/uploads\/sites\/17\/2023\/07\/csjollema.png-300x206.jpg 300w, https:\/\/ent2d.ac-bordeaux.fr\/disciplines\/semaine-des-maths\/wp-content\/uploads\/sites\/17\/2023\/07\/csjollema.png-768x526.jpg 768w, https:\/\/ent2d.ac-bordeaux.fr\/disciplines\/semaine-des-maths\/wp-content\/uploads\/sites\/17\/2023\/07\/csjollema.png-825x566.jpg 825w\" sizes=\"(max-width: 903px) 100vw, 903px\" \/><\/figure>\n<\/div>\n\n<div class=\"wp-block-image\">\n<figure class=\"alignright is-resized\"><img decoding=\"async\" src=\"https:\/\/ent2d.ac-bordeaux.fr\/disciplines\/semaine-des-maths\/wp-content\/uploads\/sites\/17\/2023\/07\/arcs.jpg\" alt=\"\" class=\"wp-image-6257\" width=\"200\" srcset=\"https:\/\/ent2d.ac-bordeaux.fr\/disciplines\/semaine-des-maths\/wp-content\/uploads\/sites\/17\/2023\/07\/arcs.jpg 724w, https:\/\/ent2d.ac-bordeaux.fr\/disciplines\/semaine-des-maths\/wp-content\/uploads\/sites\/17\/2023\/07\/arcs-212x300.jpg 212w, https:\/\/ent2d.ac-bordeaux.fr\/disciplines\/semaine-des-maths\/wp-content\/uploads\/sites\/17\/2023\/07\/arcs-768x1086.jpg 768w\" sizes=\"(max-width: 724px) 100vw, 724px\" \/><\/figure>\n<\/div>\n\n\n<ul class=\"wp-block-list\">\n<li>Fiche de pr\u00e9sentation du club :<a rel=\"noreferrer noopener\" href=\"https:\/\/ent2d.ac-bordeaux.fr\/disciplines\/semaine-des-maths\/wp-content\/uploads\/sites\/17\/2023\/07\/fiche-club-archimath-oloron.pdf\" target=\"_blank\"> lien <\/a><\/li>\n<\/ul>\n","protected":false},"excerpt":{"rendered":"<p>Le club de math du lyc\u00e9e J.Supervielle existe depuis 7 ans. Chaque ann\u00e9e, il est plac\u00e9 sous une nouvelle th\u00e9matique mais l&#8217;objectif et le fonctionnement reste le m\u00eame. Le club est ouvert toute l&#8217;ann\u00e9e \u00e0 l&#8217;ensemble des lyc\u00e9ens sur leur temps libre (pause m\u00e9ridienne et certains mercredis apr\u00e8s midi). Les \u00e9l\u00e8ves travaillent sur un projet &hellip; <\/p>\n<p><a class=\"more-link btn\" href=\"https:\/\/ent2d.ac-bordeaux.fr\/disciplines\/semaine-des-maths\/2023\/07\/04\/club-artchimath-lycee-j-supervielle-doloron-ste-marie-64-annee-2022-2023\/\">Lire la suite<\/a><\/p>\n","protected":false},"author":506,"featured_media":0,"comment_status":"closed","ping_status":"closed","sticky":false,"template":"","format":"standard","meta":{"footnotes":""},"categories":[66,6,1,13],"tags":[70,69,72],"class_list":["post-6131","post","type-post","status-publish","format-standard","hentry","category-annee-2023","category-dans-les-etablissements","category-non-classe","category-pyrenees-atlantiques-64","tag-architecture","tag-oloron","tag-patrimoine","nodate","item-wrap"],"_links":{"self":[{"href":"https:\/\/ent2d.ac-bordeaux.fr\/disciplines\/semaine-des-maths\/wp-json\/wp\/v2\/posts\/6131","targetHints":{"allow":["GET"]}}],"collection":[{"href":"https:\/\/ent2d.ac-bordeaux.fr\/disciplines\/semaine-des-maths\/wp-json\/wp\/v2\/posts"}],"about":[{"href":"https:\/\/ent2d.ac-bordeaux.fr\/disciplines\/semaine-des-maths\/wp-json\/wp\/v2\/types\/post"}],"author":[{"embeddable":true,"href":"https:\/\/ent2d.ac-bordeaux.fr\/disciplines\/semaine-des-maths\/wp-json\/wp\/v2\/users\/506"}],"replies":[{"embeddable":true,"href":"https:\/\/ent2d.ac-bordeaux.fr\/disciplines\/semaine-des-maths\/wp-json\/wp\/v2\/comments?post=6131"}],"version-history":[{"count":7,"href":"https:\/\/ent2d.ac-bordeaux.fr\/disciplines\/semaine-des-maths\/wp-json\/wp\/v2\/posts\/6131\/revisions"}],"predecessor-version":[{"id":6267,"href":"https:\/\/ent2d.ac-bordeaux.fr\/disciplines\/semaine-des-maths\/wp-json\/wp\/v2\/posts\/6131\/revisions\/6267"}],"wp:attachment":[{"href":"https:\/\/ent2d.ac-bordeaux.fr\/disciplines\/semaine-des-maths\/wp-json\/wp\/v2\/media?parent=6131"}],"wp:term":[{"taxonomy":"category","embeddable":true,"href":"https:\/\/ent2d.ac-bordeaux.fr\/disciplines\/semaine-des-maths\/wp-json\/wp\/v2\/categories?post=6131"},{"taxonomy":"post_tag","embeddable":true,"href":"https:\/\/ent2d.ac-bordeaux.fr\/disciplines\/semaine-des-maths\/wp-json\/wp\/v2\/tags?post=6131"}],"curies":[{"name":"wp","href":"https:\/\/api.w.org\/{rel}","templated":true}]}}