{"id":6124,"date":"2023-03-19T22:46:32","date_gmt":"2023-03-19T21:46:32","guid":{"rendered":"https:\/\/ent2d.ac-bordeaux.fr\/disciplines\/semaine-des-maths\/?p=6124"},"modified":"2023-03-20T08:40:33","modified_gmt":"2023-03-20T07:40:33","slug":"concours-de-mathematiques-des-eleves-en-classe-de-seconde-au-lycee-fernand-daguin-de-merignac","status":"publish","type":"post","link":"https:\/\/ent2d.ac-bordeaux.fr\/disciplines\/semaine-des-maths\/2023\/03\/19\/concours-de-mathematiques-des-eleves-en-classe-de-seconde-au-lycee-fernand-daguin-de-merignac\/","title":{"rendered":"Concours de math\u00e9matiques des \u00e9l\u00e8ves en classe de seconde au lyc\u00e9e Fernand Daguin de M\u00e9rignac"},"content":{"rendered":"\n<p>Depuis maintenant 4 ans, au lyc\u00e9e Fernand Daguin de M\u00e9rignac, on organise chaque<br>ann\u00e9e un grand concours de calcul mental et litt\u00e9ral qui se d\u00e9roule en 3 \u00e9tapes :<\/p>\n\n\n\n<ul class=\"wp-block-list\"><li><strong>\u00c9tape pr\u00e9paratoire<\/strong> : Les \u00e9l\u00e8ves de seconde sont inform\u00e9s de l\u2019existence d\u2019un concours de \u00ab math \u00bb.<br>Pour entra\u00eenement, un exemple de sujet de la 1re \u00e9tape est laiss\u00e9 \u00e0 disposition dans leur ENT.<\/li><li><strong>1re \u00e9tape<\/strong> : qualifications Tous les \u00e9l\u00e8ves de seconde passent un QCM de 40 questions.<br>Ce QCM se passe pendant un cours de math\u00e9matiques et dure 30 minutes.<br>La meilleure classe (en moyenne) est d\u00e9clar\u00e9e victorieuse.<\/li><li><strong>2e \u00e9tape<\/strong> : s\u00e9lections<br>Les meilleurs \u00e9l\u00e8ves de la 1re \u00e9tape (environ trente \u00e9l\u00e8ves) sont s\u00e9lectionn\u00e9s pour une \u00e9preuve \u00e9crite de 30 questions ouvertes. Il s\u2019agit de questions vari\u00e9es de calcul mental (puissances, fractions, racines carr\u00e9es\u2026) mais \u00e9galement de calcul litt\u00e9ral (identit\u00e9s remarquables, d\u00e9veloppement, factorisation\u2026.). Un exemple de sujet de ces premi\u00e8res \u00e9tapes est jointe \u00e0 ce message.<\/li><li><strong>3e \u00e9tape : \u00e9preuve orale<\/strong><br>Les 8 meilleurs s&#8217;affrontent pendant la semaine des math\u00e9matiques dans une finale type \u00ab questions pour un champion \u00bb. Les professeurs de math\u00e9matiques sont invit\u00e9s \u00e0 venir assister \u00e0 la finale avec leur classe.<br>Les \u00e9l\u00e8ves commencent par s\u2019affronter par groupe de 4 et les deux meilleurs de chaque sont s\u00e9lectionn\u00e9s pour la finale. Lors de la finale, on proc\u00e8de par \u00e9limination.<br>Cette \u00e9tape qui g\u00e9n\u00e8re du stress est formatrice pour certains \u00e9l\u00e8ves qui n\u2019ont pas l\u2019habitude de s\u2019exprimer \u00e0 l\u2019 oral devant un large public. Des bons cadeaux Cultura sont distribu\u00e9s aux 8 finalistes et la classe qui a obtenu la meilleure moyenne \u00e0 l&#8217;\u00e9tape 1 est r\u00e9compens\u00e9e par un go\u00fbter.<br>Cette ann\u00e9e, la finale a eu lieu lundi 13 mars au matin et le public \u00e9tait nombreux pour encourager nos 8 finalistes. Pas moins de 3 classes ont donn\u00e9 de la voix pour encourager leur favori !<br>Mme Anne Gravelines et Mme Claire Rouvi\u00e8re<\/li><\/ul>\n\n\n\n<p> Voici un exemple de Sujet de concours :<\/p>\n\n\n\n<div class=\"wp-block-file\"><a href=\"https:\/\/ent2d.ac-bordeaux.fr\/disciplines\/semaine-des-maths\/wp-content\/uploads\/sites\/17\/2023\/03\/Exemple_Sujet_Concours_Math_Daguin.pdf\">Exemple_Sujet_Concours_Math_Daguin<\/a><a href=\"https:\/\/ent2d.ac-bordeaux.fr\/disciplines\/semaine-des-maths\/wp-content\/uploads\/sites\/17\/2023\/03\/Exemple_Sujet_Concours_Math_Daguin.pdf\" class=\"wp-block-file__button\" download>T\u00e9l\u00e9charger<\/a><\/div>\n\n\n\n<p><\/p>\n","protected":false},"excerpt":{"rendered":"<p>Depuis maintenant 4 ans, au lyc\u00e9e Fernand Daguin de M\u00e9rignac, on organise chaqueann\u00e9e un grand concours de calcul mental et litt\u00e9ral qui se d\u00e9roule en 3 \u00e9tapes : \u00c9tape pr\u00e9paratoire : Les \u00e9l\u00e8ves de seconde sont inform\u00e9s de l\u2019existence d\u2019un concours de \u00ab math \u00bb.Pour entra\u00eenement, un exemple de sujet de la 1re \u00e9tape est &hellip; <\/p>\n<p><a class=\"more-link btn\" href=\"https:\/\/ent2d.ac-bordeaux.fr\/disciplines\/semaine-des-maths\/2023\/03\/19\/concours-de-mathematiques-des-eleves-en-classe-de-seconde-au-lycee-fernand-daguin-de-merignac\/\">Lire la suite<\/a><\/p>\n","protected":false},"author":2011,"featured_media":0,"comment_status":"closed","ping_status":"closed","sticky":false,"template":"","format":"standard","meta":{"footnotes":""},"categories":[3,66,10],"tags":[],"class_list":["post-6124","post","type-post","status-publish","format-standard","hentry","category-a-la-une","category-annee-2023","category-gironde-33","nodate","item-wrap"],"_links":{"self":[{"href":"https:\/\/ent2d.ac-bordeaux.fr\/disciplines\/semaine-des-maths\/wp-json\/wp\/v2\/posts\/6124","targetHints":{"allow":["GET"]}}],"collection":[{"href":"https:\/\/ent2d.ac-bordeaux.fr\/disciplines\/semaine-des-maths\/wp-json\/wp\/v2\/posts"}],"about":[{"href":"https:\/\/ent2d.ac-bordeaux.fr\/disciplines\/semaine-des-maths\/wp-json\/wp\/v2\/types\/post"}],"author":[{"embeddable":true,"href":"https:\/\/ent2d.ac-bordeaux.fr\/disciplines\/semaine-des-maths\/wp-json\/wp\/v2\/users\/2011"}],"replies":[{"embeddable":true,"href":"https:\/\/ent2d.ac-bordeaux.fr\/disciplines\/semaine-des-maths\/wp-json\/wp\/v2\/comments?post=6124"}],"version-history":[{"count":3,"href":"https:\/\/ent2d.ac-bordeaux.fr\/disciplines\/semaine-des-maths\/wp-json\/wp\/v2\/posts\/6124\/revisions"}],"predecessor-version":[{"id":6128,"href":"https:\/\/ent2d.ac-bordeaux.fr\/disciplines\/semaine-des-maths\/wp-json\/wp\/v2\/posts\/6124\/revisions\/6128"}],"wp:attachment":[{"href":"https:\/\/ent2d.ac-bordeaux.fr\/disciplines\/semaine-des-maths\/wp-json\/wp\/v2\/media?parent=6124"}],"wp:term":[{"taxonomy":"category","embeddable":true,"href":"https:\/\/ent2d.ac-bordeaux.fr\/disciplines\/semaine-des-maths\/wp-json\/wp\/v2\/categories?post=6124"},{"taxonomy":"post_tag","embeddable":true,"href":"https:\/\/ent2d.ac-bordeaux.fr\/disciplines\/semaine-des-maths\/wp-json\/wp\/v2\/tags?post=6124"}],"curies":[{"name":"wp","href":"https:\/\/api.w.org\/{rel}","templated":true}]}}