{"id":6112,"date":"2023-03-09T19:07:22","date_gmt":"2023-03-09T18:07:22","guid":{"rendered":"https:\/\/ent2d.ac-bordeaux.fr\/disciplines\/semaine-des-maths\/?p=6112"},"modified":"2023-03-09T20:22:50","modified_gmt":"2023-03-09T19:22:50","slug":"cap-sciences-a-lheure-de-la-semaine-des-mathematiques","status":"publish","type":"post","link":"https:\/\/ent2d.ac-bordeaux.fr\/disciplines\/semaine-des-maths\/2023\/03\/09\/cap-sciences-a-lheure-de-la-semaine-des-mathematiques\/","title":{"rendered":"Cap Sciences \u00e0 l&#8217;heure de la semaine des math\u00e9matiques"},"content":{"rendered":"\n<p>Aujourd&#8217;hui, deux classes de seconde du lyc\u00e9e Victor Louis ont assist\u00e9 \u00e0 une animation organis\u00e9e par Cap Sciences \u00e0 l&#8217;occasion de la semaine des math\u00e9matiques. Les \u00e9l\u00e8ves ont tout d&#8217;abord \u00e9chang\u00e9 avec une intervenante d&#8217;Arte sur l&#8217;omnipr\u00e9sence des math\u00e9matiques dans notre soci\u00e9t\u00e9, puis ils ont visionn\u00e9 deux \u00e9pisodes de <a rel=\"noreferrer noopener\" href=\"https:\/\/www.arte.tv\/fr\/videos\/RC-021426\/voyages-au-pays-des-maths\/\" data-type=\"URL\" data-id=\"https:\/\/www.arte.tv\/fr\/videos\/RC-021426\/voyages-au-pays-des-maths\/\" target=\"_blank\">&#8220;Voyage au pays des Maths&#8221; : les nombres irrationnels et la loi de Benford.<\/a> Ils ont enfin particip\u00e9 \u00e0 un atelier d&#8217;initiation aux \u00e9checs avec le pr\u00e9sident du club de Bordeaux Echecs. Ils ont commenc\u00e9 par apprendre les rudiments du jeu puis, ils ont fait des parall\u00e8les entre les \u00e9checs et les math\u00e9matiques, en comptant par exemple le nombre de carr\u00e9s dans un \u00e9chiquier ou en remarquant que le d\u00e9placement des pi\u00e8ces pouvait s&#8217;apparenter \u00e0 un d\u00e9placement vectoriel. <\/p>\n\n\n\n<p>C&#8217;\u00e9tait l&#8217;occasion d&#8217;une sortie \u00e0 la fois ludique et instructive pour d\u00e9couvrir o\u00f9 se cachent les math\u00e9matiques !<\/p>\n\n\n\n<figure class=\"wp-block-image size-full\"><img loading=\"lazy\" decoding=\"async\" width=\"1024\" height=\"1024\" src=\"https:\/\/ent2d.ac-bordeaux.fr\/disciplines\/semaine-des-maths\/wp-content\/uploads\/sites\/17\/2023\/03\/IMG_20230309_144300.jpg\" alt=\"\" class=\"wp-image-6114\" srcset=\"https:\/\/ent2d.ac-bordeaux.fr\/disciplines\/semaine-des-maths\/wp-content\/uploads\/sites\/17\/2023\/03\/IMG_20230309_144300.jpg 1024w, https:\/\/ent2d.ac-bordeaux.fr\/disciplines\/semaine-des-maths\/wp-content\/uploads\/sites\/17\/2023\/03\/IMG_20230309_144300-300x300.jpg 300w, https:\/\/ent2d.ac-bordeaux.fr\/disciplines\/semaine-des-maths\/wp-content\/uploads\/sites\/17\/2023\/03\/IMG_20230309_144300-150x150.jpg 150w, https:\/\/ent2d.ac-bordeaux.fr\/disciplines\/semaine-des-maths\/wp-content\/uploads\/sites\/17\/2023\/03\/IMG_20230309_144300-768x768.jpg 768w, https:\/\/ent2d.ac-bordeaux.fr\/disciplines\/semaine-des-maths\/wp-content\/uploads\/sites\/17\/2023\/03\/IMG_20230309_144300-1536x1536.jpg 1536w\" sizes=\"auto, (max-width: 1024px) 100vw, 1024px\" \/><\/figure>\n\n\n\n<figure class=\"wp-block-image size-full\"><img loading=\"lazy\" decoding=\"async\" width=\"1024\" height=\"1024\" src=\"https:\/\/ent2d.ac-bordeaux.fr\/disciplines\/semaine-des-maths\/wp-content\/uploads\/sites\/17\/2023\/03\/IMG_20230309_164640.jpg\" alt=\"\" class=\"wp-image-6115\" srcset=\"https:\/\/ent2d.ac-bordeaux.fr\/disciplines\/semaine-des-maths\/wp-content\/uploads\/sites\/17\/2023\/03\/IMG_20230309_164640.jpg 1024w, https:\/\/ent2d.ac-bordeaux.fr\/disciplines\/semaine-des-maths\/wp-content\/uploads\/sites\/17\/2023\/03\/IMG_20230309_164640-300x300.jpg 300w, https:\/\/ent2d.ac-bordeaux.fr\/disciplines\/semaine-des-maths\/wp-content\/uploads\/sites\/17\/2023\/03\/IMG_20230309_164640-150x150.jpg 150w, https:\/\/ent2d.ac-bordeaux.fr\/disciplines\/semaine-des-maths\/wp-content\/uploads\/sites\/17\/2023\/03\/IMG_20230309_164640-768x768.jpg 768w, https:\/\/ent2d.ac-bordeaux.fr\/disciplines\/semaine-des-maths\/wp-content\/uploads\/sites\/17\/2023\/03\/IMG_20230309_164640-1536x1536.jpg 1536w\" sizes=\"auto, (max-width: 1024px) 100vw, 1024px\" \/><\/figure>\n","protected":false},"excerpt":{"rendered":"<p>Aujourd&#8217;hui, deux classes de seconde du lyc\u00e9e Victor Louis ont assist\u00e9 \u00e0 une animation organis\u00e9e par Cap Sciences \u00e0 l&#8217;occasion de la semaine des math\u00e9matiques. Les \u00e9l\u00e8ves ont tout d&#8217;abord \u00e9chang\u00e9 avec une intervenante d&#8217;Arte sur l&#8217;omnipr\u00e9sence des math\u00e9matiques dans notre soci\u00e9t\u00e9, puis ils ont visionn\u00e9 deux \u00e9pisodes de &#8220;Voyage au pays des Maths&#8221; : &hellip; <\/p>\n<p><a class=\"more-link btn\" href=\"https:\/\/ent2d.ac-bordeaux.fr\/disciplines\/semaine-des-maths\/2023\/03\/09\/cap-sciences-a-lheure-de-la-semaine-des-mathematiques\/\">Lire la suite<\/a><\/p>\n","protected":false},"author":895,"featured_media":6117,"comment_status":"closed","ping_status":"closed","sticky":false,"template":"","format":"standard","meta":{"footnotes":""},"categories":[3,66,5,10,67,1,34],"tags":[],"class_list":["post-6112","post","type-post","status-publish","format-standard","has-post-thumbnail","hentry","category-a-la-une","category-annee-2023","category-conferences-evenements-expositions","category-gironde-33","category-mathematiques-a-la-carte","category-non-classe","category-offre-danimations","nodate","item-wrap"],"_links":{"self":[{"href":"https:\/\/ent2d.ac-bordeaux.fr\/disciplines\/semaine-des-maths\/wp-json\/wp\/v2\/posts\/6112","targetHints":{"allow":["GET"]}}],"collection":[{"href":"https:\/\/ent2d.ac-bordeaux.fr\/disciplines\/semaine-des-maths\/wp-json\/wp\/v2\/posts"}],"about":[{"href":"https:\/\/ent2d.ac-bordeaux.fr\/disciplines\/semaine-des-maths\/wp-json\/wp\/v2\/types\/post"}],"author":[{"embeddable":true,"href":"https:\/\/ent2d.ac-bordeaux.fr\/disciplines\/semaine-des-maths\/wp-json\/wp\/v2\/users\/895"}],"replies":[{"embeddable":true,"href":"https:\/\/ent2d.ac-bordeaux.fr\/disciplines\/semaine-des-maths\/wp-json\/wp\/v2\/comments?post=6112"}],"version-history":[{"count":6,"href":"https:\/\/ent2d.ac-bordeaux.fr\/disciplines\/semaine-des-maths\/wp-json\/wp\/v2\/posts\/6112\/revisions"}],"predecessor-version":[{"id":6122,"href":"https:\/\/ent2d.ac-bordeaux.fr\/disciplines\/semaine-des-maths\/wp-json\/wp\/v2\/posts\/6112\/revisions\/6122"}],"wp:featuredmedia":[{"embeddable":true,"href":"https:\/\/ent2d.ac-bordeaux.fr\/disciplines\/semaine-des-maths\/wp-json\/wp\/v2\/media\/6117"}],"wp:attachment":[{"href":"https:\/\/ent2d.ac-bordeaux.fr\/disciplines\/semaine-des-maths\/wp-json\/wp\/v2\/media?parent=6112"}],"wp:term":[{"taxonomy":"category","embeddable":true,"href":"https:\/\/ent2d.ac-bordeaux.fr\/disciplines\/semaine-des-maths\/wp-json\/wp\/v2\/categories?post=6112"},{"taxonomy":"post_tag","embeddable":true,"href":"https:\/\/ent2d.ac-bordeaux.fr\/disciplines\/semaine-des-maths\/wp-json\/wp\/v2\/tags?post=6112"}],"curies":[{"name":"wp","href":"https:\/\/api.w.org\/{rel}","templated":true}]}}