{"id":5902,"date":"2023-01-28T17:48:55","date_gmt":"2023-01-28T16:48:55","guid":{"rendered":"https:\/\/ent2d.ac-bordeaux.fr\/disciplines\/semaine-des-maths\/?p=5902"},"modified":"2023-01-28T17:50:31","modified_gmt":"2023-01-28T16:50:31","slug":"le-guide-de-la-semaine-des-maths-2023-est-enfin-disponible","status":"publish","type":"post","link":"https:\/\/ent2d.ac-bordeaux.fr\/disciplines\/semaine-des-maths\/2023\/01\/28\/le-guide-de-la-semaine-des-maths-2023-est-enfin-disponible\/","title":{"rendered":"Le guide de la semaine des maths 2023 est enfin disponible !"},"content":{"rendered":"<p><img loading=\"lazy\" decoding=\"async\" class=\"size-medium wp-image-5904 alignright\" src=\"https:\/\/ent2d.ac-bordeaux.fr\/disciplines\/semaine-des-maths\/wp-content\/uploads\/sites\/17\/2023\/01\/2023_semaine-maths_BANNER_1340x730-300x163.jpg\" alt=\"\" width=\"300\" height=\"163\" srcset=\"https:\/\/ent2d.ac-bordeaux.fr\/disciplines\/semaine-des-maths\/wp-content\/uploads\/sites\/17\/2023\/01\/2023_semaine-maths_BANNER_1340x730-300x163.jpg 300w, https:\/\/ent2d.ac-bordeaux.fr\/disciplines\/semaine-des-maths\/wp-content\/uploads\/sites\/17\/2023\/01\/2023_semaine-maths_BANNER_1340x730-768x418.jpg 768w, https:\/\/ent2d.ac-bordeaux.fr\/disciplines\/semaine-des-maths\/wp-content\/uploads\/sites\/17\/2023\/01\/2023_semaine-maths_BANNER_1340x730.jpg 1024w\" sizes=\"auto, (max-width: 300px) 100vw, 300px\" \/>Le <a href=\"https:\/\/ent2d.ac-bordeaux.fr\/disciplines\/semaine-des-maths\/wp-content\/uploads\/sites\/17\/2023\/01\/2023_semaine-maths_guide.pdf\">guide<\/a> \u00e0 la carte propose de nombreuses pistes d\u2019activit\u00e9s pour ouvrir les math\u00e9matiques \u00e0 de nouveaux champs d\u2019application p\u00e9dagogique, et de multiples outils pour amener filles et gar\u00e7ons \u00e0 (re)d\u00e9couvrir la diversit\u00e9 des d\u00e9couvertes li\u00e9es aux math\u00e9matiques.<\/p>\n","protected":false},"excerpt":{"rendered":"<p>Le guide \u00e0 la carte propose de nombreuses pistes d\u2019activit\u00e9s pour ouvrir les math\u00e9matiques \u00e0 de nouveaux champs d\u2019application p\u00e9dagogique, et de multiples outils pour amener filles et gar\u00e7ons \u00e0 (re)d\u00e9couvrir la diversit\u00e9 des d\u00e9couvertes li\u00e9es aux math\u00e9matiques.<\/p>\n","protected":false},"author":895,"featured_media":0,"comment_status":"closed","ping_status":"closed","sticky":false,"template":"","format":"standard","meta":{"footnotes":""},"categories":[3,66,5,67,34,14],"tags":[],"class_list":["post-5902","post","type-post","status-publish","format-standard","hentry","category-a-la-une","category-annee-2023","category-conferences-evenements-expositions","category-mathematiques-a-la-carte","category-offre-danimations","category-ressources","nodate","item-wrap"],"_links":{"self":[{"href":"https:\/\/ent2d.ac-bordeaux.fr\/disciplines\/semaine-des-maths\/wp-json\/wp\/v2\/posts\/5902","targetHints":{"allow":["GET"]}}],"collection":[{"href":"https:\/\/ent2d.ac-bordeaux.fr\/disciplines\/semaine-des-maths\/wp-json\/wp\/v2\/posts"}],"about":[{"href":"https:\/\/ent2d.ac-bordeaux.fr\/disciplines\/semaine-des-maths\/wp-json\/wp\/v2\/types\/post"}],"author":[{"embeddable":true,"href":"https:\/\/ent2d.ac-bordeaux.fr\/disciplines\/semaine-des-maths\/wp-json\/wp\/v2\/users\/895"}],"replies":[{"embeddable":true,"href":"https:\/\/ent2d.ac-bordeaux.fr\/disciplines\/semaine-des-maths\/wp-json\/wp\/v2\/comments?post=5902"}],"version-history":[{"count":1,"href":"https:\/\/ent2d.ac-bordeaux.fr\/disciplines\/semaine-des-maths\/wp-json\/wp\/v2\/posts\/5902\/revisions"}],"predecessor-version":[{"id":5905,"href":"https:\/\/ent2d.ac-bordeaux.fr\/disciplines\/semaine-des-maths\/wp-json\/wp\/v2\/posts\/5902\/revisions\/5905"}],"wp:attachment":[{"href":"https:\/\/ent2d.ac-bordeaux.fr\/disciplines\/semaine-des-maths\/wp-json\/wp\/v2\/media?parent=5902"}],"wp:term":[{"taxonomy":"category","embeddable":true,"href":"https:\/\/ent2d.ac-bordeaux.fr\/disciplines\/semaine-des-maths\/wp-json\/wp\/v2\/categories?post=5902"},{"taxonomy":"post_tag","embeddable":true,"href":"https:\/\/ent2d.ac-bordeaux.fr\/disciplines\/semaine-des-maths\/wp-json\/wp\/v2\/tags?post=5902"}],"curies":[{"name":"wp","href":"https:\/\/api.w.org\/{rel}","templated":true}]}}