{"id":5854,"date":"2023-01-07T20:31:04","date_gmt":"2023-01-07T19:31:04","guid":{"rendered":"https:\/\/ent2d.ac-bordeaux.fr\/disciplines\/semaine-des-maths\/?p=5854"},"modified":"2023-01-10T18:30:28","modified_gmt":"2023-01-10T17:30:28","slug":"digipad-de-sonia-marichal-sur-le-theme-mathematiques-a-la-carte","status":"publish","type":"post","link":"https:\/\/ent2d.ac-bordeaux.fr\/disciplines\/semaine-des-maths\/2023\/01\/07\/digipad-de-sonia-marichal-sur-le-theme-mathematiques-a-la-carte\/","title":{"rendered":"Digipad de Sonia Marichal sur le th\u00e8me &#8220;Math\u00e9matiques \u00e0 la carte&#8221;"},"content":{"rendered":"<p>Sonia Marichal nous partage son <a href=\"https:\/\/digipad.app\/p\/296266\/6d81f7430b2d?s=09\">digipad<\/a> sur le th\u00e8me &#8220;Math\u00e9matiques \u00e0 la carte&#8221; : cartes \u00e0 jouer, cartographie, math\u00e9magie, des menus math\u00e9matiques&#8230;<img loading=\"lazy\" decoding=\"async\" class=\"wp-image-5855 alignleft\" src=\"https:\/\/ent2d.ac-bordeaux.fr\/disciplines\/semaine-des-maths\/wp-content\/uploads\/sites\/17\/2023\/01\/Capture-1-300x141.png\" alt=\"\" width=\"699\" height=\"329\" srcset=\"https:\/\/ent2d.ac-bordeaux.fr\/disciplines\/semaine-des-maths\/wp-content\/uploads\/sites\/17\/2023\/01\/Capture-1-300x141.png 300w, https:\/\/ent2d.ac-bordeaux.fr\/disciplines\/semaine-des-maths\/wp-content\/uploads\/sites\/17\/2023\/01\/Capture-1-768x360.png 768w, https:\/\/ent2d.ac-bordeaux.fr\/disciplines\/semaine-des-maths\/wp-content\/uploads\/sites\/17\/2023\/01\/Capture-1-1536x720.png 1536w, https:\/\/ent2d.ac-bordeaux.fr\/disciplines\/semaine-des-maths\/wp-content\/uploads\/sites\/17\/2023\/01\/Capture-1.png 1024w\" sizes=\"auto, (max-width: 699px) 100vw, 699px\" \/><\/p>\n","protected":false},"excerpt":{"rendered":"<p>Sonia Marichal nous partage son digipad sur le th\u00e8me &#8220;Math\u00e9matiques \u00e0 la carte&#8221; : cartes \u00e0 jouer, cartographie, math\u00e9magie, des menus math\u00e9matiques&#8230;<\/p>\n","protected":false},"author":895,"featured_media":0,"comment_status":"closed","ping_status":"closed","sticky":false,"template":"","format":"standard","meta":{"footnotes":""},"categories":[3,66,67],"tags":[],"class_list":["post-5854","post","type-post","status-publish","format-standard","hentry","category-a-la-une","category-annee-2023","category-mathematiques-a-la-carte","nodate","item-wrap"],"_links":{"self":[{"href":"https:\/\/ent2d.ac-bordeaux.fr\/disciplines\/semaine-des-maths\/wp-json\/wp\/v2\/posts\/5854","targetHints":{"allow":["GET"]}}],"collection":[{"href":"https:\/\/ent2d.ac-bordeaux.fr\/disciplines\/semaine-des-maths\/wp-json\/wp\/v2\/posts"}],"about":[{"href":"https:\/\/ent2d.ac-bordeaux.fr\/disciplines\/semaine-des-maths\/wp-json\/wp\/v2\/types\/post"}],"author":[{"embeddable":true,"href":"https:\/\/ent2d.ac-bordeaux.fr\/disciplines\/semaine-des-maths\/wp-json\/wp\/v2\/users\/895"}],"replies":[{"embeddable":true,"href":"https:\/\/ent2d.ac-bordeaux.fr\/disciplines\/semaine-des-maths\/wp-json\/wp\/v2\/comments?post=5854"}],"version-history":[{"count":8,"href":"https:\/\/ent2d.ac-bordeaux.fr\/disciplines\/semaine-des-maths\/wp-json\/wp\/v2\/posts\/5854\/revisions"}],"predecessor-version":[{"id":5869,"href":"https:\/\/ent2d.ac-bordeaux.fr\/disciplines\/semaine-des-maths\/wp-json\/wp\/v2\/posts\/5854\/revisions\/5869"}],"wp:attachment":[{"href":"https:\/\/ent2d.ac-bordeaux.fr\/disciplines\/semaine-des-maths\/wp-json\/wp\/v2\/media?parent=5854"}],"wp:term":[{"taxonomy":"category","embeddable":true,"href":"https:\/\/ent2d.ac-bordeaux.fr\/disciplines\/semaine-des-maths\/wp-json\/wp\/v2\/categories?post=5854"},{"taxonomy":"post_tag","embeddable":true,"href":"https:\/\/ent2d.ac-bordeaux.fr\/disciplines\/semaine-des-maths\/wp-json\/wp\/v2\/tags?post=5854"}],"curies":[{"name":"wp","href":"https:\/\/api.w.org\/{rel}","templated":true}]}}