{"id":5624,"date":"2022-03-20T15:18:26","date_gmt":"2022-03-20T14:18:26","guid":{"rendered":"https:\/\/ent2d.ac-bordeaux.fr\/disciplines\/semaine-des-maths\/?p=5624"},"modified":"2022-06-07T16:49:27","modified_gmt":"2022-06-07T14:49:27","slug":"des-sacs-a-maths-a-emprunter","status":"publish","type":"post","link":"https:\/\/ent2d.ac-bordeaux.fr\/disciplines\/semaine-des-maths\/2022\/03\/20\/des-sacs-a-maths-a-emprunter\/","title":{"rendered":"Proposez des Sacs \u00e0 Maths \u00e0 vos \u00e9l\u00e8ves."},"content":{"rendered":"<p><img loading=\"lazy\" decoding=\"async\" class=\"wp-image-5635 alignright\" src=\"https:\/\/ent2d.ac-bordeaux.fr\/disciplines\/semaine-des-maths\/wp-content\/uploads\/sites\/17\/2022\/03\/img_2672-1-scaled.jpg\" alt=\"\" width=\"178\" height=\"134\" srcset=\"https:\/\/ent2d.ac-bordeaux.fr\/disciplines\/semaine-des-maths\/wp-content\/uploads\/sites\/17\/2022\/03\/img_2672-1-scaled.jpg 1024w, https:\/\/ent2d.ac-bordeaux.fr\/disciplines\/semaine-des-maths\/wp-content\/uploads\/sites\/17\/2022\/03\/img_2672-1-300x225.jpg 300w, https:\/\/ent2d.ac-bordeaux.fr\/disciplines\/semaine-des-maths\/wp-content\/uploads\/sites\/17\/2022\/03\/img_2672-1-768x576.jpg 768w, https:\/\/ent2d.ac-bordeaux.fr\/disciplines\/semaine-des-maths\/wp-content\/uploads\/sites\/17\/2022\/03\/img_2672-1-1536x1152.jpg 1536w, https:\/\/ent2d.ac-bordeaux.fr\/disciplines\/semaine-des-maths\/wp-content\/uploads\/sites\/17\/2022\/03\/img_2672-1-2048x1536.jpg 2048w\" sizes=\"auto, (max-width: 178px) 100vw, 178px\" \/><\/p>\n<ul>\n<li>Prenez un ouvrage, un jeu et un film en lien avec les maths.<\/li>\n<li>Ajoutez une ou deux activit\u00e9s (d\u00e9coupage, codage, \u00e9nigmes&#8230;) .<\/li>\n<li>Mettez le tout dans un sac et vous obtiendrez&#8230;un Sac \u00e0 Maths\u00a0 pr\u00eat \u00e0 \u00eatre emprunt\u00e9 par vos \u00e9l\u00e8ves.<\/li>\n<\/ul>\n<p>&nbsp;<\/p>\n<p>Les sacs \u00e0 maths sont des initiatives de coll\u00e8gues du primaire et du secondaire .\u00a0 Citons, pour le secondaire Sonia MARICHAL, enseignante au coll\u00e8ge et au lyc\u00e9e Saint-\u00c9rembert de Saint-Germain-en-Laye\u00a0 et V\u00e9ronique LE CLEC&#8217;H, enseignante du primaire\u00a0 sur la REP de St Brieu.<\/p>\n<p>Cr\u00e9er du lien avec les famille, rendre les maths plus vivante ludique et attractive, faire entrer les maths dans les chaumi\u00e8res , lire , d\u00e9velopper une culture scientifique &#8230; les sacs \u00e0 maths ont de multiples objectifs.<\/p>\n<div id=\"attachment_5626\" style=\"width: 306px\" class=\"wp-caption alignright\"><img loading=\"lazy\" decoding=\"async\" aria-describedby=\"caption-attachment-5626\" class=\" wp-image-5626\" src=\"https:\/\/ent2d.ac-bordeaux.fr\/disciplines\/semaine-des-maths\/wp-content\/uploads\/sites\/17\/2022\/03\/Sac-a-maths-12-750x563-1.jpg\" alt=\"\" width=\"306\" height=\"230\" srcset=\"https:\/\/ent2d.ac-bordeaux.fr\/disciplines\/semaine-des-maths\/wp-content\/uploads\/sites\/17\/2022\/03\/Sac-a-maths-12-750x563-1.jpg 750w, https:\/\/ent2d.ac-bordeaux.fr\/disciplines\/semaine-des-maths\/wp-content\/uploads\/sites\/17\/2022\/03\/Sac-a-maths-12-750x563-1-300x225.jpg 300w\" sizes=\"auto, (max-width: 306px) 100vw, 306px\" \/><p id=\"caption-attachment-5626\" class=\"wp-caption-text\">Les sacs \u00e0 maths -S.Marechal.<\/p><\/div>\n<p>Les coll\u00e8gues\u00a0 proposent de nombreuses ressources (listes d&#8217;ouvrages, fiches d&#8217;emprunts, charte d&#8217;utilisation, fiche retour d&#8217;\u00e9l\u00e8ves, id\u00e9es d&#8217;activit\u00e9s \u00e0 faire soi-m\u00eame&#8230;) sur leur site, n&#8217;h\u00e9sitez pas \u00e0 les consulter :<\/p>\n<ul>\n<li><a href=\"http:\/\/algorythmes.blogspot.com\/2020\/09\/a-vos-maths-prets-empruntez.html\">Algorythmes -les sacs \u00e0 maths (site de S.Marichal)<\/a><\/li>\n<li><a href=\"http:\/\/www.nurvero.fr\/des-sacs-de-math-a158473524\">Nurvero-les sacs \u00e0 maths (site de V.Le Clec&#8217;h)<\/a><\/li>\n<\/ul>\n<p>Vous pouvez associer une SEGPA ou un lyc\u00e9e professionnel des m\u00e9tiers du bois ou de la mode pour la fabrication de jeux et des sacs.<\/p>\n<p>&nbsp;<\/p>\n<p>Depuis septembre 2021, l&#8217;association <a href=\"https:\/\/lesmathsenscene.fr\/2021\/les-sac-a-maths\/\">les Maths en Sc\u00e8ne <\/a>\u00a0<img loading=\"lazy\" decoding=\"async\" class=\"wp-image-5629 alignright\" src=\"https:\/\/ent2d.ac-bordeaux.fr\/disciplines\/semaine-des-maths\/wp-content\/uploads\/sites\/17\/2022\/03\/a-scaled.jpg\" alt=\"\" width=\"257\" height=\"185\" srcset=\"https:\/\/ent2d.ac-bordeaux.fr\/disciplines\/semaine-des-maths\/wp-content\/uploads\/sites\/17\/2022\/03\/a-scaled.jpg 1024w, https:\/\/ent2d.ac-bordeaux.fr\/disciplines\/semaine-des-maths\/wp-content\/uploads\/sites\/17\/2022\/03\/a-300x217.jpg 300w, https:\/\/ent2d.ac-bordeaux.fr\/disciplines\/semaine-des-maths\/wp-content\/uploads\/sites\/17\/2022\/03\/a-768x555.jpg 768w, https:\/\/ent2d.ac-bordeaux.fr\/disciplines\/semaine-des-maths\/wp-content\/uploads\/sites\/17\/2022\/03\/a-1536x1109.jpg 1536w, https:\/\/ent2d.ac-bordeaux.fr\/disciplines\/semaine-des-maths\/wp-content\/uploads\/sites\/17\/2022\/03\/a-2048x1479.jpg 2048w\" sizes=\"auto, (max-width: 257px) 100vw, 257px\" \/>via la pr\u00e9sidente a propos\u00e9 d&#8217;ajouter la partie du num\u00e9rique dans les sacs \u00e0 maths.<\/p>\n<p>&#8220;Lire, jouer et coder&#8221; pour cr\u00e9er du lien familles et enfants pour la culture math\u00e9matique.<\/p>\n<p>Tout enseignant ou structure \u00e9ducative peut contacter l&#8217;association Les Maths en Sc\u00e8ne \u00e0 l&#8217;adresse : sacamaths@lesmathsenscene.fr .<\/p>\n<p>L&#8217;association peut monter des partenariats pour diffuser les sacs \u00e0 maths.<\/p>\n<p>Les sacs \u00e0 maths dans la R\u00e9gion de Bordeaux pourront \u00eatre r\u00e9cup\u00e9r\u00e9s \u00e0 l&#8217;IREM de Bordeaux apr\u00e8s avoir contact\u00e9 le secr\u00e9tariat.<\/p>\n<p>Dans l&#8217;acad\u00e9mie,\u00a0 Jean Marc Orozco , enseignant \u00e0 l&#8217;\u00e9cole de Geaune (40) et repr\u00e9sentant de\u00a0 Maths en sc\u00e8ne a initi\u00e9 le projet des sacs en maths dans l&#8217;association. Vendredi 19 novembre, \u00e0 l&#8217;\u00e9cole des Ar\u00e8nes de Geaune, <a href=\"https:\/\/echosciences.nouvelle-aquitaine.science\/articles\/sac-a-maths-diffusion-de-la-culture-mathematique\">20 sacs \u00e0 maths<\/a> ont ainsi \u00e9t\u00e9 remis \u00e0 des\u00a0 \u00e9l\u00e8ves de la petite section \u00e0 la sixi\u00e8me.<\/p>\n<div id=\"attachment_5630\" style=\"width: 446px\" class=\"wp-caption aligncenter\"><img loading=\"lazy\" decoding=\"async\" aria-describedby=\"caption-attachment-5630\" class=\"wp-image-5630\" src=\"https:\/\/ent2d.ac-bordeaux.fr\/disciplines\/semaine-des-maths\/wp-content\/uploads\/sites\/17\/2022\/03\/IMG-20220320-WA0013.jpg\" alt=\"\" width=\"446\" height=\"225\" srcset=\"https:\/\/ent2d.ac-bordeaux.fr\/disciplines\/semaine-des-maths\/wp-content\/uploads\/sites\/17\/2022\/03\/IMG-20220320-WA0013.jpg 1024w, https:\/\/ent2d.ac-bordeaux.fr\/disciplines\/semaine-des-maths\/wp-content\/uploads\/sites\/17\/2022\/03\/IMG-20220320-WA0013-300x151.jpg 300w, https:\/\/ent2d.ac-bordeaux.fr\/disciplines\/semaine-des-maths\/wp-content\/uploads\/sites\/17\/2022\/03\/IMG-20220320-WA0013-768x387.jpg 768w, https:\/\/ent2d.ac-bordeaux.fr\/disciplines\/semaine-des-maths\/wp-content\/uploads\/sites\/17\/2022\/03\/IMG-20220320-WA0013-1536x775.jpg 1536w\" sizes=\"auto, (max-width: 446px) 100vw, 446px\" \/><p id=\"caption-attachment-5630\" class=\"wp-caption-text\">Pr\u00e9sentation des sacs \u00e0 maths par JM Orozco \u00e0 la journ\u00e9e de l&#8217;Innovation de la Cardie &#8211; mars 2022.<\/p><\/div>\n<p>&nbsp;<\/p>\n","protected":false},"excerpt":{"rendered":"<p>Prenez un ouvrage, un jeu et un film en lien avec les maths. Ajoutez une ou deux activit\u00e9s (d\u00e9coupage, codage, \u00e9nigmes&#8230;) . Mettez le tout dans un sac et vous obtiendrez&#8230;un Sac \u00e0 Maths\u00a0 pr\u00eat \u00e0 \u00eatre emprunt\u00e9 par vos \u00e9l\u00e8ves. &nbsp; Les sacs \u00e0 maths sont des initiatives de coll\u00e8gues du primaire et du &hellip; <\/p>\n<p><a class=\"more-link btn\" href=\"https:\/\/ent2d.ac-bordeaux.fr\/disciplines\/semaine-des-maths\/2022\/03\/20\/des-sacs-a-maths-a-emprunter\/\">Lire la suite<\/a><\/p>\n","protected":false},"author":506,"featured_media":5626,"comment_status":"closed","ping_status":"closed","sticky":false,"template":"","format":"standard","meta":{"footnotes":""},"categories":[2,63,6,34,14],"tags":[],"class_list":["post-5624","post","type-post","status-publish","format-standard","has-post-thumbnail","hentry","category-1er-degre","category-annee-2022","category-dans-les-etablissements","category-offre-danimations","category-ressources","nodate","item-wrap"],"_links":{"self":[{"href":"https:\/\/ent2d.ac-bordeaux.fr\/disciplines\/semaine-des-maths\/wp-json\/wp\/v2\/posts\/5624","targetHints":{"allow":["GET"]}}],"collection":[{"href":"https:\/\/ent2d.ac-bordeaux.fr\/disciplines\/semaine-des-maths\/wp-json\/wp\/v2\/posts"}],"about":[{"href":"https:\/\/ent2d.ac-bordeaux.fr\/disciplines\/semaine-des-maths\/wp-json\/wp\/v2\/types\/post"}],"author":[{"embeddable":true,"href":"https:\/\/ent2d.ac-bordeaux.fr\/disciplines\/semaine-des-maths\/wp-json\/wp\/v2\/users\/506"}],"replies":[{"embeddable":true,"href":"https:\/\/ent2d.ac-bordeaux.fr\/disciplines\/semaine-des-maths\/wp-json\/wp\/v2\/comments?post=5624"}],"version-history":[{"count":15,"href":"https:\/\/ent2d.ac-bordeaux.fr\/disciplines\/semaine-des-maths\/wp-json\/wp\/v2\/posts\/5624\/revisions"}],"predecessor-version":[{"id":5686,"href":"https:\/\/ent2d.ac-bordeaux.fr\/disciplines\/semaine-des-maths\/wp-json\/wp\/v2\/posts\/5624\/revisions\/5686"}],"wp:featuredmedia":[{"embeddable":true,"href":"https:\/\/ent2d.ac-bordeaux.fr\/disciplines\/semaine-des-maths\/wp-json\/wp\/v2\/media\/5626"}],"wp:attachment":[{"href":"https:\/\/ent2d.ac-bordeaux.fr\/disciplines\/semaine-des-maths\/wp-json\/wp\/v2\/media?parent=5624"}],"wp:term":[{"taxonomy":"category","embeddable":true,"href":"https:\/\/ent2d.ac-bordeaux.fr\/disciplines\/semaine-des-maths\/wp-json\/wp\/v2\/categories?post=5624"},{"taxonomy":"post_tag","embeddable":true,"href":"https:\/\/ent2d.ac-bordeaux.fr\/disciplines\/semaine-des-maths\/wp-json\/wp\/v2\/tags?post=5624"}],"curies":[{"name":"wp","href":"https:\/\/api.w.org\/{rel}","templated":true}]}}