{"id":4913,"date":"2021-02-23T21:39:16","date_gmt":"2021-02-23T20:39:16","guid":{"rendered":"https:\/\/ent2d.ac-bordeaux.fr\/disciplines\/semaine-des-maths\/?p=4913"},"modified":"2021-06-11T02:16:50","modified_gmt":"2021-06-11T00:16:50","slug":"grand-forum-des-mathematiques-vivantes-2021","status":"publish","type":"post","link":"https:\/\/ent2d.ac-bordeaux.fr\/disciplines\/semaine-des-maths\/2021\/02\/23\/grand-forum-des-mathematiques-vivantes-2021\/","title":{"rendered":"Grand Forum des Math\u00e9matiques Vivantes 2021"},"content":{"rendered":"<p>Le <span style=\"font-size: x-large\"><strong>G<\/strong><\/span>rand <span style=\"font-size: x-large\"><strong>F<\/strong><\/span>orum des <span style=\"font-size: x-large\"><strong>M<\/strong><\/span>ath\u00e9matiques <span style=\"font-size: x-large\"><strong>V<\/strong><\/span>ivantes de Lyon, \u00e9v\u00e9nement phare de l\u2019ann\u00e9e des math\u00e9matiques 2019-2020, a \u00e9t\u00e9 report\u00e9 en mars 2021. Dans le contexte sanitaire tr\u00e8s contraint, il se tiendra dans une configuration <b>\u00e0 distance, sur 3 apr\u00e8s-midi du mercredi 10 au vendredi 12 mars 2021.<\/b><\/p>\n<header class=\"major\"><a href=\"https:\/\/gfmv.enseigne.ac-lyon.fr\/distanciel\/accueil.html\"><img loading=\"lazy\" decoding=\"async\" class=\"wp-image-4914 aligncenter\" src=\"https:\/\/ent2d.ac-bordeaux.fr\/disciplines\/semaine-des-maths\/wp-content\/uploads\/sites\/17\/2021\/02\/GFMV-300x66.png\" alt=\"\" width=\"450\" height=\"99\" srcset=\"https:\/\/ent2d.ac-bordeaux.fr\/disciplines\/semaine-des-maths\/wp-content\/uploads\/sites\/17\/2021\/02\/GFMV-300x66.png 300w, https:\/\/ent2d.ac-bordeaux.fr\/disciplines\/semaine-des-maths\/wp-content\/uploads\/sites\/17\/2021\/02\/GFMV-768x168.png 768w, https:\/\/ent2d.ac-bordeaux.fr\/disciplines\/semaine-des-maths\/wp-content\/uploads\/sites\/17\/2021\/02\/GFMV.png 1024w\" sizes=\"auto, (max-width: 450px) 100vw, 450px\" \/><\/a><\/header>\n<p>Un volet ouvert \u00e0 tout public (enseignants du 1er et 2nd degr\u00e9, \u00e9tudiants de master MEEF, professeurs des INSPE, universitaires, partenaires\u2026etc) : <a href=\"https:\/\/gfmv.enseigne.ac-lyon.fr\/distanciel\/visio-1.html\">les conf\u00e9rences, d\u00e9bats, et pr\u00e9sentations des ressources seront accessibles sans inscription \u00e0 partir d&#8217;un lien<\/a>.<\/p>\n<p>Ce sera l\u2019occasion de plonger au c\u0153ur des math\u00e9matiques vivantes avec les conf\u00e9rences touchant aux probl\u00e9matiques de soci\u00e9t\u00e9, de s\u2019informer sur les ressources pour l\u2019enseignement des math\u00e9matiques produites par la Dgesco. Enfin, une conf\u00e9rence d\u00e9bat sur \u00ab L\u2019usage didactique des outils num\u00e9riques dans l\u2019enseignement des math\u00e9matiques, avec un focus sur l\u2019enseignement \u00e0 distance \u00bb et une sur \u00ab le Grand oral en math\u00e9matiques \u00bb nourriront la r\u00e9flexion et les perspectives d\u2019actions.<\/p>\n<p>Pour plus de renseignements, consultez <strong><a href=\"https:\/\/gfmv.enseigne.ac-lyon.fr\/distanciel\/accueil.html\">le site du Grand Forum des Maths Vivantes<\/a><\/strong>.<\/p>\n<h1>Programme des animations ouvertes \u00e0 tous<\/h1>\n<h2 id=\"mercredi\">Mercredi 10 mars<\/h2>\n<ul>\n<li>13h30 &#8211; 14h : Ouverture officielle<\/li>\n<li>14h00 &#8211; 14h45 : Conf\u00e9rencier 1 : Gilles Aldon R\u00e9solution de probl\u00e8mes, une fa\u00e7on de structurer l\u2019enseignement et l\u2019apprentissage des math\u00e9matiques<\/li>\n<li>15h00 &#8211; 15h45 : Conf\u00e9rencier 2: Denis Butlen L\u2019ambition dans les math\u00e9matiques que l\u2019on enseigne, notamment en \u00e9ducation prioritaire<\/li>\n<li>16h00 &#8211; 16h30 : Pr\u00e9sentation des ressources Primaire &#8211; Dgesco<\/li>\n<\/ul>\n<h2>Jeudi 11 mars<\/h2>\n<ul>\n<li>13h30 &#8211; 14h : Pr\u00e9sentation de l&#8217;apr\u00e8s midi &#8211; Etienne Ghys, partenaires<\/li>\n<li>14h00 &#8211; 14h45 : Conf\u00e9rencier 3 : Simon Modeste :L\u2019algorithmique, \u00e0 l\u2019interface des math\u00e9matiques et de l\u2019informatique.Potentiel d\u2019apprentissage tout au long du curriculum<\/li>\n<li>15h00 &#8211; 15h45 : Conf\u00e9renci\u00e8re 4 : Isabelle Regner L&#8217;influence des st\u00e9r\u00e9otypes de genre sur les performances et les auto-\u00e9valuations en math\u00e9matiques des \u00e9l\u00e8ves d\u00e8s l\u2019\u00e9cole primaire<\/li>\n<li>16h00 &#8211; 16h30 : Pr\u00e9sentation des ressources Coll\u00e8ges &#8211; Dgesco<\/li>\n<li>17h30 &#8211; 18h00 : Table ronde : sur \u00ab L&#8217;usage didactique des outils num\u00e9riques dans l&#8217;enseignement des math\u00e9matiques, avec un focus sur l&#8217;enseignement \u00e0 distance<\/li>\n<\/ul>\n<h2>Vendredi 12 mars<\/h2>\n<ul>\n<li>13h30 &#8211; 14h : Pr\u00e9sentation de l&#8217;apr\u00e8s midi &#8211; Etienne Ghys \/ Inspection g\u00e9n\u00e9rale\/ Dgesco<\/li>\n<li>14h00 &#8211; 14h45 : Conf\u00e9renci\u00e8re 5 : Laure Saint-Raymond Marches al\u00e9atoires, une fa\u00e7on ludique d\u2019aborder les probabilit\u00e9s<\/li>\n<li>15h00 &#8211; 15h45 : Conf\u00e9rencier 6 : Vincent Calvez Math\u00e9matiques de la propagation en sciences de la vie<\/li>\n<li>16h00 &#8211; 16h30 : Pr\u00e9sentation des ressources Lyc\u00e9e &#8211; Dgesco<\/li>\n<li>17h30 &#8211; 18h00 : Table ronde : Le Grand Oral en math\u00e9matiques<\/li>\n<\/ul>\n","protected":false},"excerpt":{"rendered":"<p>Du 10 au 12 mars 2021, le Grand Forum des Maths Vivante propose conf\u00e9rences, d\u00e9bats, et pr\u00e9sentations des ressources accessibles en ligne sans inscription. Elles int\u00e9resseront \u00e0 la fois les enseignants du 1er et 2nd degr\u00e9 et les \u00e9tudiants de master MEEF.<\/p>\n","protected":false},"author":895,"featured_media":4914,"comment_status":"closed","ping_status":"closed","sticky":false,"template":"","format":"standard","meta":{"footnotes":""},"categories":[2,62,5,36,35],"tags":[],"class_list":["post-4913","post","type-post","status-publish","format-standard","has-post-thumbnail","hentry","category-1er-degre","category-annee-2021","category-conferences-evenements-expositions","category-formation","category-grand-public","nodate","item-wrap"],"_links":{"self":[{"href":"https:\/\/ent2d.ac-bordeaux.fr\/disciplines\/semaine-des-maths\/wp-json\/wp\/v2\/posts\/4913","targetHints":{"allow":["GET"]}}],"collection":[{"href":"https:\/\/ent2d.ac-bordeaux.fr\/disciplines\/semaine-des-maths\/wp-json\/wp\/v2\/posts"}],"about":[{"href":"https:\/\/ent2d.ac-bordeaux.fr\/disciplines\/semaine-des-maths\/wp-json\/wp\/v2\/types\/post"}],"author":[{"embeddable":true,"href":"https:\/\/ent2d.ac-bordeaux.fr\/disciplines\/semaine-des-maths\/wp-json\/wp\/v2\/users\/895"}],"replies":[{"embeddable":true,"href":"https:\/\/ent2d.ac-bordeaux.fr\/disciplines\/semaine-des-maths\/wp-json\/wp\/v2\/comments?post=4913"}],"version-history":[{"count":8,"href":"https:\/\/ent2d.ac-bordeaux.fr\/disciplines\/semaine-des-maths\/wp-json\/wp\/v2\/posts\/4913\/revisions"}],"predecessor-version":[{"id":4989,"href":"https:\/\/ent2d.ac-bordeaux.fr\/disciplines\/semaine-des-maths\/wp-json\/wp\/v2\/posts\/4913\/revisions\/4989"}],"wp:featuredmedia":[{"embeddable":true,"href":"https:\/\/ent2d.ac-bordeaux.fr\/disciplines\/semaine-des-maths\/wp-json\/wp\/v2\/media\/4914"}],"wp:attachment":[{"href":"https:\/\/ent2d.ac-bordeaux.fr\/disciplines\/semaine-des-maths\/wp-json\/wp\/v2\/media?parent=4913"}],"wp:term":[{"taxonomy":"category","embeddable":true,"href":"https:\/\/ent2d.ac-bordeaux.fr\/disciplines\/semaine-des-maths\/wp-json\/wp\/v2\/categories?post=4913"},{"taxonomy":"post_tag","embeddable":true,"href":"https:\/\/ent2d.ac-bordeaux.fr\/disciplines\/semaine-des-maths\/wp-json\/wp\/v2\/tags?post=4913"}],"curies":[{"name":"wp","href":"https:\/\/api.w.org\/{rel}","templated":true}]}}