{"id":4851,"date":"2020-11-26T11:28:58","date_gmt":"2020-11-26T10:28:58","guid":{"rendered":"https:\/\/ent2d.ac-bordeaux.fr\/disciplines\/semaine-des-maths\/?p=4851"},"modified":"2021-02-28T15:07:29","modified_gmt":"2021-02-28T14:07:29","slug":"colloquium-cfem-ardm-vendredi-27-novembre","status":"publish","type":"post","link":"https:\/\/ent2d.ac-bordeaux.fr\/disciplines\/semaine-des-maths\/2020\/11\/26\/colloquium-cfem-ardm-vendredi-27-novembre\/","title":{"rendered":"Colloquium CFEM-ARDM, vendredi 27 novembre"},"content":{"rendered":"<p>Le Colloquium CFEM-ARDM (Commission Francaise pour l&#8217;enseignement des mathematiques et\u00a0 Association pour la recherche en Didactique des Mathematiques) se tiendra le vendredi 27 novembre apr\u00e8s midi, sur le th\u00e8me \u00ab Appropriation des math\u00e9matiques et usages dans la soci\u00e9t\u00e9 (\u00c9cole, enseignement et\u00a0formation) \u00bb.<\/p>\n<p>Il sera organis\u00e9 cette ann\u00e9e \u00e0 distance, ce sera un Webinaire Zoom, et prendra la forme d\u2019une demi-journ\u00e9e en visio-conf\u00e9rence avec un expos\u00e9 long et deux expos\u00e9s courts suivis d\u2019une table ronde. <a href=\"http:\/\/&lt;img class=&quot; wp-image-4869 alignright&quot; src=&quot;https:\/\/ent2d.ac-bordeaux.fr\/disciplines\/semaine-des-maths\/wp-content\/uploads\/sites\/17\/2021\/02\/semaine-des-maths-2021-211x300.jpg&quot; alt=&quot;&quot; width=&quot;260&quot; height=&quot;370&quot; \/&gt;\">Les inscriptions se font en ligne via la page d\u00e9di\u00e9e<\/a>.<\/p>\n<h1>Programme<\/h1>\n<ul>\n<li>14h00 : <strong>La math\u00e9matique \u00e0 l&#8217;interface des mondes sociaux<\/strong>, par Corinne Hahn, Professeure ESCP BS et chercheuse associ\u00e9e LDAR<\/li>\n<li>15h00 : <strong>Qui a (vraiment) le pouvoir au parlement ?<\/strong> par Antoine Rolland, Laboratoire ERIC , universit\u00e9 Lumi\u00e8re Lyon II<\/li>\n<li>15h30 : <strong>Un dispositif de formation \u00e0 l\u2019enseignement de la mod\u00e9lisation math\u00e9matique<\/strong>, Sonia Yvain-Pr\u00e9biski, CY, Cergy Paris Universit\u00e9, LDAR<\/li>\n<li>16h15-17h : <strong>table ronde<\/strong> avec les 3 intervenants, anim\u00e9e par Simon Modeste, Universit\u00e9 de Montpellier.<\/li>\n<\/ul>\n","protected":false},"excerpt":{"rendered":"<p>Le Colloquium CFEM-ARDM (Commission Francaise pour l&#8217;enseignement des mathematiques et\u00a0 Association pour la recherche en Didactique des Mathematiques) se tiendra le vendredi 27 novembre apr\u00e8s midi, sur le th\u00e8me \u00ab Appropriation des math\u00e9matiques et usages dans la soci\u00e9t\u00e9 (\u00c9cole, enseignement et\u00a0formation) \u00bb. Il sera organis\u00e9 cette ann\u00e9e \u00e0 distance, ce sera un Webinaire Zoom, et &hellip; <\/p>\n<p><a class=\"more-link btn\" href=\"https:\/\/ent2d.ac-bordeaux.fr\/disciplines\/semaine-des-maths\/2020\/11\/26\/colloquium-cfem-ardm-vendredi-27-novembre\/\">Lire la suite<\/a><\/p>\n","protected":false},"author":64,"featured_media":0,"comment_status":"closed","ping_status":"closed","sticky":false,"template":"","format":"standard","meta":{"footnotes":""},"categories":[62,36],"tags":[],"class_list":["post-4851","post","type-post","status-publish","format-standard","hentry","category-annee-2021","category-formation","nodate","item-wrap"],"_links":{"self":[{"href":"https:\/\/ent2d.ac-bordeaux.fr\/disciplines\/semaine-des-maths\/wp-json\/wp\/v2\/posts\/4851","targetHints":{"allow":["GET"]}}],"collection":[{"href":"https:\/\/ent2d.ac-bordeaux.fr\/disciplines\/semaine-des-maths\/wp-json\/wp\/v2\/posts"}],"about":[{"href":"https:\/\/ent2d.ac-bordeaux.fr\/disciplines\/semaine-des-maths\/wp-json\/wp\/v2\/types\/post"}],"author":[{"embeddable":true,"href":"https:\/\/ent2d.ac-bordeaux.fr\/disciplines\/semaine-des-maths\/wp-json\/wp\/v2\/users\/64"}],"replies":[{"embeddable":true,"href":"https:\/\/ent2d.ac-bordeaux.fr\/disciplines\/semaine-des-maths\/wp-json\/wp\/v2\/comments?post=4851"}],"version-history":[{"count":5,"href":"https:\/\/ent2d.ac-bordeaux.fr\/disciplines\/semaine-des-maths\/wp-json\/wp\/v2\/posts\/4851\/revisions"}],"predecessor-version":[{"id":4970,"href":"https:\/\/ent2d.ac-bordeaux.fr\/disciplines\/semaine-des-maths\/wp-json\/wp\/v2\/posts\/4851\/revisions\/4970"}],"wp:attachment":[{"href":"https:\/\/ent2d.ac-bordeaux.fr\/disciplines\/semaine-des-maths\/wp-json\/wp\/v2\/media?parent=4851"}],"wp:term":[{"taxonomy":"category","embeddable":true,"href":"https:\/\/ent2d.ac-bordeaux.fr\/disciplines\/semaine-des-maths\/wp-json\/wp\/v2\/categories?post=4851"},{"taxonomy":"post_tag","embeddable":true,"href":"https:\/\/ent2d.ac-bordeaux.fr\/disciplines\/semaine-des-maths\/wp-json\/wp\/v2\/tags?post=4851"}],"curies":[{"name":"wp","href":"https:\/\/api.w.org\/{rel}","templated":true}]}}