{"id":4674,"date":"2020-02-16T12:20:49","date_gmt":"2020-02-16T11:20:49","guid":{"rendered":"https:\/\/ent2d.ac-bordeaux.fr\/disciplines\/semaine-des-maths\/?p=4674"},"modified":"2020-02-16T17:39:21","modified_gmt":"2020-02-16T16:39:21","slug":"erea-eysines","status":"publish","type":"post","link":"https:\/\/ent2d.ac-bordeaux.fr\/disciplines\/semaine-des-maths\/2020\/02\/16\/erea-eysines\/","title":{"rendered":"A l&#8217;EREA d&#8217;Eysines (33)"},"content":{"rendered":"<p>L&#8217;EREA d&#8217;Eysines participe activement \u00e0 la semaine des math\u00e9matiques 2020 \u00e0 travers plusieurs \u00e9v\u00e9nements<img loading=\"lazy\" decoding=\"async\" class=\"size-medium wp-image-4689 alignright\" src=\"https:\/\/ent2d.ac-bordeaux.fr\/disciplines\/semaine-des-maths\/wp-content\/uploads\/sites\/17\/2020\/02\/PastedGraphic-2-271x300.png\" alt=\"\" width=\"271\" height=\"300\" srcset=\"https:\/\/ent2d.ac-bordeaux.fr\/disciplines\/semaine-des-maths\/wp-content\/uploads\/sites\/17\/2020\/02\/PastedGraphic-2-271x300.png 271w, https:\/\/ent2d.ac-bordeaux.fr\/disciplines\/semaine-des-maths\/wp-content\/uploads\/sites\/17\/2020\/02\/PastedGraphic-2.png 514w\" sizes=\"auto, (max-width: 271px) 100vw, 271px\" \/> pass\u00e9s ou \u00e0 venir :<\/p>\n<ul>\n<li><a href=\"https:\/\/ent2d.ac-bordeaux.fr\/disciplines\/semaine-des-maths\/2019\/09\/11\/concours-affiche-2020\/\">le concours d&#8217;affiches de l&#8217;acad\u00e9mie de Bordeaux<\/a><\/li>\n<li>le concours Algorea<\/li>\n<li>le concours CALCULATICE le jeudi 12 mars<\/li>\n<li>une exposition sur l&#8217;histoire des maths le lundi 9 mars, r\u00e9alis\u00e9e par des \u00e9l\u00e8ves<\/li>\n<li>\u00a0la venue de Cap sciences pour &#8220;math\u00e9magiques&#8221;\u00a0 le mardi 10 mars<\/li>\n<li>un escape game math\u00e9matiques le vendredi 13 mars, cr\u00e9\u00e9 par des \u00e9l\u00e8ves sur un support num\u00e9rique<img loading=\"lazy\" decoding=\"async\" class=\"alignnone wp-image-4690\" src=\"https:\/\/ent2d.ac-bordeaux.fr\/disciplines\/semaine-des-maths\/wp-content\/uploads\/sites\/17\/2020\/02\/PastedGraphic-3-300x132.png\" alt=\"\" width=\"430\" height=\"189\" srcset=\"https:\/\/ent2d.ac-bordeaux.fr\/disciplines\/semaine-des-maths\/wp-content\/uploads\/sites\/17\/2020\/02\/PastedGraphic-3-300x132.png 300w, https:\/\/ent2d.ac-bordeaux.fr\/disciplines\/semaine-des-maths\/wp-content\/uploads\/sites\/17\/2020\/02\/PastedGraphic-3-768x338.png 768w, https:\/\/ent2d.ac-bordeaux.fr\/disciplines\/semaine-des-maths\/wp-content\/uploads\/sites\/17\/2020\/02\/PastedGraphic-3.png 1024w\" sizes=\"auto, (max-width: 430px) 100vw, 430px\" \/><\/li>\n<\/ul>\n","protected":false},"excerpt":{"rendered":"<p>L&#8217;EREA d&#8217;Eysines participe activement \u00e0 la semaine des math\u00e9matiques 2020 \u00e0 travers plusieurs \u00e9v\u00e9nements pass\u00e9s ou \u00e0 venir : le concours d&#8217;affiches de l&#8217;acad\u00e9mie de Bordeaux le concours Algorea le concours CALCULATICE le jeudi 12 mars une exposition sur l&#8217;histoire des maths le lundi 9 mars, r\u00e9alis\u00e9e par des \u00e9l\u00e8ves \u00a0la venue de Cap sciences &hellip; <\/p>\n<p><a class=\"more-link btn\" href=\"https:\/\/ent2d.ac-bordeaux.fr\/disciplines\/semaine-des-maths\/2020\/02\/16\/erea-eysines\/\">Lire la suite<\/a><\/p>\n","protected":false},"author":895,"featured_media":4690,"comment_status":"closed","ping_status":"closed","sticky":false,"template":"","format":"standard","meta":{"footnotes":""},"categories":[37,6,10],"tags":[],"class_list":["post-4674","post","type-post","status-publish","format-standard","has-post-thumbnail","hentry","category-annee-2020","category-dans-les-etablissements","category-gironde-33","nodate","item-wrap"],"_links":{"self":[{"href":"https:\/\/ent2d.ac-bordeaux.fr\/disciplines\/semaine-des-maths\/wp-json\/wp\/v2\/posts\/4674","targetHints":{"allow":["GET"]}}],"collection":[{"href":"https:\/\/ent2d.ac-bordeaux.fr\/disciplines\/semaine-des-maths\/wp-json\/wp\/v2\/posts"}],"about":[{"href":"https:\/\/ent2d.ac-bordeaux.fr\/disciplines\/semaine-des-maths\/wp-json\/wp\/v2\/types\/post"}],"author":[{"embeddable":true,"href":"https:\/\/ent2d.ac-bordeaux.fr\/disciplines\/semaine-des-maths\/wp-json\/wp\/v2\/users\/895"}],"replies":[{"embeddable":true,"href":"https:\/\/ent2d.ac-bordeaux.fr\/disciplines\/semaine-des-maths\/wp-json\/wp\/v2\/comments?post=4674"}],"version-history":[{"count":8,"href":"https:\/\/ent2d.ac-bordeaux.fr\/disciplines\/semaine-des-maths\/wp-json\/wp\/v2\/posts\/4674\/revisions"}],"predecessor-version":[{"id":4705,"href":"https:\/\/ent2d.ac-bordeaux.fr\/disciplines\/semaine-des-maths\/wp-json\/wp\/v2\/posts\/4674\/revisions\/4705"}],"wp:featuredmedia":[{"embeddable":true,"href":"https:\/\/ent2d.ac-bordeaux.fr\/disciplines\/semaine-des-maths\/wp-json\/wp\/v2\/media\/4690"}],"wp:attachment":[{"href":"https:\/\/ent2d.ac-bordeaux.fr\/disciplines\/semaine-des-maths\/wp-json\/wp\/v2\/media?parent=4674"}],"wp:term":[{"taxonomy":"category","embeddable":true,"href":"https:\/\/ent2d.ac-bordeaux.fr\/disciplines\/semaine-des-maths\/wp-json\/wp\/v2\/categories?post=4674"},{"taxonomy":"post_tag","embeddable":true,"href":"https:\/\/ent2d.ac-bordeaux.fr\/disciplines\/semaine-des-maths\/wp-json\/wp\/v2\/tags?post=4674"}],"curies":[{"name":"wp","href":"https:\/\/api.w.org\/{rel}","templated":true}]}}