{"id":4668,"date":"2020-02-16T14:00:44","date_gmt":"2020-02-16T13:00:44","guid":{"rendered":"https:\/\/ent2d.ac-bordeaux.fr\/disciplines\/semaine-des-maths\/?p=4668"},"modified":"2021-06-11T02:17:52","modified_gmt":"2021-06-11T00:17:52","slug":"concours-affiche-2020-resultats","status":"publish","type":"post","link":"https:\/\/ent2d.ac-bordeaux.fr\/disciplines\/semaine-des-maths\/2020\/02\/16\/concours-affiche-2020-resultats\/","title":{"rendered":"Les gagnants du Concours d&#8217;affiche 2020"},"content":{"rendered":"<p><a href=\"https:\/\/ent2d.ac-bordeaux.fr\/disciplines\/semaine-des-maths\/wp-content\/uploads\/sites\/17\/2020\/02\/Affiche-acad\u00e9mique-2020-MD.jpg\"><img loading=\"lazy\" decoding=\"async\" class=\" wp-image-4732 alignright\" src=\"https:\/\/ent2d.ac-bordeaux.fr\/disciplines\/semaine-des-maths\/wp-content\/uploads\/sites\/17\/2020\/02\/Affiche-acad\u00e9mique-2020-1.jpg\" alt=\"\" width=\"317\" height=\"440\" srcset=\"https:\/\/ent2d.ac-bordeaux.fr\/disciplines\/semaine-des-maths\/wp-content\/uploads\/sites\/17\/2020\/02\/Affiche-acad\u00e9mique-2020-1.jpg 738w, https:\/\/ent2d.ac-bordeaux.fr\/disciplines\/semaine-des-maths\/wp-content\/uploads\/sites\/17\/2020\/02\/Affiche-acad\u00e9mique-2020-1-216x300.jpg 216w, https:\/\/ent2d.ac-bordeaux.fr\/disciplines\/semaine-des-maths\/wp-content\/uploads\/sites\/17\/2020\/02\/Affiche-acad\u00e9mique-2020-1-768x1066.jpg 768w\" sizes=\"auto, (max-width: 317px) 100vw, 317px\" \/><\/a>Nous sommes heureux de vous pr\u00e9senter enfin notre affiche acad\u00e9mique de la semaine des maths 2020, le palmar\u00e8s du <a href=\"https:\/\/ent2d.ac-bordeaux.fr\/disciplines\/semaine-des-maths\/2019\/09\/11\/concours-affiche-2020\/\">concours d\u2019affiche<\/a>, et les nombreuses productions que nous avons re\u00e7ues (plus de 150!).<\/p>\n<p>Encore une fois, la grande qualit\u00e9 des affiches r\u00e9alis\u00e9es a fait forte impression aupr\u00e8s du jury qui a d\u00fb longuement d\u00e9lib\u00e9rer pour parvenir \u00e0 sa s\u00e9lection.<\/p>\n<p>Nous remercions les enseignants de math\u00e9matiques et d\u2019arts plastiques, qui ont permis \u00e0 leurs \u00e9l\u00e8ves d&#8217;exprimer leur talent. L&#8217;humour et le plaisir de faire des math\u00e9matiques sont clairement pr\u00e9sents!<\/p>\n<p>Nous vous proposons maintenant de d\u00e9partager les affiches coups de c\u0153ur du jury, <strong><a href=\"https:\/\/www.facebook.com\/pg\/SemaineDesMathsAcBordeaux\/photos\/?tab=album&amp;album_id=1028483170868007\">en votant pour vos affiches pr\u00e9f\u00e9r\u00e9es sur notre page Facebook<\/a>. L\u2019affiche qui aura le plus de \u00ab J\u2019aime \u00bb le vendredi 20 mars 2020 au soir se verra d\u00e9cerner un Prix du Public 2020<\/strong>.<\/p>\n<p>Nous remercions nos partenaires, <strong>Texas Instrument et Canop\u00e9<\/strong>, qui nous permettent de r\u00e9compenser les affiches prim\u00e9es par des calculatrices et de jeux Mathador et de bandes dessin\u00e9es.<\/p>\n<div align=\"center\">\n<p><img loading=\"lazy\" decoding=\"async\" class=\"wp-image-251 alignnone\" src=\"https:\/\/ent2d.ac-bordeaux.fr\/disciplines\/semaine-des-maths\/wp-content\/uploads\/sites\/17\/2015\/11\/logotexas-300x106.jpg\" alt=\"\" width=\"252\" height=\"89\" srcset=\"https:\/\/ent2d.ac-bordeaux.fr\/disciplines\/semaine-des-maths\/wp-content\/uploads\/sites\/17\/2015\/11\/logotexas-300x106.jpg 300w, https:\/\/ent2d.ac-bordeaux.fr\/disciplines\/semaine-des-maths\/wp-content\/uploads\/sites\/17\/2015\/11\/logotexas.jpg 326w\" sizes=\"auto, (max-width: 252px) 100vw, 252px\" \/><img loading=\"lazy\" decoding=\"async\" class=\"wp-image-1711 alignnone\" src=\"https:\/\/ent2d.ac-bordeaux.fr\/disciplines\/semaine-des-maths\/wp-content\/uploads\/sites\/17\/2017\/02\/logo-Canop\u00e9-300x169.jpg\" alt=\"\" width=\"195\" height=\"110\" srcset=\"https:\/\/ent2d.ac-bordeaux.fr\/disciplines\/semaine-des-maths\/wp-content\/uploads\/sites\/17\/2017\/02\/logo-Canop\u00e9-300x169.jpg 300w, https:\/\/ent2d.ac-bordeaux.fr\/disciplines\/semaine-des-maths\/wp-content\/uploads\/sites\/17\/2017\/02\/logo-Canop\u00e9-768x431.jpg 768w, https:\/\/ent2d.ac-bordeaux.fr\/disciplines\/semaine-des-maths\/wp-content\/uploads\/sites\/17\/2017\/02\/logo-Canop\u00e9-1024x575.jpg 1024w, https:\/\/ent2d.ac-bordeaux.fr\/disciplines\/semaine-des-maths\/wp-content\/uploads\/sites\/17\/2017\/02\/logo-Canop\u00e9.jpg 1200w\" sizes=\"auto, (max-width: 195px) 100vw, 195px\" \/><\/p>\n<\/div>\n<h1>Prix acad\u00e9mique<\/h1>\n<p><strong>Maylis Jan,\u00a0Jaimisa Tournier,\u00a0Lili Bourlon,\u00a0Gabriel Chagnaud et Clara Fiton en classe de 4\u00e8me au coll\u00e8ge Jean Rostand de Tartas (40), remportent le prix acad\u00e9mique <\/strong>avec l&#8217;affiche ci-dessus, qui repr\u00e9sentera la semaine des math\u00e9matiques dans l&#8217;acad\u00e9mie de Bordeaux. Nous les f\u00e9licitons vivement.<\/p>\n<h1>Prix d\u00e9partementaux<\/h1>\n<table>\n<tbody>\n<tr>\n<td><strong>Prix de Gironde (ex-aequo) et Premier degr\u00e9 au coll\u00e8ge Ausone de Bazas<br \/>\n<\/strong><\/td>\n<td><strong>Prix de Gironde (ex-aequo) au coll\u00e8ge Alain Fournier de Bordeaux<br \/>\n<\/strong><\/td>\n<\/tr>\n<tr>\n<td>Lurra, Loretxu, Sara, Maxence et Noah, classes de CM2 et 6e<\/td>\n<td>Syrine et Esther, classe de 6\u00e8me<\/td>\n<\/tr>\n<tr>\n<td><a href=\"https:\/\/ent2d.ac-bordeaux.fr\/disciplines\/semaine-des-maths\/wp-content\/uploads\/sites\/17\/2020\/02\/25-Coll\u00e8ge-Ausone-Bazas-33-classe-de-CM2-6\u00e8me.jpg\"><img loading=\"lazy\" decoding=\"async\" class=\"wp-image-3683 aligncenter\" src=\"https:\/\/ent2d.ac-bordeaux.fr\/disciplines\/semaine-des-maths\/wp-content\/uploads\/sites\/17\/2020\/02\/25-Coll\u00e8ge-Ausone-Bazas-33-classe-de-CM2-6\u00e8me.jpg\" width=\"232\" height=\"301\" \/><\/a><\/td>\n<td><a href=\"https:\/\/ent2d.ac-bordeaux.fr\/disciplines\/semaine-des-maths\/wp-content\/uploads\/sites\/17\/2020\/02\/45-Coll\u00e8ge-Alain-Fournier-Bordeaux-33-classe-de-6\u00e8me.jpg\"><img loading=\"lazy\" decoding=\"async\" class=\" wp-image-3685 aligncenter\" src=\"https:\/\/ent2d.ac-bordeaux.fr\/disciplines\/semaine-des-maths\/wp-content\/uploads\/sites\/17\/2020\/02\/45-Coll\u00e8ge-Alain-Fournier-Bordeaux-33-classe-de-6\u00e8me.jpg\" width=\"244\" height=\"300\" \/><\/a><\/td>\n<\/tr>\n<tr>\n<td><strong>Prix des Landes (et prix acad\u00e9mique) au coll\u00e8ge Jean Rostand de Tartas<br \/>\n<\/strong><\/td>\n<td><strong>Prix de Dordogne au coll\u00e8ge Michel de Montaigne de P\u00e9rigueux<\/strong><\/td>\n<\/tr>\n<tr>\n<td>Maylis JAN, Clara FITON, Jaimisa TOURNIER, Lili BOURBON et Gabriel CHAGNAUD, classe de 4\u00e8me<\/td>\n<td>Adam MATTEI, classe de 5\u00e8me<\/td>\n<\/tr>\n<tr>\n<td><a href=\"https:\/\/ent2d.ac-bordeaux.fr\/disciplines\/semaine-des-maths\/wp-content\/uploads\/sites\/17\/2020\/02\/Affiche-acad\u00e9mique-2020-1.jpg\"><img loading=\"lazy\" decoding=\"async\" class=\" wp-image-3681 aligncenter\" src=\"https:\/\/ent2d.ac-bordeaux.fr\/disciplines\/semaine-des-maths\/wp-content\/uploads\/sites\/17\/2020\/02\/Affiche-acad\u00e9mique-2020-1.jpg\" width=\"216\" height=\"300\" \/><\/a><\/td>\n<td><a href=\"https:\/\/ent2d.ac-bordeaux.fr\/disciplines\/semaine-des-maths\/wp-content\/uploads\/sites\/17\/2020\/02\/121-Coll\u00e8ge-Michel-de-Montaigne-P\u00e9rigueux-24-classe-de-5\u00e8me.jpg\"><img loading=\"lazy\" decoding=\"async\" class=\" wp-image-3682 aligncenter\" src=\"https:\/\/ent2d.ac-bordeaux.fr\/disciplines\/semaine-des-maths\/wp-content\/uploads\/sites\/17\/2020\/02\/121-Coll\u00e8ge-Michel-de-Montaigne-P\u00e9rigueux-24-classe-de-5\u00e8me.jpg\" width=\"212\" height=\"300\" \/><\/a><\/td>\n<\/tr>\n<tr>\n<td><strong>Prix des Pyr\u00e9n\u00e9es Atlantiques au Coll\u00e8ge Henri IV de Nay <\/strong><\/td>\n<td><strong>Prix du Lot et Garonne au coll\u00e8ge Paul Froment de Sainte Livrade<br \/>\n<\/strong><\/td>\n<\/tr>\n<tr>\n<td>Th\u00e9o, classe de 6\u00e8me<\/td>\n<td>Simon, classe de 6\u00e8me<\/td>\n<\/tr>\n<tr>\n<td><a href=\"https:\/\/ent2d.ac-bordeaux.fr\/disciplines\/semaine-des-maths\/wp-content\/uploads\/sites\/17\/2020\/02\/108-Coll\u00e8ge-Henri-IV-Nay-64-classe-de-6\u00e8me.jpg\"><img loading=\"lazy\" decoding=\"async\" class=\" wp-image-3686 aligncenter\" src=\"https:\/\/ent2d.ac-bordeaux.fr\/disciplines\/semaine-des-maths\/wp-content\/uploads\/sites\/17\/2020\/02\/108-Coll\u00e8ge-Henri-IV-Nay-64-classe-de-6\u00e8me.jpg\" alt=\"\" width=\"343\" height=\"219\" \/><\/a><\/td>\n<td><a href=\"https:\/\/ent2d.ac-bordeaux.fr\/disciplines\/semaine-des-maths\/wp-content\/uploads\/sites\/17\/2020\/02\/96-Coll\u00e8ge-Paul-Froment-Sainte-Livrade-sur-Lot-47-classe-de-6\u00e8me.jpg\"><img loading=\"lazy\" decoding=\"async\" class=\" wp-image-3684 aligncenter\" src=\"https:\/\/ent2d.ac-bordeaux.fr\/disciplines\/semaine-des-maths\/wp-content\/uploads\/sites\/17\/2020\/02\/96-Coll\u00e8ge-Paul-Froment-Sainte-Livrade-sur-Lot-47-classe-de-6\u00e8me.jpg\" width=\"239\" height=\"301\" \/><\/a><\/td>\n<\/tr>\n<\/tbody>\n<\/table>\n<h1>Coups de c\u0153ur du jury et prix du public<\/h1>\n<p><strong>Voici la s\u00e9lection que nous vous proposons de d\u00e9partager. <a href=\"https:\/\/www.facebook.com\/pg\/SemaineDesMathsAcBordeaux\/photos\/?tab=album&amp;album_id=1028483170868007\">Votez pour vos affiches pr\u00e9f\u00e9r\u00e9es sur notre page Facebook<\/a><a href=\"https:\/\/www.facebook.com\/media\/set\/?set=a.765301170519543&amp;type=1&amp;l=5dcc6d538c\">.<\/a> Les affiches qui auront le plus de \u00ab J\u2019aime \u00bb le vendredi 20 mars 2019 au soir se verront d\u00e9cerner un Prix du Public 2020<\/strong>.<\/p>\n<p><a href=\"https:\/\/www.facebook.com\/pg\/SemaineDesMathsAcBordeaux\/photos\/?tab=album&amp;album_id=1028483170868007\"><img loading=\"lazy\" decoding=\"async\" class=\" wp-image-4700 aligncenter\" src=\"https:\/\/ent2d.ac-bordeaux.fr\/disciplines\/semaine-des-maths\/wp-content\/uploads\/sites\/17\/2020\/02\/Concours-daffiche-2020-Affiches-coup-de-coeur.jpg\" alt=\"\" width=\"739\" height=\"462\" srcset=\"https:\/\/ent2d.ac-bordeaux.fr\/disciplines\/semaine-des-maths\/wp-content\/uploads\/sites\/17\/2020\/02\/Concours-daffiche-2020-Affiches-coup-de-coeur.jpg 1024w, https:\/\/ent2d.ac-bordeaux.fr\/disciplines\/semaine-des-maths\/wp-content\/uploads\/sites\/17\/2020\/02\/Concours-daffiche-2020-Affiches-coup-de-coeur-300x188.jpg 300w, https:\/\/ent2d.ac-bordeaux.fr\/disciplines\/semaine-des-maths\/wp-content\/uploads\/sites\/17\/2020\/02\/Concours-daffiche-2020-Affiches-coup-de-coeur-768x480.jpg 768w\" sizes=\"auto, (max-width: 739px) 100vw, 739px\" \/><\/a><\/p>\n<h1><strong>Toutes les affiches re\u00e7ues<\/strong><\/h1>\n<p><a href=\"https:\/\/ent2d.ac-bordeaux.fr\/disciplines\/semaine-des-maths\/wp-content\/uploads\/sites\/17\/2020\/02\/Concours-daffiche-2020-Toutes-les-affiches.jpg\"><img loading=\"lazy\" decoding=\"async\" class=\"wp-image-4698 aligncenter\" src=\"https:\/\/ent2d.ac-bordeaux.fr\/disciplines\/semaine-des-maths\/wp-content\/uploads\/sites\/17\/2020\/02\/Concours-daffiche-2020-Toutes-les-affiches.jpg\" alt=\"\" width=\"736\" height=\"589\" srcset=\"https:\/\/ent2d.ac-bordeaux.fr\/disciplines\/semaine-des-maths\/wp-content\/uploads\/sites\/17\/2020\/02\/Concours-daffiche-2020-Toutes-les-affiches.jpg 1024w, https:\/\/ent2d.ac-bordeaux.fr\/disciplines\/semaine-des-maths\/wp-content\/uploads\/sites\/17\/2020\/02\/Concours-daffiche-2020-Toutes-les-affiches-300x240.jpg 300w, https:\/\/ent2d.ac-bordeaux.fr\/disciplines\/semaine-des-maths\/wp-content\/uploads\/sites\/17\/2020\/02\/Concours-daffiche-2020-Toutes-les-affiches-768x614.jpg 768w\" sizes=\"auto, (max-width: 736px) 100vw, 736px\" \/><\/a><\/p>\n","protected":false},"excerpt":{"rendered":"<p>Nous sommes heureux de vous pr\u00e9senter enfin notre affiche acad\u00e9mique de la semaine des maths 2020, le palmar\u00e8s du concours d\u2019affiche, et les nombreuses productions que nous avons re\u00e7ues (plus de 150!). Encore une fois, la grande qualit\u00e9 des affiches r\u00e9alis\u00e9es a fait forte impression aupr\u00e8s du jury qui a d\u00fb longuement d\u00e9lib\u00e9rer pour parvenir &hellip; <\/p>\n<p><a class=\"more-link btn\" href=\"https:\/\/ent2d.ac-bordeaux.fr\/disciplines\/semaine-des-maths\/2020\/02\/16\/concours-affiche-2020-resultats\/\">Lire la suite<\/a><\/p>\n","protected":false},"author":5,"featured_media":4732,"comment_status":"closed","ping_status":"closed","sticky":false,"template":"","format":"standard","meta":{"footnotes":""},"categories":[37,4],"tags":[],"class_list":["post-4668","post","type-post","status-publish","format-standard","has-post-thumbnail","hentry","category-annee-2020","category-concours","nodate","item-wrap"],"_links":{"self":[{"href":"https:\/\/ent2d.ac-bordeaux.fr\/disciplines\/semaine-des-maths\/wp-json\/wp\/v2\/posts\/4668","targetHints":{"allow":["GET"]}}],"collection":[{"href":"https:\/\/ent2d.ac-bordeaux.fr\/disciplines\/semaine-des-maths\/wp-json\/wp\/v2\/posts"}],"about":[{"href":"https:\/\/ent2d.ac-bordeaux.fr\/disciplines\/semaine-des-maths\/wp-json\/wp\/v2\/types\/post"}],"author":[{"embeddable":true,"href":"https:\/\/ent2d.ac-bordeaux.fr\/disciplines\/semaine-des-maths\/wp-json\/wp\/v2\/users\/5"}],"replies":[{"embeddable":true,"href":"https:\/\/ent2d.ac-bordeaux.fr\/disciplines\/semaine-des-maths\/wp-json\/wp\/v2\/comments?post=4668"}],"version-history":[{"count":17,"href":"https:\/\/ent2d.ac-bordeaux.fr\/disciplines\/semaine-des-maths\/wp-json\/wp\/v2\/posts\/4668\/revisions"}],"predecessor-version":[{"id":4733,"href":"https:\/\/ent2d.ac-bordeaux.fr\/disciplines\/semaine-des-maths\/wp-json\/wp\/v2\/posts\/4668\/revisions\/4733"}],"wp:featuredmedia":[{"embeddable":true,"href":"https:\/\/ent2d.ac-bordeaux.fr\/disciplines\/semaine-des-maths\/wp-json\/wp\/v2\/media\/4732"}],"wp:attachment":[{"href":"https:\/\/ent2d.ac-bordeaux.fr\/disciplines\/semaine-des-maths\/wp-json\/wp\/v2\/media?parent=4668"}],"wp:term":[{"taxonomy":"category","embeddable":true,"href":"https:\/\/ent2d.ac-bordeaux.fr\/disciplines\/semaine-des-maths\/wp-json\/wp\/v2\/categories?post=4668"},{"taxonomy":"post_tag","embeddable":true,"href":"https:\/\/ent2d.ac-bordeaux.fr\/disciplines\/semaine-des-maths\/wp-json\/wp\/v2\/tags?post=4668"}],"curies":[{"name":"wp","href":"https:\/\/api.w.org\/{rel}","templated":true}]}}