{"id":4432,"date":"2019-11-30T22:39:33","date_gmt":"2019-11-30T21:39:33","guid":{"rendered":"https:\/\/ent2d.ac-bordeaux.fr\/disciplines\/semaine-des-maths\/?p=4432"},"modified":"2022-03-02T22:19:33","modified_gmt":"2022-03-02T21:19:33","slug":"enigmes","status":"publish","type":"post","link":"https:\/\/ent2d.ac-bordeaux.fr\/disciplines\/semaine-des-maths\/2019\/11\/30\/enigmes\/","title":{"rendered":"Enigmes"},"content":{"rendered":"<p>Voici quelques propositions d&#8217;\u00e9nigmes pour un public allant de la maternelle au lyc\u00e9e :<\/p>\n<ul>\n<li><a href=\"https:\/\/ent2d.ac-bordeaux.fr\/disciplines\/semaine-des-maths\/2019\/01\/18\/parcours-enigmes-mathcitymap\/\">cr\u00e9er des parcours d\u2019\u00e9nigmes dans votre ville avec MathCityMap.<\/a><\/li>\n<li><a href=\"https:\/\/ent2d.ac-bordeaux.fr\/disciplines\/semaine-des-maths\/2018\/02\/24\/4-enigmes-de-la-maternelle-au-cycle-3-en-francais-basque-et-occitan\/\">4 \u00e9nigmes d\u00e9clin\u00e9es de la maternelle au cycle 3, en fran\u00e7ais, basque et occitan<\/a><\/li>\n<li><a href=\"https:\/\/ent2d.ac-bordeaux.fr\/disciplines\/semaine-des-maths\/2018\/02\/27\/une-enigme-par-jour-2018\/\">Un jour, un d\u00e9partement et une \u00e9nigme (niveau cycle 4 et lyc\u00e9e)<\/a><\/li>\n<li><a href=\"https:\/\/ent2d.ac-bordeaux.fr\/disciplines\/semaine-des-maths\/2017\/03\/16\/enigmes-au-lycee-odilon-redon-de-pauillac\/\">\u00c9nigmes au lyc\u00e9e Odilon Redon de Pauillac<\/a><\/li>\n<li><a href=\"https:\/\/ent2d.ac-bordeaux.fr\/disciplines\/semaine-des-maths\/2017\/03\/16\/charade-2017-du-lycee-max-linder-de-libourne\/\">Charade math\u00e9matique du lyc\u00e9e Max Linder de Libourne<\/a><\/li>\n<li><a href=\"https:\/\/ent2d.ac-bordeaux.fr\/disciplines\/semaine-des-maths\/2017\/03\/15\/4-enigmes-en-espagnol-pour-le-cycle-4-et-le-lycee\/\">6 \u00e9nigmes en espagnol pour le cycle 4 du lyc\u00e9e De Borda \u00e0 Dax<\/a><\/li>\n<li><a href=\"https:\/\/ent2d.ac-bordeaux.fr\/disciplines\/semaine-des-maths\/2017\/03\/04\/les-enigmes-du-lycee-jules-supervielle\/\">\u00c9nigmes Lyc\u00e9e, propos\u00e9es par les \u00e9l\u00e8ves du lyc\u00e9e Supervielle<\/a><\/li>\n<li><a href=\"https:\/\/ent2d.ac-bordeaux.fr\/disciplines\/semaine-des-maths\/2017\/02\/24\/enigmes-cycle-4-proposees-par-les-eleves-du-college-lapierre\/\">\u00c9nigmes cycle 4 propos\u00e9es par les \u00e9l\u00e8ves du coll\u00e8ge Lapierre<\/a><\/li>\n<li><a href=\"https:\/\/ent2d.ac-bordeaux.fr\/disciplines\/semaine-des-maths\/2017\/02\/23\/enigmes-niveau-lycee\/\">\u00c9nigmes niveau Lyc\u00e9e, propos\u00e9es par les \u00e9l\u00e8ves de V. Louis et De Borda<\/a><\/li>\n<li><a href=\"https:\/\/ent2d.ac-bordeaux.fr\/disciplines\/semaine-des-maths\/2017\/02\/22\/enigmes-cycle-3-4\/\">\u00c9nigmes plurilingues cycle 3 et 4<\/a><\/li>\n<li><a href=\"https:\/\/ent2d.ac-bordeaux.fr\/disciplines\/semaine-des-maths\/2017\/02\/14\/situation-des-glaces-enigme-maternelle-au-cycle-3\/\">La situation des glaces : \u00e9nigme d\u00e9clin\u00e9e de la maternelle au cycle 3, en fran\u00e7ais, basque et occitan<\/a><\/li>\n<li><a href=\"https:\/\/ent2d.ac-bordeaux.fr\/disciplines\/semaine-des-maths\/2016\/03\/13\/enigmes-du-18-mars-2016\/\">\u00c9nigmes du 18 mars 2016<\/a><\/li>\n<li><a href=\"https:\/\/ent2d.ac-bordeaux.fr\/disciplines\/semaine-des-maths\/2016\/03\/13\/enigmes-du-17-mars-2016\/\">\u00c9nigmes du 17 mars 2016<\/a><\/li>\n<li><a href=\"https:\/\/ent2d.ac-bordeaux.fr\/disciplines\/semaine-des-maths\/2016\/03\/13\/enigmes-du-16-mars-2016\/\">\u00c9nigmes du 16 mars 2016<\/a><\/li>\n<li><a href=\"https:\/\/ent2d.ac-bordeaux.fr\/disciplines\/semaine-des-maths\/2016\/03\/13\/enigmes-du-15-mars-2016\/\">\u00c9nigmes du 15 mars 2016<\/a><\/li>\n<li><a href=\"https:\/\/ent2d.ac-bordeaux.fr\/disciplines\/semaine-des-maths\/2016\/03\/13\/enigmes-du-14-mars-2016-pi-day\/\">\u00c9nigmes du 14 mars 2016 \u00ab\u00a0Pi day\u00a0\u00bb<\/a><\/li>\n<li><a href=\"https:\/\/ent2d.ac-bordeaux.fr\/disciplines\/semaine-des-maths\/2016\/03\/13\/enigmes-pour-le-1er-degre-dans-les-landes\/\">\u00c9nigmes pour le 1er degr\u00e9 dans les Landes<\/a><\/li>\n<li><a href=\"https:\/\/ent2d.ac-bordeaux.fr\/disciplines\/semaine-des-maths\/2016\/03\/01\/une-enigme-par-jour-de-la-grande-section-au-cm2\/\">Une \u00e9nigme par jour, de la maternelle au CM2<\/a><\/li>\n<li><a href=\"https:\/\/ent2d.ac-bordeaux.fr\/disciplines\/semaine-des-maths\/2016\/02\/28\/enigmes-du-29-fevrier-au-5-mars-2016\/\">\u00c9nigmes de la semaine du 29 f\u00e9vrier au 5 mars 2016<\/a><\/li>\n<li><a href=\"https:\/\/ent2d.ac-bordeaux.fr\/disciplines\/semaine-des-maths\/2016\/02\/08\/enigmes-du-8-au-14-fevrier-2016\/\">\u00c9nigmes de la semaine du 8 au 14 f\u00e9vrier 2016<\/a><\/li>\n<li><a href=\"https:\/\/ent2d.ac-bordeaux.fr\/disciplines\/semaine-des-maths\/2016\/01\/31\/enigme-du-1er-au-7-fevrier\/\">\u00c9nigme de la semaine du 1er au 7 f\u00e9vrier 2016<\/a><\/li>\n<li><a href=\"https:\/\/ent2d.ac-bordeaux.fr\/disciplines\/semaine-des-maths\/2016\/01\/24\/enigmes-du-25-janvier-au-31-janvier-2016\/\">\u00c9nigmes de la semaine du 25 au 31 janvier 2016<\/a><\/li>\n<li><a href=\"https:\/\/ent2d.ac-bordeaux.fr\/disciplines\/semaine-des-maths\/2016\/01\/18\/semaine-du-18-janvier-au-24-janvier-2016\/\">\u00c9nigmes de la semaine du 18 au 24 janvier 2016<\/a><\/li>\n<li><a href=\"https:\/\/ent2d.ac-bordeaux.fr\/disciplines\/semaine-des-maths\/2016\/01\/11\/semaine-du-11-au-17-janvier-2016\/\">\u00c9nigmes de la semaine du 11 au 17 janvier 2016<\/a><\/li>\n<li><a href=\"https:\/\/ent2d.ac-bordeaux.fr\/disciplines\/semaine-des-maths\/2016\/01\/04\/quelques-enigmes-pour-la-semaine-du-4-au-10-janvier-2016\/\">\u00c9nigmes de la semaine du 4 au 10 janvier 2016<\/a><\/li>\n<\/ul>\n","protected":false},"excerpt":{"rendered":"<p>Voici quelques propositions d&#8217;\u00e9nigmes pour un public allant de la maternelle au lyc\u00e9e : cr\u00e9er des parcours d\u2019\u00e9nigmes dans votre ville avec MathCityMap. 4 \u00e9nigmes d\u00e9clin\u00e9es de la maternelle au cycle 3, en fran\u00e7ais, basque et occitan Un jour, un d\u00e9partement et une \u00e9nigme (niveau cycle 4 et lyc\u00e9e) \u00c9nigmes au lyc\u00e9e Odilon Redon de &hellip; <\/p>\n<p><a class=\"more-link btn\" href=\"https:\/\/ent2d.ac-bordeaux.fr\/disciplines\/semaine-des-maths\/2019\/11\/30\/enigmes\/\">Lire la suite<\/a><\/p>\n","protected":false},"author":895,"featured_media":0,"comment_status":"closed","ping_status":"closed","sticky":false,"template":"","format":"standard","meta":{"footnotes":""},"categories":[2,20,22,25,28,24,14],"tags":[52],"class_list":["post-4432","post","type-post","status-publish","format-standard","hentry","category-1er-degre","category-annee-2016","category-annee-2017","category-annee-2018","category-jouons-ensemble-aux-mathematiques","category-maths-et-langages","category-ressources","tag-enigme","nodate","item-wrap"],"_links":{"self":[{"href":"https:\/\/ent2d.ac-bordeaux.fr\/disciplines\/semaine-des-maths\/wp-json\/wp\/v2\/posts\/4432","targetHints":{"allow":["GET"]}}],"collection":[{"href":"https:\/\/ent2d.ac-bordeaux.fr\/disciplines\/semaine-des-maths\/wp-json\/wp\/v2\/posts"}],"about":[{"href":"https:\/\/ent2d.ac-bordeaux.fr\/disciplines\/semaine-des-maths\/wp-json\/wp\/v2\/types\/post"}],"author":[{"embeddable":true,"href":"https:\/\/ent2d.ac-bordeaux.fr\/disciplines\/semaine-des-maths\/wp-json\/wp\/v2\/users\/895"}],"replies":[{"embeddable":true,"href":"https:\/\/ent2d.ac-bordeaux.fr\/disciplines\/semaine-des-maths\/wp-json\/wp\/v2\/comments?post=4432"}],"version-history":[{"count":2,"href":"https:\/\/ent2d.ac-bordeaux.fr\/disciplines\/semaine-des-maths\/wp-json\/wp\/v2\/posts\/4432\/revisions"}],"predecessor-version":[{"id":4436,"href":"https:\/\/ent2d.ac-bordeaux.fr\/disciplines\/semaine-des-maths\/wp-json\/wp\/v2\/posts\/4432\/revisions\/4436"}],"wp:attachment":[{"href":"https:\/\/ent2d.ac-bordeaux.fr\/disciplines\/semaine-des-maths\/wp-json\/wp\/v2\/media?parent=4432"}],"wp:term":[{"taxonomy":"category","embeddable":true,"href":"https:\/\/ent2d.ac-bordeaux.fr\/disciplines\/semaine-des-maths\/wp-json\/wp\/v2\/categories?post=4432"},{"taxonomy":"post_tag","embeddable":true,"href":"https:\/\/ent2d.ac-bordeaux.fr\/disciplines\/semaine-des-maths\/wp-json\/wp\/v2\/tags?post=4432"}],"curies":[{"name":"wp","href":"https:\/\/api.w.org\/{rel}","templated":true}]}}