{"id":3757,"date":"2019-03-05T02:25:45","date_gmt":"2019-03-05T01:25:45","guid":{"rendered":"https:\/\/ent2d.ac-bordeaux.fr\/disciplines\/semaine-des-maths\/?p=3757"},"modified":"2019-03-05T02:28:07","modified_gmt":"2019-03-05T01:28:07","slug":"lycee-arnaut-daniel-riberac-2019","status":"publish","type":"post","link":"https:\/\/ent2d.ac-bordeaux.fr\/disciplines\/semaine-des-maths\/2019\/03\/05\/lycee-arnaut-daniel-riberac-2019\/","title":{"rendered":"Au lyc\u00e9e Arnaut Daniel, Rib\u00e9rac (24)"},"content":{"rendered":"<p>Au lyc\u00e9e Arnaut Daniel de Rib\u00e9rac, la semaine des math\u00e9matiques 2019 sera une fois de plus riche en \u00e9v\u00e9nements. Les \u00e9l\u00e8ves auront l\u2019occasion de participer au Rallye d\u2019Aquitaine, de r\u00e9soudre des \u00e9nigmes,\u00a0 et de jouer \u00e0 des &#8220;escape games&#8221; math\u00e9matiques (jeux d&#8217;\u00e9vasion). Ils profiteront \u00e9galement d&#8217;une conf\u00e9rence sur les Jeux Combinatoires par Eric Sop\u00e9na, enseignant-chercheur \u00e0 l&#8217;universit\u00e9 de Bordeaux.<\/p>\n<p><img loading=\"lazy\" decoding=\"async\" class=\"wp-image-3758 aligncenter\" src=\"https:\/\/ent2d.ac-bordeaux.fr\/disciplines\/semaine-des-maths\/wp-content\/uploads\/sites\/17\/2019\/03\/Rib\u00e9rac-SDM2019-programme.png\" alt=\"\" width=\"633\" height=\"546\" srcset=\"https:\/\/ent2d.ac-bordeaux.fr\/disciplines\/semaine-des-maths\/wp-content\/uploads\/sites\/17\/2019\/03\/Rib\u00e9rac-SDM2019-programme.png 541w, https:\/\/ent2d.ac-bordeaux.fr\/disciplines\/semaine-des-maths\/wp-content\/uploads\/sites\/17\/2019\/03\/Rib\u00e9rac-SDM2019-programme-300x259.png 300w\" sizes=\"auto, (max-width: 633px) 100vw, 633px\" \/><\/p>\n","protected":false},"excerpt":{"rendered":"<p>Au lyc\u00e9e Arnaut Daniel de Rib\u00e9rac, la semaine des math\u00e9matiques 2019 sera une fois de plus riche en \u00e9v\u00e9nements. Les \u00e9l\u00e8ves auront l\u2019occasion de participer au Rallye d\u2019Aquitaine, de r\u00e9soudre des \u00e9nigmes,\u00a0 et de jouer \u00e0 des &#8220;escape games&#8221; math\u00e9matiques (jeux d&#8217;\u00e9vasion). Ils profiteront \u00e9galement d&#8217;une conf\u00e9rence sur les Jeux Combinatoires par Eric Sop\u00e9na, enseignant-chercheur &hellip; <\/p>\n<p><a class=\"more-link btn\" href=\"https:\/\/ent2d.ac-bordeaux.fr\/disciplines\/semaine-des-maths\/2019\/03\/05\/lycee-arnaut-daniel-riberac-2019\/\">Lire la suite<\/a><\/p>\n","protected":false},"author":5,"featured_media":0,"comment_status":"closed","ping_status":"closed","sticky":false,"template":"","format":"standard","meta":{"footnotes":""},"categories":[27,6,8,28],"tags":[],"class_list":["post-3757","post","type-post","status-publish","format-standard","hentry","category-annee-2019","category-dans-les-etablissements","category-dordogne-24","category-jouons-ensemble-aux-mathematiques","nodate","item-wrap"],"_links":{"self":[{"href":"https:\/\/ent2d.ac-bordeaux.fr\/disciplines\/semaine-des-maths\/wp-json\/wp\/v2\/posts\/3757","targetHints":{"allow":["GET"]}}],"collection":[{"href":"https:\/\/ent2d.ac-bordeaux.fr\/disciplines\/semaine-des-maths\/wp-json\/wp\/v2\/posts"}],"about":[{"href":"https:\/\/ent2d.ac-bordeaux.fr\/disciplines\/semaine-des-maths\/wp-json\/wp\/v2\/types\/post"}],"author":[{"embeddable":true,"href":"https:\/\/ent2d.ac-bordeaux.fr\/disciplines\/semaine-des-maths\/wp-json\/wp\/v2\/users\/5"}],"replies":[{"embeddable":true,"href":"https:\/\/ent2d.ac-bordeaux.fr\/disciplines\/semaine-des-maths\/wp-json\/wp\/v2\/comments?post=3757"}],"version-history":[{"count":2,"href":"https:\/\/ent2d.ac-bordeaux.fr\/disciplines\/semaine-des-maths\/wp-json\/wp\/v2\/posts\/3757\/revisions"}],"predecessor-version":[{"id":3760,"href":"https:\/\/ent2d.ac-bordeaux.fr\/disciplines\/semaine-des-maths\/wp-json\/wp\/v2\/posts\/3757\/revisions\/3760"}],"wp:attachment":[{"href":"https:\/\/ent2d.ac-bordeaux.fr\/disciplines\/semaine-des-maths\/wp-json\/wp\/v2\/media?parent=3757"}],"wp:term":[{"taxonomy":"category","embeddable":true,"href":"https:\/\/ent2d.ac-bordeaux.fr\/disciplines\/semaine-des-maths\/wp-json\/wp\/v2\/categories?post=3757"},{"taxonomy":"post_tag","embeddable":true,"href":"https:\/\/ent2d.ac-bordeaux.fr\/disciplines\/semaine-des-maths\/wp-json\/wp\/v2\/tags?post=3757"}],"curies":[{"name":"wp","href":"https:\/\/api.w.org\/{rel}","templated":true}]}}