{"id":3751,"date":"2019-03-05T01:56:09","date_gmt":"2019-03-05T00:56:09","guid":{"rendered":"https:\/\/ent2d.ac-bordeaux.fr\/disciplines\/semaine-des-maths\/?p=3751"},"modified":"2019-03-05T22:51:39","modified_gmt":"2019-03-05T21:51:39","slug":"college-claude-masse-ambares-et-lagrave","status":"publish","type":"post","link":"https:\/\/ent2d.ac-bordeaux.fr\/disciplines\/semaine-des-maths\/2019\/03\/05\/college-claude-masse-ambares-et-lagrave\/","title":{"rendered":"Au coll\u00e8ge Claude Mass\u00e9 d&#8217;Ambar\u00e8s-et-Lagrave (33)"},"content":{"rendered":"<p>Au coll\u00e8ge Claude Mass\u00e9 d&#8217;Ambar\u00e8s et Lagrave, de nombreuses actions sont propos\u00e9es en mars \u00e0 l\u2019occasion de la semaine des maths\u00a0 :<\/p>\n<ul>\n<li>Apr\u00e8s avoir travaill\u00e9 par ateliers autour de la repr\u00e9sentation des math\u00e9matiques par la musique et par le corps (th\u00e9\u00e2tralis\u00e9e) <a href=\"http:\/\/www.ac-bordeaux.fr\/cid122373\/residence-d-artiste-s-en-etablissement-scolaire.html\">dans le cadre d&#8217;une r\u00e9sidence d&#8217;artistes mise en place avec la DAAC<\/a>,\u00a0 deux classes de 4\u00e8me assisteront lundi 18 mars (\u00e0 14h au P\u00f4le Evasion d&#8217;Ambar\u00e8s-et-Lagrave), \u00e0 une repr\u00e9sentation th\u00e9\u00e2trale de\u00a0 <a href=\"http:\/\/blopinterjection.com\/2-chiffre-bleu-mathematiques\/\"><strong><em>2 est-il un chiffre bleu ?<\/em><\/strong>\u00a0<\/a>, pi\u00e8ce propos\u00e9e par la Compagnie Blop Interjection.<\/li>\n<li>Dans le cadre de la liaison CM2-6\u00e8me,<strong> un &#8220;D\u00e9fi-maths \/ D\u00e9fi-mots&#8221;<\/strong> sera pr\u00e9par\u00e9, puis propos\u00e9 en fin<br \/>\nd\u2019ann\u00e9e avec des \u00e9quipes mixtes (\u00e9cole \u00e9l\u00e9mentaire\/coll\u00e8ge).<\/li>\n<li>La classe de 5\u00e8me6 partira du 12 au 14 mars \u00e0 Paris pour <strong>un s\u00e9jour de d\u00e9couvertes scientifiques<\/strong>, dont<br \/>\nun moment fort sera propos\u00e9 jeudi 14 mars au Palais de la D\u00e9couverte avec la participation \u00e0<br \/>\nl\u2019expos\u00e9 \u00ab Maths, feuilles, ciseaux&#8230; \u00bb<br \/>\nAuparavant, ils auront \u00e9galement men\u00e9 un travail sur des machines \u00e0 calculer ancestrales, telles que<br \/>\nle boulier, les batons de Neper\u2026 qu\u2019ils pourront ensuite observer au Mus\u00e9e des Arts et M\u00e9tiers.<\/li>\n<li>Et il ne faut pas oublier <strong>l\u2019\u00e9nigme du mois<\/strong> de mars !<\/li>\n<\/ul>\n<p><img loading=\"lazy\" decoding=\"async\" class=\"size-full wp-image-3752 aligncenter\" src=\"https:\/\/ent2d.ac-bordeaux.fr\/disciplines\/semaine-des-maths\/wp-content\/uploads\/sites\/17\/2019\/03\/Ambar\u00e8s-coll\u00e8ge-Claude-Mass\u00e9-\u00e9nigme-du-mois-mars-2019.png\" alt=\"\" width=\"921\" height=\"506\" srcset=\"https:\/\/ent2d.ac-bordeaux.fr\/disciplines\/semaine-des-maths\/wp-content\/uploads\/sites\/17\/2019\/03\/Ambar\u00e8s-coll\u00e8ge-Claude-Mass\u00e9-\u00e9nigme-du-mois-mars-2019.png 921w, https:\/\/ent2d.ac-bordeaux.fr\/disciplines\/semaine-des-maths\/wp-content\/uploads\/sites\/17\/2019\/03\/Ambar\u00e8s-coll\u00e8ge-Claude-Mass\u00e9-\u00e9nigme-du-mois-mars-2019-300x165.png 300w, https:\/\/ent2d.ac-bordeaux.fr\/disciplines\/semaine-des-maths\/wp-content\/uploads\/sites\/17\/2019\/03\/Ambar\u00e8s-coll\u00e8ge-Claude-Mass\u00e9-\u00e9nigme-du-mois-mars-2019-768x422.png 768w\" sizes=\"auto, (max-width: 921px) 100vw, 921px\" \/><\/p>\n<p>Mais en v\u00e9rit\u00e9, au coll\u00e8ge Claude Mass\u00e9, la semaine des maths, c\u2019est toute l\u2019ann\u00e9e ! Les \u00e9l\u00e8ves ont en effet de nombreuses occasions pour \u00ab jouer ensemble avec les math\u00e9matiques&#8221;.<\/p>\n<ul>\n<li>En novembre, plusieurs classes de 5\u00e8me ont pass\u00e9 le <strong>concours Castor informatique<\/strong><br \/>\nbas\u00e9 sur des strat\u00e9gies d\u2019algorithmique.<\/li>\n<li>Tous les \u00e9l\u00e8ves peuvent participer chaque mois \u00e0 la <strong>r\u00e9solution d&#8217;une \u00e9nigme mensuelle<\/strong> telle que ci-dessus.<\/li>\n<li>Les \u00e9l\u00e8ves volontaires peuvent venir travailler les notions de leur choix, ou faire des activit\u00e9s math\u00e9matiques plus ludiques dans le cadre de l&#8217;<strong>atelier Boss des maths<\/strong>, un atelier d\u2019aide aux devoirs maths encadr\u00e9 par les professeurs de l\u2019\u00e9quipe.<\/li>\n<li>Sans oublier <strong>le club Scratch<\/strong> pendant lequel les \u00e9l\u00e8ves se perfectionnent \u00e0 la programmation.<\/li>\n<\/ul>\n","protected":false},"excerpt":{"rendered":"<p>Au coll\u00e8ge Claude Mass\u00e9 d&#8217;Ambar\u00e8s et Lagrave, de nombreuses actions sont propos\u00e9es en mars \u00e0 l\u2019occasion de la semaine des maths\u00a0 : Apr\u00e8s avoir travaill\u00e9 par ateliers autour de la repr\u00e9sentation des math\u00e9matiques par la musique et par le corps (th\u00e9\u00e2tralis\u00e9e) dans le cadre d&#8217;une r\u00e9sidence d&#8217;artistes mise en place avec la DAAC,\u00a0 deux classes &hellip; <\/p>\n<p><a class=\"more-link btn\" href=\"https:\/\/ent2d.ac-bordeaux.fr\/disciplines\/semaine-des-maths\/2019\/03\/05\/college-claude-masse-ambares-et-lagrave\/\">Lire la suite<\/a><\/p>\n","protected":false},"author":5,"featured_media":0,"comment_status":"closed","ping_status":"closed","sticky":false,"template":"","format":"standard","meta":{"footnotes":""},"categories":[27,6,10,28],"tags":[],"class_list":["post-3751","post","type-post","status-publish","format-standard","hentry","category-annee-2019","category-dans-les-etablissements","category-gironde-33","category-jouons-ensemble-aux-mathematiques","nodate","item-wrap"],"_links":{"self":[{"href":"https:\/\/ent2d.ac-bordeaux.fr\/disciplines\/semaine-des-maths\/wp-json\/wp\/v2\/posts\/3751","targetHints":{"allow":["GET"]}}],"collection":[{"href":"https:\/\/ent2d.ac-bordeaux.fr\/disciplines\/semaine-des-maths\/wp-json\/wp\/v2\/posts"}],"about":[{"href":"https:\/\/ent2d.ac-bordeaux.fr\/disciplines\/semaine-des-maths\/wp-json\/wp\/v2\/types\/post"}],"author":[{"embeddable":true,"href":"https:\/\/ent2d.ac-bordeaux.fr\/disciplines\/semaine-des-maths\/wp-json\/wp\/v2\/users\/5"}],"replies":[{"embeddable":true,"href":"https:\/\/ent2d.ac-bordeaux.fr\/disciplines\/semaine-des-maths\/wp-json\/wp\/v2\/comments?post=3751"}],"version-history":[{"count":5,"href":"https:\/\/ent2d.ac-bordeaux.fr\/disciplines\/semaine-des-maths\/wp-json\/wp\/v2\/posts\/3751\/revisions"}],"predecessor-version":[{"id":3803,"href":"https:\/\/ent2d.ac-bordeaux.fr\/disciplines\/semaine-des-maths\/wp-json\/wp\/v2\/posts\/3751\/revisions\/3803"}],"wp:attachment":[{"href":"https:\/\/ent2d.ac-bordeaux.fr\/disciplines\/semaine-des-maths\/wp-json\/wp\/v2\/media?parent=3751"}],"wp:term":[{"taxonomy":"category","embeddable":true,"href":"https:\/\/ent2d.ac-bordeaux.fr\/disciplines\/semaine-des-maths\/wp-json\/wp\/v2\/categories?post=3751"},{"taxonomy":"post_tag","embeddable":true,"href":"https:\/\/ent2d.ac-bordeaux.fr\/disciplines\/semaine-des-maths\/wp-json\/wp\/v2\/tags?post=3751"}],"curies":[{"name":"wp","href":"https:\/\/api.w.org\/{rel}","templated":true}]}}