{"id":3724,"date":"2019-03-04T02:26:27","date_gmt":"2019-03-04T01:26:27","guid":{"rendered":"https:\/\/ent2d.ac-bordeaux.fr\/disciplines\/semaine-des-maths\/?p=3724"},"modified":"2019-09-23T14:13:10","modified_gmt":"2019-09-23T12:13:10","slug":"inauguration-academique-2019","status":"publish","type":"post","link":"https:\/\/ent2d.ac-bordeaux.fr\/disciplines\/semaine-des-maths\/2019\/03\/04\/inauguration-academique-2019\/","title":{"rendered":"Inauguration acad\u00e9mique 2019 \u00e0 l&#8217;universit\u00e9 de Bordeaux"},"content":{"rendered":"<p><img loading=\"lazy\" decoding=\"async\" class=\"wp-image-3694 alignright\" src=\"https:\/\/ent2d.ac-bordeaux.fr\/disciplines\/semaine-des-maths\/wp-content\/uploads\/sites\/17\/2019\/02\/SDM-2019-Affiche-acad\u00e9mique-697x1024.jpg\" alt=\"\" width=\"136\" height=\"200\" srcset=\"https:\/\/ent2d.ac-bordeaux.fr\/disciplines\/semaine-des-maths\/wp-content\/uploads\/sites\/17\/2019\/02\/SDM-2019-Affiche-acad\u00e9mique-697x1024.jpg 697w, https:\/\/ent2d.ac-bordeaux.fr\/disciplines\/semaine-des-maths\/wp-content\/uploads\/sites\/17\/2019\/02\/SDM-2019-Affiche-acad\u00e9mique-204x300.jpg 204w, https:\/\/ent2d.ac-bordeaux.fr\/disciplines\/semaine-des-maths\/wp-content\/uploads\/sites\/17\/2019\/02\/SDM-2019-Affiche-acad\u00e9mique-768x1129.jpg 768w\" sizes=\"auto, (max-width: 136px) 100vw, 136px\" \/>L&#8217;inauguration acad\u00e9mique de la semaine des math\u00e9matiques 2019 aura lieu le mardi 12 mars \u00e0 l&#8217;universit\u00e9 de Bordeaux. Elle accueillera environ 250 \u00e9l\u00e8ves du primaire au lyc\u00e9e venant de Gironde, Dordogne et Lot-et-Garonne, impliqu\u00e9s pendant l&#8217;ann\u00e9e dans des projets sur la th\u00e9matiques des math\u00e9matiques et du jeu. Le <a href=\"https:\/\/ent2d.ac-bordeaux.fr\/disciplines\/semaine-des-maths\/wp-content\/uploads\/sites\/17\/2019\/03\/Prog-inauguration-SDM2019-\u00e0-Bordeaux-12.3.2019.pdf\">programme tr\u00e8s riche<\/a> pr\u00e9voit une conf\u00e9rence, un spectacle et des ateliers sur le th\u00e8me du jeu.<\/p>\n<p><span class=\"newscontenu\">La journ\u00e9e sera suivie \u00e0 19h (amphi du LaBRI) par une <a href=\"https:\/\/ent2d.ac-bordeaux.fr\/disciplines\/semaine-des-maths\/2019\/03\/04\/projection-du-film-alphago-12-mars-2019-labri\/\">projection gratuite du film documentaire AlphaGo<\/a> suivie d&#8217;une discussion sur le th\u00e8me de l&#8217;intelligence artificielle \u00e0 destination des \u00e9tudiants et du grand public.<\/span><img loading=\"lazy\" decoding=\"async\" class=\"wp-image-970 aligncenter\" src=\"https:\/\/ent2d.ac-bordeaux.fr\/disciplines\/semaine-des-maths\/wp-content\/uploads\/sites\/17\/2016\/03\/logo-univ-bordeaux.png\" alt=\"\" width=\"262\" height=\"92\" srcset=\"https:\/\/ent2d.ac-bordeaux.fr\/disciplines\/semaine-des-maths\/wp-content\/uploads\/sites\/17\/2016\/03\/logo-univ-bordeaux.png 320w, https:\/\/ent2d.ac-bordeaux.fr\/disciplines\/semaine-des-maths\/wp-content\/uploads\/sites\/17\/2016\/03\/logo-univ-bordeaux-300x105.png 300w\" sizes=\"auto, (max-width: 262px) 100vw, 262px\" \/><\/p>\n<p><img loading=\"lazy\" decoding=\"async\" class=\"size-full wp-image-3743 aligncenter\" src=\"https:\/\/ent2d.ac-bordeaux.fr\/disciplines\/semaine-des-maths\/wp-content\/uploads\/sites\/17\/2019\/03\/Logos-partenaires-inauguration-SDM-2019.png\" alt=\"\" width=\"841\" height=\"223\" srcset=\"https:\/\/ent2d.ac-bordeaux.fr\/disciplines\/semaine-des-maths\/wp-content\/uploads\/sites\/17\/2019\/03\/Logos-partenaires-inauguration-SDM-2019.png 841w, https:\/\/ent2d.ac-bordeaux.fr\/disciplines\/semaine-des-maths\/wp-content\/uploads\/sites\/17\/2019\/03\/Logos-partenaires-inauguration-SDM-2019-300x80.png 300w, https:\/\/ent2d.ac-bordeaux.fr\/disciplines\/semaine-des-maths\/wp-content\/uploads\/sites\/17\/2019\/03\/Logos-partenaires-inauguration-SDM-2019-768x204.png 768w\" sizes=\"auto, (max-width: 841px) 100vw, 841px\" \/><\/p>\n<h2>Programme de la journ\u00e9e<\/h2>\n<ul>\n<li>9h30 : Accueil des classes participantes et des partenaires<\/li>\n<li>9h45 : Ouverture<\/li>\n<li>10h : Conf\u00e9rence inaugurale <em>Les math\u00e9matiques du billard<\/em> par Elise Goujard, g\u00e9om\u00e8tre, ma\u00eetre de<br \/>\nconf\u00e9rences \u00e0 l\u2019Institut de Math\u00e9matiques de Bordeaux<\/li>\n<li>10h30 : T\u00e9moignages de projets de classes : coll\u00e8ge Ausone de Bazas (33) et coll\u00e8ge Jean Rostand de<br \/>\nMontpon-Menestrol (24)<\/li>\n<li>10h45 : Remise de prix du<a href=\"https:\/\/ent2d.ac-bordeaux.fr\/disciplines\/semaine-des-maths\/2019\/02\/14\/concours-affiche-2019-resultats\/\"> concours d\u2019affiche acad\u00e9mique<\/a><\/li>\n<li>11h :\u00a0 <a href=\"https:\/\/ent2d.ac-bordeaux.fr\/disciplines\/semaine-des-maths\/2019\/02\/13\/spectacle-louis-14-0\/\">Spectacle<em> LOUIS 14.0<\/em><\/a> (ensemble Les Pr\u00e9cieuses \/ Inria) ou Comment les math\u00e9matiques peuvent<br \/>\nservir le jeu musical !<\/li>\n<li>12h30 : Pause m\u00e9ridienne<\/li>\n<li>13h30 : Ateliers \u00ab Maths et Jeux \u00bb sous forme de deux sessions successives<\/li>\n<li>15h30 : Fin de l\u2019\u00e9v\u00e8nement pour les scolaires<\/li>\n<li>19h: <span class=\"newscontenu\"><a href=\"https:\/\/ent2d.ac-bordeaux.fr\/disciplines\/semaine-des-maths\/2019\/03\/04\/projection-du-film-alphago-12-mars-2019-labri\/\">projection gratuite du film documentaire AlphaGo<\/a> suivie d&#8217;une discussion sur le th\u00e8me de l&#8217;intelligence artificielle<\/span><\/li>\n<\/ul>\n<p style=\"text-align: right\"><em>T\u00e9l\u00e9chargez <strong><a href=\"https:\/\/ent2d.ac-bordeaux.fr\/disciplines\/semaine-des-maths\/wp-content\/uploads\/sites\/17\/2019\/03\/Prog-inauguration-SDM2019-\u00e0-Bordeaux-12.3.2019.pdf\">le programme complet de la journ\u00e9e au format PDF<\/a><\/strong>.<\/em><\/p>\n<h2>Ateliers \u00ab Maths et Jeux \u00bb<\/h2>\n<p>L&#8217;apr\u00e8s-midi sont pr\u00e9vus des ateliers sur deux cr\u00e9neaux : 13h30-14h30 et de 14h40-15h40<\/p>\n<ul>\n<li><strong>Ateliers d\u00e9branch\u00e9s<\/strong> : anim\u00e9 par Inria (institut national de recherche d\u00e9di\u00e9 aux sciences du num\u00e9rique)<br \/>\nDes activit\u00e9s ludiques pour mieux comprendre les maths et l&#8217;informatique. Introduction \u00e0 la notion<br \/>\nd&#8217;algorithmes et aux strat\u00e9gies gagnantes par le jeu de Nim, cr\u00eapier, chemin le plus court (cycles 3 et 4).<\/li>\n<li><strong>Echecs et Maths<\/strong>, anim\u00e9 par Jean-Luc Feit du Comit\u00e9 d\u00e9partemental du jeu d\u2019\u00e9checs et Jean-Renaud Lagunes du club \u00ab l\u2019\u00e9chiquier bordelais \u00bb<br \/>\nAtelier d\u2019initiation au d\u00e9placement des pi\u00e8ces d\u2019un \u00e9chiquier avec une vis\u00e9e math\u00e9matique.<\/li>\n<li><strong>Informatique d\u00e9branch\u00e9e<\/strong>, anim\u00e9 par Caroline Sulek et Marie Sarraute de l&#8217;Atelier CANOP\u00c9 33<br \/>\nTransmettre quelques notions de base de fa\u00e7on ludique et sans aucun recours \u00e0 l&#8217;ordinateur afin de saisir le sens m\u00eame de la pens\u00e9e informatique avec les concepts fondamentaux qui la constitue : jeu de la machine \u00e0 trier, jeu cargo-bot, jeu &#8220;plan\u00e8te code&#8221; (\u00e9l\u00e8ves de cycle 2 et 3).<\/li>\n<li><strong>Jeu Mathador<\/strong>, anim\u00e9 par Emmanuelle Hoarau du r\u00e9seau CANOP\u00c9<br \/>\nJeu ludique et efficace pour pratiquer le calcul mental r\u00e9fl\u00e9chi et automatis\u00e9. Bas\u00e9 sur le principe du compte est bon, le jeu consiste \u00e0 trouver un r\u00e9sultat cible en combinant 5 nombres donn\u00e9s avec les 4 op\u00e9rations (\u00e9l\u00e8ves de cycle 3 et 4).<\/li>\n<li><strong>Jeu de Bridge<\/strong> anim\u00e9 par 8 \u00e9l\u00e8ves du coll\u00e8ge de Lavardac (Jacques-Olivier All\u00e8gre, professeur de<br \/>\nmath\u00e9matiques) et le Comit\u00e9 de Guyenne de Bridge (Pascal Pernot, vice-pr\u00e9sident) : Atelier d\u2019initiation (\u00e0 partir de la 3\u00e8me)<\/li>\n<li><strong>Jeu de GO<\/strong>, anim\u00e9 par Fan Hui, triple champion europ\u00e9en, et Olivier Claverie, pr\u00e9sident du club Kitani de<br \/>\nBordeaux : Atelier d\u2019initiation au jeu de go (pour tout \u00e2ge)<\/li>\n<li><strong>ouer sur les mots en math\u00e9matiques<\/strong> : anim\u00e9 par Michel Mouyssinat, chercheur math\u00e9maticien<br \/>\nJeux autour de l&#8217;abaque \u00e0 jetons, \u00e9nigmes \u00e0 r\u00e9soudre et d\u00e9couverte du Kit \u00ab homo calculus \u00bb<br \/>\n(\u00e0 partir du coll\u00e8ge)<\/li>\n<li><a href=\"http:\/\/mathsamodeler.labri.fr\/\"><strong>Maths \u00e0 modeler<\/strong><\/a>, anim\u00e9 par Herv\u00e9 Hocquard, ma\u00eetre de conf\u00e9rences au LaBRI (Universit\u00e9 de Bordeaux)<br \/>\nLes oiseaux migrateurs, le carrelage de la cuisine, les abeilles, l\u2019empilement de pi\u00e8ces. Sur des supports<br \/>\nmat\u00e9riels ludiques, les \u00e9l\u00e8ves sont invit\u00e9s \u00e0 r\u00e9fl\u00e9chir sur un probl\u00e8me ouvert li\u00e9 \u00e0 des probl\u00e8mes difficiles en informatique fondamentale\/math\u00e9matiques discr\u00e8tes. Ces situations recherches visent \u00e0 sortir l&#8217;\u00e9l\u00e8ve du contrat didactique usuel de l&#8217;environnement scolaire, en les confrontant \u00e0 un probl\u00e8me pour lequel ils ne savent pas quels savoirs appliquer. Ceci doit les amener dans la d\u00e9marche du chercheur : exp\u00e9rimentation initiale, \u00e9mission de conjecture, tentative de preuve. (\u00e9l\u00e8ves de coll\u00e8ge et lyc\u00e9e)<\/li>\n<li><strong>MATh.en.JEANS<\/strong>, anim\u00e9 par plusieurs groupes de lyc\u00e9ens et \u00e9tudiants<br \/>\nPr\u00e9sentation des travaux de recherche de diff\u00e9rents groupes MATh.en.JEANS (\u00e9l\u00e8ves de 3\u00e8me et lyc\u00e9ens)<\/li>\n<li><strong>Datagramme<\/strong>, anim\u00e9 par Inria (institut national de recherche d\u00e9di\u00e9 aux sciences du num\u00e9rique)<br \/>\nVenez tester votre culture scientifique avec le jeu de plateau Datagramme en r\u00e9pondant \u00e0 une vari\u00e9t\u00e9 de questions sur les sciences du num\u00e9riques ! Il faudra faire les bons choix et percer les myst\u00e8res des m\u00e9canismes des jeux de l&#8217;oie et du memory pour en savoir un peu plus sur le fonctionnement des algorithmes.<\/li>\n<li><strong>Trivial Matik et Math&#8217;s up<\/strong> : anim\u00e9s par les \u00e9l\u00e8ves de 2nde10 du lyc\u00e9e Victor Louis de Talence (33)<br \/>\nJeux de Trivial Pursuit et Time&#8217;s up \u00e0 th\u00e8mes math\u00e9matiques cr\u00e9\u00e9s par des \u00e9l\u00e8ves de seconde pour des \u00e9l\u00e8ves \u00e0 partir de 14-15 ans.<\/li>\n<\/ul>\n<p>&nbsp;<\/p>\n<p style=\"text-align: right\"><em>T\u00e9l\u00e9chargez <strong><a href=\"https:\/\/ent2d.ac-bordeaux.fr\/disciplines\/semaine-des-maths\/wp-content\/uploads\/sites\/17\/2019\/03\/Prog-inauguration-SDM2019-\u00e0-Bordeaux-12.3.2019.pdf\">le programme complet de la journ\u00e9e au format PDF<\/a><\/strong>.<\/em><\/p>\n<p><img loading=\"lazy\" decoding=\"async\" class=\"size-full wp-image-4227 aligncenter\" src=\"https:\/\/ent2d.ac-bordeaux.fr\/disciplines\/semaine-des-maths\/wp-content\/uploads\/sites\/17\/2019\/03\/SDM2019-Inauguration.png\" alt=\"\" width=\"573\" height=\"429\" srcset=\"https:\/\/ent2d.ac-bordeaux.fr\/disciplines\/semaine-des-maths\/wp-content\/uploads\/sites\/17\/2019\/03\/SDM2019-Inauguration.png 573w, https:\/\/ent2d.ac-bordeaux.fr\/disciplines\/semaine-des-maths\/wp-content\/uploads\/sites\/17\/2019\/03\/SDM2019-Inauguration-300x225.png 300w\" sizes=\"auto, (max-width: 573px) 100vw, 573px\" \/><\/p>\n","protected":false},"excerpt":{"rendered":"<p>L&#8217;inauguration acad\u00e9mique de la semaine des math\u00e9matiques 2019 aura lieu le mardi 12 mars \u00e0 l&#8217;universit\u00e9 de Bordeaux. Elle accueillera environ 250 \u00e9l\u00e8ves du primaire au lyc\u00e9e venant de Gironde, Dordogne et Lot-et-Garonne, impliqu\u00e9s pendant l&#8217;ann\u00e9e dans des projets sur la th\u00e9matiques des math\u00e9matiques et du jeu. Le programme tr\u00e8s riche pr\u00e9voit une conf\u00e9rence, un &hellip; <\/p>\n<p><a class=\"more-link btn\" href=\"https:\/\/ent2d.ac-bordeaux.fr\/disciplines\/semaine-des-maths\/2019\/03\/04\/inauguration-academique-2019\/\">Lire la suite<\/a><\/p>\n","protected":false},"author":5,"featured_media":3694,"comment_status":"closed","ping_status":"closed","sticky":false,"template":"","format":"standard","meta":{"footnotes":""},"categories":[2,27,8,5,10,28,12],"tags":[],"class_list":["post-3724","post","type-post","status-publish","format-standard","has-post-thumbnail","hentry","category-1er-degre","category-annee-2019","category-dordogne-24","category-conferences-evenements-expositions","category-gironde-33","category-jouons-ensemble-aux-mathematiques","category-lot-et-garonne-47","nodate","item-wrap"],"_links":{"self":[{"href":"https:\/\/ent2d.ac-bordeaux.fr\/disciplines\/semaine-des-maths\/wp-json\/wp\/v2\/posts\/3724","targetHints":{"allow":["GET"]}}],"collection":[{"href":"https:\/\/ent2d.ac-bordeaux.fr\/disciplines\/semaine-des-maths\/wp-json\/wp\/v2\/posts"}],"about":[{"href":"https:\/\/ent2d.ac-bordeaux.fr\/disciplines\/semaine-des-maths\/wp-json\/wp\/v2\/types\/post"}],"author":[{"embeddable":true,"href":"https:\/\/ent2d.ac-bordeaux.fr\/disciplines\/semaine-des-maths\/wp-json\/wp\/v2\/users\/5"}],"replies":[{"embeddable":true,"href":"https:\/\/ent2d.ac-bordeaux.fr\/disciplines\/semaine-des-maths\/wp-json\/wp\/v2\/comments?post=3724"}],"version-history":[{"count":7,"href":"https:\/\/ent2d.ac-bordeaux.fr\/disciplines\/semaine-des-maths\/wp-json\/wp\/v2\/posts\/3724\/revisions"}],"predecessor-version":[{"id":4228,"href":"https:\/\/ent2d.ac-bordeaux.fr\/disciplines\/semaine-des-maths\/wp-json\/wp\/v2\/posts\/3724\/revisions\/4228"}],"wp:featuredmedia":[{"embeddable":true,"href":"https:\/\/ent2d.ac-bordeaux.fr\/disciplines\/semaine-des-maths\/wp-json\/wp\/v2\/media\/3694"}],"wp:attachment":[{"href":"https:\/\/ent2d.ac-bordeaux.fr\/disciplines\/semaine-des-maths\/wp-json\/wp\/v2\/media?parent=3724"}],"wp:term":[{"taxonomy":"category","embeddable":true,"href":"https:\/\/ent2d.ac-bordeaux.fr\/disciplines\/semaine-des-maths\/wp-json\/wp\/v2\/categories?post=3724"},{"taxonomy":"post_tag","embeddable":true,"href":"https:\/\/ent2d.ac-bordeaux.fr\/disciplines\/semaine-des-maths\/wp-json\/wp\/v2\/tags?post=3724"}],"curies":[{"name":"wp","href":"https:\/\/api.w.org\/{rel}","templated":true}]}}