{"id":3508,"date":"2019-01-13T09:22:43","date_gmt":"2019-01-13T08:22:43","guid":{"rendered":"https:\/\/ent2d.ac-bordeaux.fr\/disciplines\/semaine-des-maths\/?p=3508"},"modified":"2019-08-20T16:41:37","modified_gmt":"2019-08-20T14:41:37","slug":"temoignage-semaine-des-maths-lycee-kastler","status":"publish","type":"post","link":"https:\/\/ent2d.ac-bordeaux.fr\/disciplines\/semaine-des-maths\/2019\/01\/13\/temoignage-semaine-des-maths-lycee-kastler\/","title":{"rendered":"T\u00e9moignage :  la semaine des maths au lyc\u00e9e A.Kastler de Talence"},"content":{"rendered":"<p>L&#8217;un des objectifs de la semaine des maths est de faire parler des math\u00e9matiques, de les rendre visibles dans chaque \u00e9tablissement. Justement, le lyc\u00e9e A.Kastler de Talence (33) y parvient par des moments de convivialit\u00e9 qui touchent un grand nombre d&#8217;\u00e9l\u00e8ves et d&#8217;enseignants:\u00a0un atelier\u00a0 de jeux de soci\u00e9t\u00e9 et de r\u00e9flexion tous les jours de la semaine, un concours d&#8217;\u00e9nigmes et une dict\u00e9e scientifique. Leur t\u00e9moignage pr\u00e9cieux nous livre tous les d\u00e9tails de l&#8217;organisation (en compl\u00e9ment de <a href=\"http:\/\/www.lyceekastler.fr\/index.php?id_menu=69&amp;id_article=108\">la pr\u00e9sentation sur le site du lyc\u00e9e<\/a>).<br \/>\n<img loading=\"lazy\" decoding=\"async\" class=\"size-full wp-image-3510 alignright\" src=\"https:\/\/ent2d.ac-bordeaux.fr\/disciplines\/semaine-des-maths\/wp-content\/uploads\/sites\/17\/2019\/01\/Kastler2.png\" alt=\"\" width=\"260\" height=\"345\" srcset=\"https:\/\/ent2d.ac-bordeaux.fr\/disciplines\/semaine-des-maths\/wp-content\/uploads\/sites\/17\/2019\/01\/Kastler2.png 260w, https:\/\/ent2d.ac-bordeaux.fr\/disciplines\/semaine-des-maths\/wp-content\/uploads\/sites\/17\/2019\/01\/Kastler2-226x300.png 226w\" sizes=\"auto, (max-width: 260px) 100vw, 260px\" \/><\/p>\n<h1>Un atelier jeux ouvert \u00e0 tous<\/h1>\n<p>Un atelier jeux de soci\u00e9t\u00e9 et de r\u00e9flexion est propos\u00e9 chaque jour de la semaine des maths sur la pause m\u00e9ridienne, entre 12h \u00e0 14h. Il est ouvert \u00e0 tous, \u00e9l\u00e8ves, enseignants et personnels. Il s&#8217;installe dans une grande salle au c\u0153ur du lyc\u00e9e, dans un endroit tr\u00e8s passant. Lorsque le temps le permet, les portes restent grandes ouvertes, les tables sont sorties et l&#8217;atelier s&#8217;\u00e9tend dans la cour du lyc\u00e9e.<\/p>\n<p>L\u2019\u00e9quipe des enseignants de math\u00e9matiques a rassembl\u00e9 de nombreux jeux de r\u00e9flexion et de soci\u00e9t\u00e9, des casse-t\u00eates personnels, certains jeux sont achet\u00e9s par le lyc\u00e9e, d&#8217;autres sont des jeux personnels. Parmi les jeux qui remportent le plus de succ\u00e8s aupr\u00e8s des participants, on peut citer:<\/p>\n<p style=\"text-align: right\">Blokus \u2013 Perudo \u2013 Pique Plume \u2013 Ricochet Robots \u2013 Pentago \u2013 Bazar Bizarre \u2013 Mille Sabords \u2013 Uno \u2013 Panic Lab \u2013 Qwirkle \u2013 Rush hour \u2013 Tipover \u2013 Jeux de cartes \u2013 Quoridor \u2013 6 qui prend \u2013 Anti Virus \u2013 Gravity Maze.<\/p>\n<p style=\"text-align: left\"><img loading=\"lazy\" decoding=\"async\" class=\" wp-image-3509 alignright\" src=\"https:\/\/ent2d.ac-bordeaux.fr\/disciplines\/semaine-des-maths\/wp-content\/uploads\/sites\/17\/2019\/01\/kastler1.png\" alt=\"\" width=\"256\" height=\"193\" srcset=\"https:\/\/ent2d.ac-bordeaux.fr\/disciplines\/semaine-des-maths\/wp-content\/uploads\/sites\/17\/2019\/01\/kastler1.png 345w, https:\/\/ent2d.ac-bordeaux.fr\/disciplines\/semaine-des-maths\/wp-content\/uploads\/sites\/17\/2019\/01\/kastler1-300x226.png 300w\" sizes=\"auto, (max-width: 256px) 100vw, 256px\" \/>L&#8217;atelier est anim\u00e9 chaque jour par 2 ou 3 enseignants de math\u00e9matiques, selon un planning \u00e9tabli en avance. L&#8217;information est relay\u00e9e \u00e0 l\u2019avance \u00e9galement par les enseignants aupr\u00e8s de leurs \u00e9l\u00e8ves et par des affiches. Le jour J, les enseignants animateurs de l\u2019atelier n&#8217;h\u00e9sitent pas \u00e0 aller chercher les \u00e9l\u00e8ves par la main, souvent curieux mais parfois h\u00e9sitants \u00e0 s\u2019approcher.<\/p>\n<h1>Un concours d&#8217;\u00e9nigmes<\/h1>\n<p>Au del\u00e0 de l&#8217;atelier Jeux, un concours d\u2019\u00e9nigmes est \u00e9galement propos\u00e9 \u00e0 l\u2019ensemble des \u00e9l\u00e8ves du lyc\u00e9e.<\/p>\n<p>De nombreuses \u00e9nigmes sont rep\u00e9r\u00e9es bien en avance par les enseignants, de niveaux vari\u00e9s. Apr\u00e8s quelques tests, 5 ou 6 seulement sont s\u00e9lectionn\u00e9es et class\u00e9es par difficult\u00e9 croissante, en commen\u00e7ant par une tr\u00e8s facile. Sont privil\u00e9gi\u00e9es les \u00e9nigmes dont la r\u00e9ponse tient en un mot ou un nombre, car cela facilite le remplissage du bulletin-r\u00e9ponse. Chaque \u00e9nigme se voit attribuer un nombre de points.<\/p>\n<p>L&#8217;affiche du concours rassemble toutes les \u00e9nigmes (par difficult\u00e9 croissante), elle sera post\u00e9e sur le site web du lyc\u00e9e et affich\u00e9e en de nombreux lieux. Les professeurs en font \u00e9galement bonne publicit\u00e9 aupr\u00e8s des \u00e9l\u00e8ves avant et pendant la p\u00e9riode d&#8217;ouverture.<\/p>\n<p><img loading=\"lazy\" decoding=\"async\" class=\"size-full wp-image-3518 alignright\" src=\"https:\/\/ent2d.ac-bordeaux.fr\/disciplines\/semaine-des-maths\/wp-content\/uploads\/sites\/17\/2019\/01\/Kastler3.png\" alt=\"\" width=\"363\" height=\"167\" srcset=\"https:\/\/ent2d.ac-bordeaux.fr\/disciplines\/semaine-des-maths\/wp-content\/uploads\/sites\/17\/2019\/01\/Kastler3.png 363w, https:\/\/ent2d.ac-bordeaux.fr\/disciplines\/semaine-des-maths\/wp-content\/uploads\/sites\/17\/2019\/01\/Kastler3-300x138.png 300w\" sizes=\"auto, (max-width: 363px) 100vw, 363px\" \/>L&#8217;urne et les bulletins-r\u00e9ponse sont laiss\u00e9s \u00e0 disposition des participants au CDI pour la dur\u00e9e du concours. Les ann\u00e9es pr\u00e9c\u00e9dentes, cette dur\u00e9e \u00e9tait de 7 jours, mais elle passera sans doute \u00e0 14h en 2019 pour laisser plus de temps de recherche.<\/p>\n<p><strong>Une bonne id\u00e9e<\/strong> : Commencer le concours pendant quelques instants avec les \u00e9l\u00e8ves en classe, par exemple en projetant l&#8217;affiche et en laissant un petit temps de recherche, avant de sugg\u00e9rer aux \u00e9l\u00e8ves de poursuivre seuls.<\/p>\n<p>D\u00e8s la fin du concours (le vendredi de la semaine des maths \u00e0 16h), les enseignants ouvrent l\u2019urne et calculent le total des points pour chaque bulletin-r\u00e9ponse (mieux le bulletin-r\u00e9ponse est pens\u00e9, plus c\u2019est rapide). Les 3 meilleurs scores par niveau (2<sup>nde<\/sup>, 1<sup>\u00e8re<\/sup>, Tale, Post bac sont affich\u00e9s dans la foul\u00e9e ainsi qu&#8217;une affiche avec les r\u00e9ponses (\u00e0 pr\u00e9parer au pr\u00e9alable). Les gagnants sont en g\u00e9n\u00e9ral r\u00e9compens\u00e9s d&#8217;une place de cin\u00e9ma.<\/p>\n<p><strong>\u00c9nigmes des ann\u00e9es pr\u00e9c\u00e9dentes :<\/strong><\/p>\n<ul>\n<li><a href=\"https:\/\/ent2d.ac-bordeaux.fr\/disciplines\/semaine-des-maths\/wp-content\/uploads\/sites\/17\/2019\/01\/Affiche-Enigmes-2017.pdf\">Affiche Enigmes 2017<\/a> &#8211; <a href=\"https:\/\/ent2d.ac-bordeaux.fr\/disciplines\/semaine-des-maths\/wp-content\/uploads\/sites\/17\/2019\/01\/Feuille-r\u00e9ponses-2017.pdf\">Feuille r\u00e9ponses 2017<\/a><\/li>\n<li><a href=\"https:\/\/ent2d.ac-bordeaux.fr\/disciplines\/semaine-des-maths\/wp-content\/uploads\/sites\/17\/2019\/01\/Affiche-\u00e9nigmes-2018.pdf\">Affiche \u00e9nigmes 2018<\/a> &#8211; <a href=\"https:\/\/ent2d.ac-bordeaux.fr\/disciplines\/semaine-des-maths\/wp-content\/uploads\/sites\/17\/2019\/01\/Feuille-r\u00e9ponses-2018.pdf\">Feuille r\u00e9ponses 2018<\/a><\/li>\n<\/ul>\n<h2><img loading=\"lazy\" decoding=\"async\" class=\"wp-image-3207 alignright\" src=\"https:\/\/ent2d.ac-bordeaux.fr\/disciplines\/semaine-des-maths\/wp-content\/uploads\/sites\/17\/2018\/11\/dict\u00e9e.png\" alt=\"\" width=\"260\" height=\"227\" srcset=\"https:\/\/ent2d.ac-bordeaux.fr\/disciplines\/semaine-des-maths\/wp-content\/uploads\/sites\/17\/2018\/11\/dict\u00e9e.png 586w, https:\/\/ent2d.ac-bordeaux.fr\/disciplines\/semaine-des-maths\/wp-content\/uploads\/sites\/17\/2018\/11\/dict\u00e9e-300x262.png 300w\" sizes=\"auto, (max-width: 260px) 100vw, 260px\" \/><\/h2>\n<h1>Une dict\u00e9e scientifique<\/h1>\n<p>En plus des actions pr\u00e9c\u00e9dente, une trentaine d&#8217;\u00e9l\u00e8ves et personnels volontaires participent \u00e0 une dict\u00e9e scientifique. Voici\u00a0 quelques conseils pour son organisation.<\/p>\n<h3>Plusieurs mois \u00e0 l\u2019avance<\/h3>\n<ul>\n<li>Recherche de quelques textes, \u00e9changes entre coll\u00e8gues, discussion, choix d\u00e9finitif du texte. Une dict\u00e9e d\u2019environ 150 mots est raisonnable.<\/li>\n<li>Choix de la date de la dict\u00e9e. Au lyc\u00e9e Kastler, elle a lieu en g\u00e9n\u00e9ral le jeudi suivant la semaine des maths (plus calme) entre 13h00 et 14h00.<\/li>\n<\/ul>\n<h3>Un mois \u00e0 l\u2019avance<\/h3>\n<ul>\n<li>Diffusion de l\u2019information \u00e0 tous les \u00e9l\u00e8ves du lyc\u00e9e par l\u2019interm\u00e9diaire des enseignants de math\u00e9matiques. Nous informons du jour mais pas de l\u2019heure.<\/li>\n<li>Chacun encourage les \u00e9l\u00e8ves \u00e0 participer et note les volontaires.<br \/>\nInformation \u00e9galement par affichage dans les couloirs (voir doc joint Affiche dict\u00e9e).<\/li>\n<li>L\u2019\u00e9quipe de math\u00e9matiques demande alors aux coll\u00e8gues des cours impact\u00e9s leur accord pour que les \u00e9l\u00e8ves volontaires participent \u00e0 la dict\u00e9e. Si accord des professeurs impact\u00e9s, convocation transmise aux \u00e9l\u00e8ves pour la dict\u00e9e.<\/li>\n<li>En parall\u00e8le, invitation de tous les personnels du lyc\u00e9e (enseignants ou pas) \u00e0 participer \u00e0 la dict\u00e9e.<\/li>\n<\/ul>\n<h3>D\u00e9roul\u00e9 de la dict\u00e9e (Dur\u00e9e totale : environ 50 minutes)<\/h3>\n<ul>\n<li>Installation des participants.<\/li>\n<li>Lecture du texte.<\/li>\n<li>Dict\u00e9e du texte.<\/li>\n<li>Relecture.<\/li>\n<li>10\/15 minutes de relecture personnelle par les participants.<\/li>\n<li>Ramassage des copies.<\/li>\n<\/ul>\n<h3>La suite<\/h3>\n<ul>\n<li>Correction des copies.<\/li>\n<li>Nous entourons simplement les fautes et nous \u00e9valuons la qualit\u00e9 de la dict\u00e9e au nombre de fautes.<\/li>\n<li>Seules les 4\/5 meilleures copies sont retenues et corrig\u00e9es plus finement pour un classement final \u00e9quitable.<\/li>\n<li>Proclamation et affichage du palmar\u00e8s. R\u00e9compenses. Affichage du texte de la dict\u00e9e \u00e0 c\u00f4t\u00e9 du palmar\u00e8s.<\/li>\n<li>Retour des copies par l\u2019interm\u00e9diaire des coll\u00e8gues de math\u00e9matiques.<\/li>\n<\/ul>\n<h3>Les sujets<\/h3>\n<ul>\n<li><a href=\"https:\/\/ent2d.ac-bordeaux.fr\/disciplines\/semaine-des-maths\/wp-content\/uploads\/sites\/17\/2018\/11\/Dict\u00e9e-du-lyc\u00e9e-Kastler-2017.pdf\">Dict\u00e9e du lyc\u00e9e Kastler 2017<\/a> : <em>Texte de Jacques Stern, professeur d\u2019informatique \u00e0 l\u2019ENS<\/em><\/li>\n<li><a href=\"https:\/\/ent2d.ac-bordeaux.fr\/disciplines\/semaine-des-maths\/wp-content\/uploads\/sites\/17\/2018\/11\/Texte-Dict\u00e9e-Lyc\u00e9e-Kastler-2018.pdf\">Dict\u00e9e Lyc\u00e9e Kastler 2018<\/a> : D&#8217;apr\u00e8s<em> Le grand roman des maths &#8211; M.Launay<\/em><\/li>\n<li><a href=\"https:\/\/ent2d.ac-bordeaux.fr\/disciplines\/semaine-des-maths\/wp-content\/uploads\/sites\/17\/2019\/01\/Texte-Dict\u00e9e-2019.pdf\">Dict\u00e9e Lyc\u00e9e Kastler 2019<\/a>: D\u00b4apr\u00e8s <em>Le dictionnaire des Sciences- Michel SERRES et Nayla FAROUKI.<\/em><\/li>\n<li><a href=\"https:\/\/ent2d.ac-bordeaux.fr\/disciplines\/semaine-des-maths\/wp-content\/uploads\/sites\/17\/2018\/11\/Affiche-dict\u00e9e-2018.docx\">Affiche pour la dict\u00e9e. <\/a><\/li>\n<\/ul>\n","protected":false},"excerpt":{"rendered":"<p>L&#8217;un des objectifs de la semaine des maths est de faire parler des math\u00e9matiques, de les rendre visibles dans chaque \u00e9tablissement. Justement, le lyc\u00e9e Kastler y parvient par des moments de convivialit\u00e9 qui touchent un grand nombre d&#8217;\u00e9l\u00e8ves et d&#8217;enseignants: un atelier  de jeux de soci\u00e9t\u00e9 et de r\u00e9flexion tous les jours de la semaine, un concours d&#8217;\u00e9nigmes et une dict\u00e9e scientifique. Leur t\u00e9moignage pr\u00e9cieux nous livre tous les d\u00e9tails de l&#8217;organisation.<\/p>\n","protected":false},"author":64,"featured_media":3510,"comment_status":"closed","ping_status":"closed","sticky":false,"template":"","format":"standard","meta":{"footnotes":""},"categories":[27,6,10,28,14],"tags":[],"class_list":["post-3508","post","type-post","status-publish","format-standard","has-post-thumbnail","hentry","category-annee-2019","category-dans-les-etablissements","category-gironde-33","category-jouons-ensemble-aux-mathematiques","category-ressources","nodate","item-wrap"],"_links":{"self":[{"href":"https:\/\/ent2d.ac-bordeaux.fr\/disciplines\/semaine-des-maths\/wp-json\/wp\/v2\/posts\/3508","targetHints":{"allow":["GET"]}}],"collection":[{"href":"https:\/\/ent2d.ac-bordeaux.fr\/disciplines\/semaine-des-maths\/wp-json\/wp\/v2\/posts"}],"about":[{"href":"https:\/\/ent2d.ac-bordeaux.fr\/disciplines\/semaine-des-maths\/wp-json\/wp\/v2\/types\/post"}],"author":[{"embeddable":true,"href":"https:\/\/ent2d.ac-bordeaux.fr\/disciplines\/semaine-des-maths\/wp-json\/wp\/v2\/users\/64"}],"replies":[{"embeddable":true,"href":"https:\/\/ent2d.ac-bordeaux.fr\/disciplines\/semaine-des-maths\/wp-json\/wp\/v2\/comments?post=3508"}],"version-history":[{"count":13,"href":"https:\/\/ent2d.ac-bordeaux.fr\/disciplines\/semaine-des-maths\/wp-json\/wp\/v2\/posts\/3508\/revisions"}],"predecessor-version":[{"id":3941,"href":"https:\/\/ent2d.ac-bordeaux.fr\/disciplines\/semaine-des-maths\/wp-json\/wp\/v2\/posts\/3508\/revisions\/3941"}],"wp:featuredmedia":[{"embeddable":true,"href":"https:\/\/ent2d.ac-bordeaux.fr\/disciplines\/semaine-des-maths\/wp-json\/wp\/v2\/media\/3510"}],"wp:attachment":[{"href":"https:\/\/ent2d.ac-bordeaux.fr\/disciplines\/semaine-des-maths\/wp-json\/wp\/v2\/media?parent=3508"}],"wp:term":[{"taxonomy":"category","embeddable":true,"href":"https:\/\/ent2d.ac-bordeaux.fr\/disciplines\/semaine-des-maths\/wp-json\/wp\/v2\/categories?post=3508"},{"taxonomy":"post_tag","embeddable":true,"href":"https:\/\/ent2d.ac-bordeaux.fr\/disciplines\/semaine-des-maths\/wp-json\/wp\/v2\/tags?post=3508"}],"curies":[{"name":"wp","href":"https:\/\/api.w.org\/{rel}","templated":true}]}}