{"id":3451,"date":"2019-01-05T18:43:49","date_gmt":"2019-01-05T17:43:49","guid":{"rendered":"https:\/\/ent2d.ac-bordeaux.fr\/disciplines\/semaine-des-maths\/?p=3451"},"modified":"2019-03-03T00:38:14","modified_gmt":"2019-03-02T23:38:14","slug":"congres-math-en-jeans-de-pau-du-5-au-7-avril-2019","status":"publish","type":"post","link":"https:\/\/ent2d.ac-bordeaux.fr\/disciplines\/semaine-des-maths\/2019\/01\/05\/congres-math-en-jeans-de-pau-du-5-au-7-avril-2019\/","title":{"rendered":"Congr\u00e8s MATh.en.JEANS de Pau &#8211; du 5 au 7 avril 2019"},"content":{"rendered":"<p><img loading=\"lazy\" decoding=\"async\" class=\" wp-image-3715 alignright\" src=\"https:\/\/ent2d.ac-bordeaux.fr\/disciplines\/semaine-des-maths\/wp-content\/uploads\/sites\/17\/2019\/01\/affiche_congres-mej-2019_nationale-724x1024.png\" alt=\"\" width=\"273\" height=\"386\" srcset=\"https:\/\/ent2d.ac-bordeaux.fr\/disciplines\/semaine-des-maths\/wp-content\/uploads\/sites\/17\/2019\/01\/affiche_congres-mej-2019_nationale-724x1024.png 724w, https:\/\/ent2d.ac-bordeaux.fr\/disciplines\/semaine-des-maths\/wp-content\/uploads\/sites\/17\/2019\/01\/affiche_congres-mej-2019_nationale-212x300.png 212w, https:\/\/ent2d.ac-bordeaux.fr\/disciplines\/semaine-des-maths\/wp-content\/uploads\/sites\/17\/2019\/01\/affiche_congres-mej-2019_nationale-768x1086.png 768w, https:\/\/ent2d.ac-bordeaux.fr\/disciplines\/semaine-des-maths\/wp-content\/uploads\/sites\/17\/2019\/01\/affiche_congres-mej-2019_nationale.png 877w\" sizes=\"auto, (max-width: 273px) 100vw, 273px\" \/>Le congr\u00e8s MATh.en.JEANS de Pau se tiendra <strong>du 5 au 7 avril 2019<\/strong> et r\u00e9unira \u00e9l\u00e8ves, enseignants et chercheurs participant \u00e0 la d\u00e9marche, afin de partager leur passion des math\u00e9matiques. <strong>Tous les curieux, matheux ou non, seront bienvenus et pourront \u00e9galement participer aux activit\u00e9s de leur choix<\/strong> (dans la limite des places disponibles).<\/p>\n<p>Sur place, les \u00e9l\u00e8ves pr\u00e9senteront les recherches men\u00e9es tout au long de l\u2019ann\u00e9e\u00a0 sous forme de posters, d\u2019expos\u00e9s oraux et d\u2019ateliers sur le forum. Des conf\u00e9rences de chercheurs en math\u00e9matiques seront \u00e9galement propos\u00e9es chaque jour.<\/p>\n<h2>Informations pratiques<\/h2>\n<ul>\n<li><strong>Date<\/strong>: du 5 au 7 avril 2010<\/li>\n<li><strong>Lieu<\/strong>: \u00e0 l\u2019universit\u00e9 de Pau et des Pays de l\u2019Adour (UPPA)<\/li>\n<li><strong>Entr\u00e9e libre pour tous les curieux, matheux ou non <\/strong>(dans la limite des places disponibles).<\/li>\n<li><strong><a href=\"https:\/\/www.mathenjeans.fr\/congres2019\/pau\">Programme d\u00e9taill\u00e9 et autres informations pratiques<\/a><\/strong><\/li>\n<\/ul>\n<h2>L\u2019association MATh.en.JEANS<\/h2>\n<p><em>Depuis 1989, l\u2019association <a href=\"http:\/\/www.mathenjeans.fr\/\">MATh.en.JEANS<\/a> propose une m\u00e9thode visant \u00e0 faire vivre les math\u00e9matiques par les jeunes selon les principes de la recherche. Elle permet aux \u00e9l\u00e8ves de rencontrer des chercheurs et de pratiquer en milieu scolaire une authentique d\u00e9marche scientifique, avec ses dimensions aussi bien th\u00e9oriques qu\u2019appliqu\u00e9es et en prise avec des th\u00e8mes de recherche actuels. Pour l\u2019ann\u00e9e scolaire 2016-2017, plus de 3700 \u00e9l\u00e8ves, 470 enseignants et 160 chercheurs sont engag\u00e9s dans la d\u00e9marche en France et dans le monde. Pour en savoir plus sur l\u2019association et ses r\u00e9alisation, vous pouvez consulter <a href=\"http:\/\/www.mathenjeans.fr\/\">son site internet<\/a>.<\/em><\/p>\n","protected":false},"excerpt":{"rendered":"<p>Le congr\u00e8s MATh.en.JEANS de Pau se tiendra du 5 au 7 avril 2019 et r\u00e9unira \u00e9l\u00e8ves, enseignants et chercheurs participant \u00e0 la d\u00e9marche, afin de partager leur passion des math\u00e9matiques. Tous les curieux, matheux ou non, seront bienvenus et pourront \u00e9galement participer aux activit\u00e9s de leur choix (dans la limite des places disponibles). Sur place, &hellip; <\/p>\n<p><a class=\"more-link btn\" href=\"https:\/\/ent2d.ac-bordeaux.fr\/disciplines\/semaine-des-maths\/2019\/01\/05\/congres-math-en-jeans-de-pau-du-5-au-7-avril-2019\/\">Lire la suite<\/a><\/p>\n","protected":false},"author":5,"featured_media":3715,"comment_status":"closed","ping_status":"closed","sticky":false,"template":"","format":"standard","meta":{"footnotes":""},"categories":[27,5,13],"tags":[],"class_list":["post-3451","post","type-post","status-publish","format-standard","has-post-thumbnail","hentry","category-annee-2019","category-conferences-evenements-expositions","category-pyrenees-atlantiques-64","nodate","item-wrap"],"_links":{"self":[{"href":"https:\/\/ent2d.ac-bordeaux.fr\/disciplines\/semaine-des-maths\/wp-json\/wp\/v2\/posts\/3451","targetHints":{"allow":["GET"]}}],"collection":[{"href":"https:\/\/ent2d.ac-bordeaux.fr\/disciplines\/semaine-des-maths\/wp-json\/wp\/v2\/posts"}],"about":[{"href":"https:\/\/ent2d.ac-bordeaux.fr\/disciplines\/semaine-des-maths\/wp-json\/wp\/v2\/types\/post"}],"author":[{"embeddable":true,"href":"https:\/\/ent2d.ac-bordeaux.fr\/disciplines\/semaine-des-maths\/wp-json\/wp\/v2\/users\/5"}],"replies":[{"embeddable":true,"href":"https:\/\/ent2d.ac-bordeaux.fr\/disciplines\/semaine-des-maths\/wp-json\/wp\/v2\/comments?post=3451"}],"version-history":[{"count":7,"href":"https:\/\/ent2d.ac-bordeaux.fr\/disciplines\/semaine-des-maths\/wp-json\/wp\/v2\/posts\/3451\/revisions"}],"predecessor-version":[{"id":3718,"href":"https:\/\/ent2d.ac-bordeaux.fr\/disciplines\/semaine-des-maths\/wp-json\/wp\/v2\/posts\/3451\/revisions\/3718"}],"wp:featuredmedia":[{"embeddable":true,"href":"https:\/\/ent2d.ac-bordeaux.fr\/disciplines\/semaine-des-maths\/wp-json\/wp\/v2\/media\/3715"}],"wp:attachment":[{"href":"https:\/\/ent2d.ac-bordeaux.fr\/disciplines\/semaine-des-maths\/wp-json\/wp\/v2\/media?parent=3451"}],"wp:term":[{"taxonomy":"category","embeddable":true,"href":"https:\/\/ent2d.ac-bordeaux.fr\/disciplines\/semaine-des-maths\/wp-json\/wp\/v2\/categories?post=3451"},{"taxonomy":"post_tag","embeddable":true,"href":"https:\/\/ent2d.ac-bordeaux.fr\/disciplines\/semaine-des-maths\/wp-json\/wp\/v2\/tags?post=3451"}],"curies":[{"name":"wp","href":"https:\/\/api.w.org\/{rel}","templated":true}]}}