{"id":3220,"date":"2018-11-20T19:51:03","date_gmt":"2018-11-20T18:51:03","guid":{"rendered":"https:\/\/ent2d.ac-bordeaux.fr\/disciplines\/semaine-des-maths\/?p=3220"},"modified":"2022-12-05T07:18:17","modified_gmt":"2022-12-05T06:18:17","slug":"des-universitaires-dans-les-classes-2","status":"publish","type":"post","link":"https:\/\/ent2d.ac-bordeaux.fr\/disciplines\/semaine-des-maths\/2018\/11\/20\/des-universitaires-dans-les-classes-2\/","title":{"rendered":"Des universitaires dans les classes"},"content":{"rendered":"<p>Faites intervenir dans vos classes de coll\u00e8ge ou lyc\u00e9e un chercheur des universit\u00e9s de Bordeaux ou de Pau, de l&#8217;Inria ou du CNRS. C&#8217;est une occasion pr\u00e9cieuse pour parler de math\u00e9matiques actuelles, de la recherche scientifique et, plus g\u00e9n\u00e9ralement des \u00e9tudes sup\u00e9rieures scientifiques et leurs d\u00e9bouch\u00e9s.<\/p>\n<p>Au-del\u00e0 des th\u00e8mes propos\u00e9s ci-dessous, nous vous proposons \u00e9galement <a href=\"https:\/\/ent2d.ac-bordeaux.fr\/disciplines\/semaine-des-maths\/2018\/09\/21\/ateliers-en-primaire-et-en-college\/\">les ateliers de Josiane Lorblanch\u00e9 (IREM)<\/a> adapt\u00e9s pour les \u00e9coles et coll\u00e8ges. Pour ceux qui enseignent dans le Pyr\u00e9n\u00e9es Atlantiques, le <a href=\"https:\/\/mathematicum.univ-pau.fr\/site\/\">Mathematicum de l&#8217;universit\u00e9 de Pau<\/a> pourra vous pr\u00e9senter les math\u00e9matiques sous diff\u00e9rentes formes.<\/p>\n<p>Enfin\u00a0 <strong>nous essaierons de vous aider \u00e0 trouver un intervenant<\/strong>, chercheur, ing\u00e9nieur ou professionnel scientifique (a\u00e9ronautique, robotique, big data&#8230;) <strong>sur le th\u00e8me de votre choix<\/strong>, conform\u00e9ment au projet que vous menez dans votre \u00e9tablissement.<\/p>\n<p>&nbsp;<\/p>\n<p>Pour r\u00e9server l&#8217;une des conf\u00e9rences ci-dessous ou en organiser une sur-mesure, \u00e9crivez \u00e0 <a href=\"mailto:nathalie.martin-ansel@ac-bordeaux.fr\">nathalie.martin-ansel@ac-bordeaux.fr<\/a>.<\/p>\n<h1>Une excursion dans l&#8217;univers des jeux combinatoires<\/h1>\n<p>Les jeux combinatoires sont des jeux de strat\u00e9gie pure \u00e0 deux joueurs, dont les exemples les plus connus sont certainement les jeux de type NIM, ou encore le\u00a0jeu des b\u00e2tonnets de Ford-Boyard.<br \/>\nNous vous proposons de vous faire d\u00e9couvrir cet univers fascinant et quelques-uns des outils\u00a0 math\u00e9matiques mis en jeu en prenant appui sur de nombreux exemples (en lyc\u00e9e) ou<img loading=\"lazy\" decoding=\"async\" class=\"size-full wp-image-3227 alignright\" src=\"https:\/\/ent2d.ac-bordeaux.fr\/disciplines\/semaine-des-maths\/wp-content\/uploads\/sites\/17\/2018\/11\/jeux-combinatoires.png\" alt=\"\" width=\"532\" height=\"182\" srcset=\"https:\/\/ent2d.ac-bordeaux.fr\/disciplines\/semaine-des-maths\/wp-content\/uploads\/sites\/17\/2018\/11\/jeux-combinatoires.png 532w, https:\/\/ent2d.ac-bordeaux.fr\/disciplines\/semaine-des-maths\/wp-content\/uploads\/sites\/17\/2018\/11\/jeux-combinatoires-300x103.png 300w\" sizes=\"auto, (max-width: 532px) 100vw, 532px\" \/>\u00a0en jouant (au coll\u00e8ge).<\/p>\n<ul>\n<li>Public: <strong>Coll\u00e8ge et lyc\u00e9e (le format sera adapt\u00e9)<\/strong><\/li>\n<li>Intervenant: Eric Sopena<\/li>\n<li><strong>Interventions au lyc\u00e9e\u00a0Arnaut Daniel de Rib\u00e9rac (24) le mardi 12 mars,\u00a0 au lyc\u00e9e Les Iris \u00e0 Lormont (33) le jeudi 23 mai de 9h \u00e0 10h (140 \u00e9l\u00e8ves de Premi\u00e8re S), le mardi 9 avril au lyc\u00e9e Jean Monnet de Blanquefort\u00a0 ( 8 secondes) et au lyc\u00e9e de Andernos le 4 juin- <span style=\"color: #ff0000\">COMPLET<\/span><\/strong><\/li>\n<\/ul>\n<h1><\/h1>\n<h1><strong>Addition, soustraction et moyenne de visages, terrain de jeu pour les math\u00e9matiques et l&#8217;intelligence artificielle<\/strong><\/h1>\n<ul>\n<li>Les math\u00e9matiques et l&#8217;intelligence artificielle peuvent-ils apporter une r\u00e9ponse \u00e0 la question de comment additionner ou soustraire des visages ?<br \/>\nLe probl\u00e8me de r\u00e9aliser des op\u00e9rations arithm\u00e9tiques sur des photos de visages a \u00e9t\u00e9 formul\u00e9 d\u00e8s le 19\u00e8me si\u00e8cle par Sir Francis Galton (1822-1911). Cet expos\u00e9 se propose de montrer que les notions usuelles d&#8217;addition et de moyenne ne sont pas bien adapt\u00e9es aux calculs arithm\u00e9tiques sur un ensemble de visages. Partant de ce constat, nous exposerons comment la statistique, les math\u00e9matiques et plus r\u00e9cemment l&#8217;intelligence artificielle peuvent \u00eatre utilis\u00e9s pour contourner cette difficult\u00e9.Cette pr\u00e9sentation sera aussi l\u2019occasion de montrer quelques probl\u00e8mes actuels de recherche en math\u00e9matiques appliqu\u00e9es pour l&#8217;analyse de donn\u00e9es massives.<\/li>\n<li>Public : <strong>Lyc\u00e9e , Premi\u00e8res et terminales S, ES et L<\/strong><\/li>\n<li>Intervenant : J\u00e9r\u00e9mie Bigot<\/li>\n<\/ul>\n<h1><strong>Calcul scientifique et poissons volants<\/strong><\/h1>\n<p>Cet expos\u00e9 pr\u00e9sente les principes de base du calcul scientifique, une branche des math\u00e9matiques appliqu\u00e9es o\u00f9 l&#8217;on r\u00e9alise des simulations num\u00e9riques de ph\u00e9nom\u00e8nes physiques, biologiques, etc. Il sera illustr\u00e9 par diff\u00e9rentes applications, notamment la simulation num\u00e9rique de nage de poissons.<\/p>\n<ul>\n<li>Public : <strong>des \u00e9l\u00e8ves ayant d\u00e9j\u00e0 manipul\u00e9 l\u2019outil num\u00e9rique &#8211; 4\u00e8me, 3\u00e8me, lyc\u00e9e<\/strong><\/li>\n<li>Intervenante : Lisl Weynans<\/li>\n<li><strong>Intervention au lyc\u00e9e Les Iris (Lormont) pour des \u00e9l\u00e8ves de 1S, au lyc\u00e9e Alfred Kastler pour des \u00e9l\u00e8ves de secondes<\/strong><\/li>\n<\/ul>\n<h1><strong>\u00a0<\/strong><strong><a href=\"https:\/\/ent2d.ac-bordeaux.fr\/disciplines\/semaine-des-maths\/wp-content\/uploads\/sites\/17\/2016\/02\/conf%C3%A9rence-zombies.png\" rel=\"attachment wp-att-594\"><img loading=\"lazy\" decoding=\"async\" class=\"wp-image-594 alignright\" src=\"https:\/\/ent2d.ac-bordeaux.fr\/disciplines\/semaine-des-maths\/wp-content\/uploads\/sites\/17\/2016\/02\/conf%C3%A9rence-zombies.png\" alt=\"conf\u00e9rence zombies\" width=\"305\" height=\"167\" \/><\/a>Math\u00e9matiques et apocalypse zombies<\/strong><\/h1>\n<p>Mod\u00e9liser une attaque de zombies et d\u00e9couvrir un champ des math\u00e9matiques qui permet de mod\u00e9liser les propagations d\u00b4\u00e9pid\u00e9mies et l\u00b4\u00e9volution des populations.<br \/>\nUn rapprochement inattendu qui nous fait comprendre l\u00b4importance de l\u00b4application des math\u00e9matiques dans notre soci\u00e9t\u00e9.<br \/>\nSelon le niveau du public, l\u00b4approche peut-\u00eatre all\u00e9g\u00e9e dans son contenu math\u00e9matique.<\/p>\n<ul>\n<li>Public: <strong>Tout public (\u00e0 partir de la 3\u00e8me)<\/strong><\/li>\n<li>Intervenant: Rodolphe Turpault<\/li>\n<li><strong><span style=\"color: #ff0000\">COMPLET:\u00a0<\/span>Interventions en mars au lyc\u00e9e Bernard Palissy (Agen) pour les \u00e9l\u00e8ves de TS, 1S et des \u00e9l\u00e8ves de Seconde volontaires, au lyc\u00e9e polyvalent Jean-Monnet \u00e0 Libourne et au lyc\u00e9e du Mirail (Bordeaux) pour deux secondes le 3 avril.\u00a0<\/strong><\/li>\n<\/ul>\n<h1>Daniel Bernoulli, de l&#8217;inoculation \u00e0 la vaccination<\/h1>\n<p>La \u00ab tribu \u00bb des Bernoulli, prosp\u00e9rant \u00e0 B\u00e2le au XVIIIe si\u00e8cle, est fameuse pour voir fourni 8 math\u00e9maticiens ou physiciens en 3 g\u00e9n\u00e9rations. Apr\u00e8s avoir camp\u00e9 le d\u00e9cor et d\u00e9crit les participants de cette saga, nous nous int\u00e9resserons au travail de Daniel Bernoulli sur la survie des populations menac\u00e9es par la variole (dite \u00ab petite v\u00e9role \u00bb), la plus terrible maladie de cette \u00e9poque apr\u00e8s la peste (mais beaucoup plus commune que celle-ci). C&#8217;est aussi l&#8217;\u00e9poque o\u00f9 l&#8217;immunisation contre la maladie commence \u00e0 se pratiquer, non au moyen de la vaccination mais de son anc\u00eatre, l&#8217;inoculation. On a peine \u00e0 imaginer aujourd&#8217;hui une telle pratique m\u00e9dicale, qui se soldait par une issue fatale pour 0,5% des personnes inocul\u00e9es ! C&#8217;est pourtant dans un tel contexte que Daniel Bernoulli put mettre sur pied une mod\u00e9lisation du taux de d\u00e9c\u00e8s suite \u00e0 la variole ou \u00e0 l&#8217;inoculation, et justifier la pratique controvers\u00e9e en raison de son int\u00e9r\u00eat pour la soci\u00e9t\u00e9 dans son ensemble. Le texte de Bernoulli est tout \u00e0 fait lisible par les \u00e9l\u00e8ves, et n&#8217;emploie que des notions du niveau lyc\u00e9e comme les suites g\u00e9om\u00e9triques et les exponentielles (on \u00e9vitera autant que possible de parler de logarithmes).<\/p>\n<ul>\n<li>Public: <strong>premi\u00e8res et terminales S, STI2D, STL, ST2S<\/strong><\/li>\n<li>Intervenant: Robet Cabane<\/li>\n<li><strong>Intervention en TSTI2D au lyc\u00e9e Les Iris de Lormont (33)\u00a0jeudi 16 mai de 10h \u00e0 12h et au lyc\u00e9e de Andernos pour les 1S et TS (d\u00e9but avril)- <span style=\"color: #ff0000\">COMPLET<\/span><\/strong><\/li>\n<\/ul>\n<h1>Le dialogue entre Socrate et un esclave, ou de la v\u00e9rit\u00e9 en math\u00e9matiques (cycle 4)<\/h1>\n<p>Le M\u00e9non est un trait\u00e9 de philosophie \u00e9crit par Platon, sous la forme de dialogues entre Socrate et plusieurs de ses disciplines ou partenaires, dont M\u00e9non qui a donn\u00e9 son nom comme titre de l&#8217;ouvrage. Au milieu de ce texte appara\u00eet une discussion math\u00e9matique entre Socrate et un jeune esclave, tournant essentiellement autour du probl\u00e8me de la \u00ab duplication du carr\u00e9 \u00bb, c&#8217;est-\u00e0-dire de la construction d&#8217;un carr\u00e9 d&#8217;aire 8 en partant d&#8217;un carr\u00e9 d&#8217;aire 4 (unit\u00e9s d&#8217;aire). Ce dialogue, qui sera rejou\u00e9 avec trois partenaires (Socrate, M\u00e9non et l&#8217;esclave), nous renseigne assez pr\u00e9cis\u00e9ment sur le style des math\u00e9matiques pratiqu\u00e9es \u00e0 l&#8217;\u00e9poque de la Gr\u00e8ce \u00ab classique \u00bb, et sur la fa\u00e7on dont on pensait parvenir \u00e0 des v\u00e9rit\u00e9s math\u00e9matiques \u00e0 cette \u00e9poque. Le probl\u00e8me de la duplication du carr\u00e9 nous am\u00e8nera \u00e0 parler de Pythagore, bien s\u00fbr, mais aussi de la duplication du cube, des travaux d&#8217;Euclide et des axiomes en g\u00e9n\u00e9ral. La conf\u00e9rence am\u00e8nera ainsi \u00e0 s&#8217;interroger sur ce qui \u00ab fait \u00bb la v\u00e9rit\u00e9 en math\u00e9matiques, et d&#8217;o\u00f9 cette v\u00e9rit\u00e9 si ch\u00e8re peut provenir.<\/p>\n<ul>\n<li>Public: <strong>cycle 4<\/strong><\/li>\n<li>Intervenant: Robet Cabane<\/li>\n<li><strong>Intervention au coll\u00e8ge de Montpon (24) pour une classe de 4\u00e8me &#8211; <span style=\"color: #ff0000\">COMPLET<\/span><\/strong><\/li>\n<\/ul>\n<h1>Maths et design, une rencontre faite d&#8217;exactitude et d&#8217;approximations<\/h1>\n<p>Sans que l&#8217;on s&#8217;en rende bien compte, la plupart des objets et monuments qui nous entourent exhibent de nombreuses formes et relations math\u00e9matiques, soit par un choix d\u00e9lib\u00e9r\u00e9 du concepteur, soit parce que nous avons tous ces formes dans notre culture artistique et esth\u00e9tique. La conf\u00e9rence s&#8217;appuiera sur une s\u00e9rie d&#8217;exemples, allant de l&#8217;architecture de la Gr\u00e8ce antique aux objets de design r\u00e9cents comme la voiture dite \u00ab New Beetle \u00bb, le tabouret dit \u00ab Tam tam \u00bb ou le Centre Pompidou de Metz, en passant par les productions du d\u00e9but du XXe si\u00e8cle (Art nouveau, art moderne, Bauhaus). La confrontation des objets et de leurs mod\u00e8les montrera une s\u00e9rie d&#8217;inexactitudes qui ne proc\u00e8dent sans doute pas de l&#8217;erreur mais de la cr\u00e9ativit\u00e9 des designers et architectes.<\/p>\n<ul>\n<li>Public: <strong>premi\u00e8res et terminales STD2A, STI2D<\/strong><\/li>\n<li>Intervenant: Robet Cabane<\/li>\n<li><strong>Intervention au lyc\u00e9e Magendie, (Bordeaux ) d\u00e9but avril pour les classe de Premi\u00e8re et Terminale STI2D. <span style=\"color: #ff0000\">COMPLET<\/span><\/strong><\/li>\n<\/ul>\n<h1><strong>Des codes pour compresser des fichiers<\/strong><\/h1>\n<p>Comment un ordinateur peut-il compresser des fichiers, et faire en sorte qu&#8217;on retrouve le fichier d&#8217;origine \u00e0 la fin?<br \/>\nOn verra que l&#8217;on utilise pour cela des codes binaires (avec uniquement des 0 et des 1) bien choisis, et on construira ensemble de tels codes.<\/p>\n<ul>\n<li>Public: <strong>3\u00e8me et lyc\u00e9e<\/strong><\/li>\n<li>Intervenante: Marie-Line Chabanol<\/li>\n<li><strong>Intervention le 6 f\u00e9vrier au lyc\u00e9e Victor Louis pour deux TS et les \u00e9l\u00e8ves du Club maths et\u00a0le mardi 9 avril au lyc\u00e9e Jean Monnet de Blanquefort\u00a0 ( 8 secondes).\u00a0<span style=\"color: #ff0000\">COMPLET<\/span><\/strong><\/li>\n<\/ul>\n<h1><strong>Des codes pour corriger des erreurs<br \/>\n<\/strong><\/h1>\n<p>Les CD ont une dur\u00e9e de vie assez longue, pourtant on pourrait se dire que l&#8217;information stock\u00e9e dessus pourrait s&#8217;abimer assez vite. De m\u00eame, nos ordinateurs sont tr\u00e8s fiables, alors qu&#8217;on pourrait se dire que la moindre poussi\u00e8re, le moindre choc pourrait modifier les fichier. Nos mails arrivent sans probleme, alors qu&#8217;ils parcourent de grandes distances&#8230;<br \/>\nUn principe important est celui des codes correcteurs d&#8217;erreurs : on a des algorithmes qui permettent de corriger automatiquement des erreurs, s&#8217;il n&#8217;y en a pas trop.<br \/>\nOn verra des exemples de certains de ces codes, et on comprendra sur quel principe ils sont bas\u00e9s.<\/p>\n<ul>\n<li style=\"list-style-type: none\">\n<ul>\n<li style=\"list-style-type: none\">\n<ul>\n<li>Public: <strong>Premi\u00e8re S et Terminale S<\/strong><\/li>\n<li>Intervenante: Marie-Line Chabanol &#8211;\u00a0<strong><span style=\"color: #ff0000\">COMPLET<\/span><\/strong><\/li>\n<\/ul>\n<\/li>\n<\/ul>\n<\/li>\n<\/ul>\n<h1><strong>Autour de la cryptographie<\/strong><\/h1>\n<p>La cryptographie est partout autour de nous (cartes bleues, paiement \u00e9lectronique&#8230;), mais savez-vous que sous sa forme moderne elle fait appel \u00e0 des r\u00e9sultats r\u00e9cents d&#8217;arithm\u00e9tique ? Cet expos\u00e9 tr\u00e8s interactif pr\u00e9sente\u00a0 ce domaine en plein expansion comme un voyage historique, en commen\u00e7ant par les scytales grecques pour aller jusqu&#8217;au chiffrage RSA, en passant par la machine Enigma.<\/p>\n<ul>\n<li style=\"list-style-type: none\">\n<ul>\n<li style=\"list-style-type: none\">\n<ul>\n<li>Public:\u00a0 <strong>4\u00e8me,\u00a03\u00e8me et lyc\u00e9e<\/strong><\/li>\n<li>Intervenant: Jean-Jacques Ruch<\/li>\n<li><strong><strong><strong><span style=\"color: #ff0000\">COMPLET:<\/span> Interventions au Lyc\u00e9e Sans Fronti\u00e8re \u00e0 Pessac,\u00a0 au coll\u00e8ge Jean Zay de Cenon le mardi 12 mars, au lyc\u00e9e Montesquieu de Libourne,<\/strong><\/strong><\/strong><strong><strong>\u00a0au coll\u00e8ge Ali\u00e9nor d&#8217;Aquitaine \u00e0 Martignas sur Jalle et au coll\u00e8ge Chamb\u00e9ry de Villenave d\u00b4Ornon.<\/strong><\/strong><\/li>\n<\/ul>\n<\/li>\n<\/ul>\n<\/li>\n<\/ul>\n<h1><strong>Des\u00a0nombres r\u00e9els aux nombres surr\u00e9els<\/strong><\/h1>\n<p>Comment peut-on faire du calcul avec les nombres non seulement finis mais aussi infinis ? Y a-t-il des nombres pour mesurer les fonctions ? Peut-on d\u00e9river ou composer des nombres ?<br \/>\nRepartant des fondements \u00e9l\u00e9mentaires m\u00eames des math\u00e9matiques, John H. Conway dans les ann\u00e9es 1970 a revisit\u00e9 et g\u00e9n\u00e9ralis\u00e9 la notion de nombre. A sa suite, nous avons pu englober au sein d&#8217;une m\u00eame structure &#8211; les nombres &#8220;surr\u00e9els&#8221; &#8211;\u00a0 des objets math\u00e9matiques aussi divers que:<\/p>\n<ul>\n<li style=\"list-style-type: none\">\n<ul>\n<li style=\"list-style-type: none\">\n<ul>\n<li>certains ensembles ordonn\u00e9s finis ou infinis, notamment les nombres r\u00e9els usuels (logique math\u00e9matique) ;<\/li>\n<li>des suites ou des graphes binaires de longueurs arbitraires (combinatoire) ;<\/li>\n<li>les fonctions r\u00e9elles non oscillantes (analyse math\u00e9matique).<\/li>\n<\/ul>\n<\/li>\n<\/ul>\n<\/li>\n<\/ul>\n<p>De nos jours, des chercheurs continuent de d\u00e9couvrir de nouvelles et riches propri\u00e9t\u00e9s de ces nombres universels selon chacune de ces trois approches. L&#8217;objet de cette intervention est une initiation aux nombres surr\u00e9els, \u00e0 partir d&#8217;exemples, et en direction de leurs diff\u00e9rents aspects.<\/p>\n<ul>\n<li style=\"list-style-type: none\">\n<ul>\n<li style=\"list-style-type: none\">\n<ul>\n<li>Public:\u00a0<strong>Premi\u00e8re S ou Terminale S<\/strong><\/li>\n<li>Intervenant: Micka\u00ebl Matusinski<\/li>\n<\/ul>\n<\/li>\n<\/ul>\n<\/li>\n<\/ul>\n<h1><strong>Le calcul aux jetons<\/strong><\/h1>\n<p>Le calcul aux jetons a constitu\u00e9 en Occident latin, pendant plus de deux mill\u00e9naires, notre mode de calcul pour les besoins du commerce et de la comptabilit\u00e9 publique ou priv\u00e9e. Il repose sur l\u2019utilisation de l\u2019abaque dont les premi\u00e8res traces ont \u00e9t\u00e9 d\u00e9couvertes lors de fouilles arch\u00e9ologiques en Gr\u00e8ce et en Italie. L\u2019objectif de cette conf\u00e9rence est de pr\u00e9senter cette longue histoire du calcul aux jetons depuis l\u2019antiquit\u00e9, de rappeler le r\u00f4le important qu\u2019il a jou\u00e9 au moyen \u00e2ge et jusqu\u2019\u00e0 la fin du XVIII\u00e8me si\u00e8cle et l\u2019int\u00e9r\u00eat qu\u2019il suscite de nouveau aujourd\u2019hui, quand il est introduit dans les programmes scolaires, en vue de faciliter l\u2019apprentissage de la num\u00e9ration et du calcul. Des jetons anciens du Moyen Age seront expos\u00e9s avec quelques documents.<\/p>\n<ul>\n<li style=\"list-style-type: none\">\n<ul>\n<li style=\"list-style-type: none\">\n<ul>\n<li>Public: <strong>Classes de 3\u00e8mes<\/strong><\/li>\n<li>Intervenant: Michel Mouyssinat<\/li>\n<li><strong>Intervention au coll\u00e8ge Max LINDER \u00e0 Saint-Loub\u00e8s (33) pour deux classes de 3\u00e8me.\u00a0<span style=\"color: #ff0000\">COMPLET<\/span><\/strong><\/li>\n<\/ul>\n<\/li>\n<\/ul>\n<\/li>\n<\/ul>\n<h1><strong>Au commencement \u00e9tait l\u2019algorithme ou l\u2019ordinateur r\u00e9invent\u00e9\u00a0<\/strong><\/h1>\n<p>Cet expos\u00e9 pr\u00e9sente quelques grandes \u00e9tapes et les personnalit\u00e9s \u2014 scientifiques et inventeurs \u2014 qui ont profond\u00e9ment marqu\u00e9 l\u2019histoire du calcul et de l\u2019informatique depuis l\u2019Antiquit\u00e9 jusqu\u2019\u00e0 l\u2019arriv\u00e9e des premiers ordinateurs.<br \/>\nEn s\u2019attachant beaucoup plus aux concepts qu\u2019aux r\u00e9alisations techniques, on montre, en faisant r\u00e9f\u00e9rence \u00e0 la notion fondamentale d\u2019algorithme, l\u2019\u00e9volution des instruments et machines \u00e0 calculer, et comment on peut, en d\u00e9finissant ses principes de fonctionnement, r\u00e9inventer l\u2019ordinateur.<\/p>\n<ul>\n<li style=\"list-style-type: none\">\n<ul>\n<li style=\"list-style-type: none\">\n<ul>\n<li>Public: <strong>Premi\u00e8res et Terminales<\/strong><\/li>\n<li>Intervenant: Michel Mouyssinat-\u00a0<strong><span style=\"color: #ff0000\">COMPLET<\/span><\/strong><\/li>\n<\/ul>\n<\/li>\n<\/ul>\n<\/li>\n<\/ul>\n<h1><strong>Petite histoire de l\u00b4intelligence artificielle<\/strong><\/h1>\n<p>L\u2019Intelligence Artificielle (IA) est aujourd\u2019hui\u00a0\u00a0au c\u0153ur de nombreux d\u00e9bats. Une machine cr\u00e9\u00e9e par l\u2019homme est-elle capable de penser\u00a0? De nombreux mythes et l\u00e9gendes, et la science-fiction, ont depuis tr\u00e8s longtemps soulev\u00e9 cette question. Cette conf\u00e9rence pr\u00e9sente les \u00e9tapes d\u00e9cisives de l\u2019\u00e9volution technologique des machines et les grandes id\u00e9es et travaux scientifiques qui les ont accompagn\u00e9es. Parmi les personnalit\u00e9s scientifiques auxquelles il sera fait r\u00e9f\u00e9rence, Alan Turing, math\u00e9maticien anglais, c\u00e9l\u00e8bre pour avoir cass\u00e9 le code de la fameuse machine allemande ENIGMA pendant la deuxi\u00e8me guerre mondiale, sera pr\u00e9sent\u00e9 comme le pionnier de l\u2019IA, en 1950.<\/p>\n<ul>\n<li style=\"list-style-type: none\">\n<ul>\n<li style=\"list-style-type: none\">\n<ul>\n<li>Public: <strong>Premi\u00e8res et Terminales<\/strong><\/li>\n<li>Intervenant: Michel Mouyssinat<\/li>\n<li><strong>Intervention au lyc\u00e9e Paul Rey, Nay (64), au lyc\u00e9e Jean Monnet de Libourne (33)-\u00a0<span style=\"color: #ff0000\">COMPLET<\/span><\/strong><\/li>\n<\/ul>\n<\/li>\n<\/ul>\n<\/li>\n<\/ul>\n<h1><b>Homo Calculus, l&#8217;histoire du calcul et de l&#8217;informatique<\/b><\/h1>\n<p>Cette conf\u00e9rence pr\u00e9sente les grandes \u00e9tapes qui ont marqu\u00e9 l\u2019\u00e9volution des moyens de calcul, depuis les premiers instruments, jusqu\u2019aux ordinateurs, avec un regard sur la situation actuelle. Les \u00e9l\u00e8ves auront \u00e0 r\u00e9pondre \u00e0 quelques questions simples, en visitant au pr\u00e9alable le site homo calculus facilement accessible\u00a0<a href=\"http:\/\/irem.univ-reunion.fr\/homocalculus\/Data\/menu\/index.htm\">\u00a0sur la page de l\u00b4IREM de la R\u00e9union.<\/a><\/p>\n<ul>\n<li style=\"list-style-type: none\">\n<ul>\n<li style=\"list-style-type: none\">\n<ul>\n<li>Public: <strong>Tout public (\u00e0 partir de la 3\u00e8me)<\/strong><\/li>\n<li>Intervenant: Michel Mouyssinat<\/li>\n<li><strong><span style=\"color: #ff0000\">COMPLET: <span style=\"color: #000000\">Intervention au coll\u00e8ge de Cr\u00e9on pour 7 classes de 3\u00e8me le 11 mars,\u00a0 au coll\u00e8ge Jean Rostand (Casteljaloux, 47) le vendredi 15 mars, au coll\u00e8ge de Montpon (24) pour une classe de 5\u00e8me et le club maths du coll\u00e8ge, et \u00e0 la cit\u00e9 scolaire de Marmande (date \u00e0 d\u00e9finir).<\/span><\/span><\/strong><\/li>\n<\/ul>\n<\/li>\n<\/ul>\n<\/li>\n<\/ul>\n<h1><strong>La course d&#8217;orientation: un probl\u00e8me NP-difficile<\/strong><\/h1>\n<p>Dans une course d\u2019orientation, la premi\u00e8re difficult\u00e9 vient de la lecture de la carte et de l\u2019utilisation de la boussole. Mais lorsque l\u2019ordre des balises \u00e0 r\u00e9cup\u00e9rer n\u2019est pas fix\u00e9 \u00e0 l\u2019avance, trouver l\u2019ordre de collecte optimal peut s\u2019av\u00e9rer \u00eatre une difficult\u00e9 bien plus importante. Ce type de probl\u00e8mes va bien au-del\u00e0 de la course d\u2019orientation et assez embl\u00e9matique des questions qui animent une partie de la recherche en informatique. Dans cet expos\u00e9 ludique, nous toucherons du doigt la difficult\u00e9 du probl\u00e8me, puis nous verrons quels sont les diff\u00e9rents moyens de calculer (plus ou moins rapidement) de \u00ab\u00a0bons\u00a0\u00bb parcours.<\/p>\n<ul>\n<li style=\"list-style-type: none\">\n<ul>\n<li>Public : <strong>Premi\u00e8res et terminales S<\/strong><\/li>\n<li>Intervenant : Nicolas Bonichon<\/li>\n<li><strong><span style=\"color: #ff0000\">COMPLET-\u00a0<\/span>5 Interventions\u00a0\u00a0programm\u00e9es au lyc\u00e9e Alfred Kastler (Talence, 33) pour cinq 1\u00e8reS<\/strong><\/li>\n<\/ul>\n<\/li>\n<\/ul>\n<div><\/div>\n<div>\n<h1><strong>\u00c0 quoi servent les math\u00e9matiques?<\/strong><\/h1>\n<\/div>\n<div>Les math\u00e9matiques et leurs applications, voil\u00e0 ce que l\u2019on souhaite montrer, en allant des antennes fractales aux valves cardiaques artificielles, du contr\u00f4le des \u00e9pid\u00e9mies \u00e0 la meilleure mani\u00e8re de vider un stade de football ; les math\u00e9matiques fa\u00e7onnent le monde et sont la r\u00e9volution du 21\u00e8me si\u00e8cle. De la main de l\u2019informatique \u00e0 celle de la biologie, nous cherchons \u00e0 r\u00e9fl\u00e9chir sur les diff\u00e9rents chemins que l\u2019humanit\u00e9 pourraient emprunter.<\/div>\n<ul>\n<li>Public : <strong>\u00c0 partir de la 3\u00e8me<\/strong><\/li>\n<li>Intervenant : Mario Veruete<\/li>\n<li><strong>Interventions au lyc\u00e9e Victor Louis (Talence, 33) le mardi 26 mars pour les \u00e9l\u00e8ves volontaires, et le mercredi 27 mars pour ceux du club math.\u00a0<\/strong><\/li>\n<\/ul>\n<p><img loading=\"lazy\" decoding=\"async\" class=\"wp-image-3875 aligncenter\" src=\"https:\/\/ent2d.ac-bordeaux.fr\/disciplines\/semaine-des-maths\/wp-content\/uploads\/sites\/17\/2018\/11\/DSC_0512.jpg\" alt=\"\" width=\"443\" height=\"204\" srcset=\"https:\/\/ent2d.ac-bordeaux.fr\/disciplines\/semaine-des-maths\/wp-content\/uploads\/sites\/17\/2018\/11\/DSC_0512.jpg 2129w, https:\/\/ent2d.ac-bordeaux.fr\/disciplines\/semaine-des-maths\/wp-content\/uploads\/sites\/17\/2018\/11\/DSC_0512-300x138.jpg 300w, https:\/\/ent2d.ac-bordeaux.fr\/disciplines\/semaine-des-maths\/wp-content\/uploads\/sites\/17\/2018\/11\/DSC_0512-768x354.jpg 768w, https:\/\/ent2d.ac-bordeaux.fr\/disciplines\/semaine-des-maths\/wp-content\/uploads\/sites\/17\/2018\/11\/DSC_0512-1024x471.jpg 1024w\" sizes=\"auto, (max-width: 443px) 100vw, 443px\" \/><\/p>\n<div><\/div>\n","protected":false},"excerpt":{"rendered":"<p>Faites intervenir dans vos classes de coll\u00e8ge ou lyc\u00e9e un chercheur des universit\u00e9s de Bordeaux ou de Pau, de l&#8217;Inria ou du CNRS. C&#8217;est une occasion pr\u00e9cieuse pour parler de math\u00e9matiques actuelles, de la recherche scientifique et, plus g\u00e9n\u00e9ralement des \u00e9tudes sup\u00e9rieures scientifiques et leurs d\u00e9bouch\u00e9s. Au-del\u00e0 des th\u00e8mes propos\u00e9s ci-dessous, nous vous proposons \u00e9galement &hellip; <\/p>\n<p><a class=\"more-link btn\" href=\"https:\/\/ent2d.ac-bordeaux.fr\/disciplines\/semaine-des-maths\/2018\/11\/20\/des-universitaires-dans-les-classes-2\/\">Lire la suite<\/a><\/p>\n","protected":false},"author":64,"featured_media":594,"comment_status":"closed","ping_status":"closed","sticky":false,"template":"","format":"standard","meta":{"footnotes":""},"categories":[27,34],"tags":[],"class_list":["post-3220","post","type-post","status-publish","format-standard","has-post-thumbnail","hentry","category-annee-2019","category-offre-danimations","nodate","item-wrap"],"_links":{"self":[{"href":"https:\/\/ent2d.ac-bordeaux.fr\/disciplines\/semaine-des-maths\/wp-json\/wp\/v2\/posts\/3220","targetHints":{"allow":["GET"]}}],"collection":[{"href":"https:\/\/ent2d.ac-bordeaux.fr\/disciplines\/semaine-des-maths\/wp-json\/wp\/v2\/posts"}],"about":[{"href":"https:\/\/ent2d.ac-bordeaux.fr\/disciplines\/semaine-des-maths\/wp-json\/wp\/v2\/types\/post"}],"author":[{"embeddable":true,"href":"https:\/\/ent2d.ac-bordeaux.fr\/disciplines\/semaine-des-maths\/wp-json\/wp\/v2\/users\/64"}],"replies":[{"embeddable":true,"href":"https:\/\/ent2d.ac-bordeaux.fr\/disciplines\/semaine-des-maths\/wp-json\/wp\/v2\/comments?post=3220"}],"version-history":[{"count":76,"href":"https:\/\/ent2d.ac-bordeaux.fr\/disciplines\/semaine-des-maths\/wp-json\/wp\/v2\/posts\/3220\/revisions"}],"predecessor-version":[{"id":5797,"href":"https:\/\/ent2d.ac-bordeaux.fr\/disciplines\/semaine-des-maths\/wp-json\/wp\/v2\/posts\/3220\/revisions\/5797"}],"wp:featuredmedia":[{"embeddable":true,"href":"https:\/\/ent2d.ac-bordeaux.fr\/disciplines\/semaine-des-maths\/wp-json\/wp\/v2\/media\/594"}],"wp:attachment":[{"href":"https:\/\/ent2d.ac-bordeaux.fr\/disciplines\/semaine-des-maths\/wp-json\/wp\/v2\/media?parent=3220"}],"wp:term":[{"taxonomy":"category","embeddable":true,"href":"https:\/\/ent2d.ac-bordeaux.fr\/disciplines\/semaine-des-maths\/wp-json\/wp\/v2\/categories?post=3220"},{"taxonomy":"post_tag","embeddable":true,"href":"https:\/\/ent2d.ac-bordeaux.fr\/disciplines\/semaine-des-maths\/wp-json\/wp\/v2\/tags?post=3220"}],"curies":[{"name":"wp","href":"https:\/\/api.w.org\/{rel}","templated":true}]}}